{"id":993,"date":"2022-06-12T23:23:43","date_gmt":"2022-06-12T23:23:43","guid":{"rendered":"https:\/\/aeroclubparana.org.ar\/web\/?p=993"},"modified":"2022-06-12T23:27:56","modified_gmt":"2022-06-12T23:27:56","slug":"finalizaron-las-charlas-taller-sobre-introduccion-a-la-navegacion-aerea","status":"publish","type":"post","link":"https:\/\/aeroclubparana.org.ar\/web\/index.php\/2022\/06\/12\/finalizaron-las-charlas-taller-sobre-introduccion-a-la-navegacion-aerea\/","title":{"rendered":"Finalizaron las Charlas\/Taller sobre \u00abIntroducci\u00f3n a la Navegaci\u00f3n A\u00e9rea\u00bb."},"content":{"rendered":"\n<p class=\"has-black-color has-text-color\">Durante los d\u00edas S\u00e1bados 4 y 11\/06, se llevaron adelantes las clases te\u00f3ricas sobre el tema \u00abIntroducci\u00f3n a la Navegaci\u00f3n A\u00e9rea\u00bb, a cargo del Cmte. Rub\u00e9n Franceschini, y que tuvo la particuaridad de haber sido enfocada en esta primera parte, a los Alumnos\/as, de nuestra Escuela de Vuelo. Todo aprendizaje complementario a lo ense\u00f1ado por cada uno de nuestros IIVV, no s\u00f3lo reafirma los conocimientos, sino que tambien en un ambiente de camarader\u00eda extienden y ampl\u00edan el entendimiento m\u00e1s all\u00e1 de la cabina de vuelo.<\/p>\n\n\n\n<p class=\"has-black-color has-text-color\">La asimilaci\u00f3n de los distintos temas propios e inherentes a nuestra actividad, nos encamina a una operaci\u00f3n m\u00e1s segura de nuestros recursos, pero fundamentalmente a generar buenas pr\u00e1cticas para generar pr\u00e1cticas seguras y de ah\u00ed es que propiciamos estos talleres para desarrollar distintos temas, con el acompa\u00f1amiento de los profesionales que con total generosidad, se ofrecen para colaborar con el funcionamiento de nuestra Escuela.<\/p>\n\n\n\n<p class=\"has-black-color has-text-color\">Muchas gracias a los que se interesaron y participaron en este nuevo Taller. Es compromiso de nuestro CIAC y por supuesto de la CD, continuar con esta modalidad con el acompa\u00f1amiento de todos quienes quieran participar.<\/p>\n\n\n\n<figure class=\"wp-block-gallery aligncenter has-nested-images columns-default is-cropped wp-block-gallery-1 is-layout-flex wp-block-gallery-is-layout-flex\">\n<figure class=\"wp-block-image size-large\"><a href=\"https:\/\/aeroclubparana.org.ar\/web\/wp-content\/uploads\/2022\/06\/NAV_1.jpeg\"><img loading=\"lazy\" decoding=\"async\" width=\"540\" height=\"960\" data-id=\"994\" src=\"https:\/\/aeroclubparana.org.ar\/web\/wp-content\/uploads\/2022\/06\/NAV_1.jpeg\" alt=\"\" class=\"wp-image-994\" srcset=\"https:\/\/aeroclubparana.org.ar\/web\/wp-content\/uploads\/2022\/06\/NAV_1.jpeg 540w, https:\/\/aeroclubparana.org.ar\/web\/wp-content\/uploads\/2022\/06\/NAV_1-169x300.jpeg 169w\" sizes=\"auto, (max-width: 540px) 100vw, 540px\" \/><\/a><\/figure>\n\n\n\n<figure class=\"wp-block-image size-large\"><a href=\"https:\/\/aeroclubparana.org.ar\/web\/wp-content\/uploads\/2022\/06\/NAV_2.jpeg\"><img loading=\"lazy\" decoding=\"async\" width=\"1024\" height=\"576\" data-id=\"995\" src=\"https:\/\/aeroclubparana.org.ar\/web\/wp-content\/uploads\/2022\/06\/NAV_2-1024x576.jpeg\" alt=\"\" class=\"wp-image-995\" srcset=\"https:\/\/aeroclubparana.org.ar\/web\/wp-content\/uploads\/2022\/06\/NAV_2-1024x576.jpeg 1024w, https:\/\/aeroclubparana.org.ar\/web\/wp-content\/uploads\/2022\/06\/NAV_2-300x169.jpeg 300w, https:\/\/aeroclubparana.org.ar\/web\/wp-content\/uploads\/2022\/06\/NAV_2-768x432.jpeg 768w, https:\/\/aeroclubparana.org.ar\/web\/wp-content\/uploads\/2022\/06\/NAV_2-1536x864.jpeg 1536w, https:\/\/aeroclubparana.org.ar\/web\/wp-content\/uploads\/2022\/06\/NAV_2-1080x608.jpeg 1080w, https:\/\/aeroclubparana.org.ar\/web\/wp-content\/uploads\/2022\/06\/NAV_2.jpeg 1600w\" sizes=\"auto, (max-width: 1024px) 100vw, 1024px\" \/><\/a><\/figure>\n\n\n\n<figure class=\"wp-block-image size-large\"><a href=\"https:\/\/aeroclubparana.org.ar\/web\/wp-content\/uploads\/2022\/06\/nav_4.jpeg\"><img loading=\"lazy\" decoding=\"async\" width=\"1024\" height=\"768\" data-id=\"997\" src=\"https:\/\/aeroclubparana.org.ar\/web\/wp-content\/uploads\/2022\/06\/nav_4-1024x768.jpeg\" alt=\"\" class=\"wp-image-997\" srcset=\"https:\/\/aeroclubparana.org.ar\/web\/wp-content\/uploads\/2022\/06\/nav_4-1024x768.jpeg 1024w, https:\/\/aeroclubparana.org.ar\/web\/wp-content\/uploads\/2022\/06\/nav_4-300x225.jpeg 300w, https:\/\/aeroclubparana.org.ar\/web\/wp-content\/uploads\/2022\/06\/nav_4-768x576.jpeg 768w, https:\/\/aeroclubparana.org.ar\/web\/wp-content\/uploads\/2022\/06\/nav_4-1536x1152.jpeg 1536w, https:\/\/aeroclubparana.org.ar\/web\/wp-content\/uploads\/2022\/06\/nav_4-1080x810.jpeg 1080w, https:\/\/aeroclubparana.org.ar\/web\/wp-content\/uploads\/2022\/06\/nav_4.jpeg 1600w\" sizes=\"auto, (max-width: 1024px) 100vw, 1024px\" \/><\/a><\/figure>\n\n\n\n<figure class=\"wp-block-image size-large\"><a href=\"https:\/\/aeroclubparana.org.ar\/web\/wp-content\/uploads\/2022\/06\/nav_5.jpeg\"><img loading=\"lazy\" decoding=\"async\" width=\"1024\" height=\"768\" data-id=\"998\" src=\"https:\/\/aeroclubparana.org.ar\/web\/wp-content\/uploads\/2022\/06\/nav_5-1024x768.jpeg\" alt=\"\" class=\"wp-image-998\" srcset=\"https:\/\/aeroclubparana.org.ar\/web\/wp-content\/uploads\/2022\/06\/nav_5-1024x768.jpeg 1024w, https:\/\/aeroclubparana.org.ar\/web\/wp-content\/uploads\/2022\/06\/nav_5-300x225.jpeg 300w, https:\/\/aeroclubparana.org.ar\/web\/wp-content\/uploads\/2022\/06\/nav_5-768x576.jpeg 768w, https:\/\/aeroclubparana.org.ar\/web\/wp-content\/uploads\/2022\/06\/nav_5-1536x1152.jpeg 1536w, https:\/\/aeroclubparana.org.ar\/web\/wp-content\/uploads\/2022\/06\/nav_5-1080x810.jpeg 1080w, https:\/\/aeroclubparana.org.ar\/web\/wp-content\/uploads\/2022\/06\/nav_5.jpeg 1600w\" sizes=\"auto, (max-width: 1024px) 100vw, 1024px\" \/><\/a><\/figure>\n\n\n\n<figure class=\"wp-block-image size-large\"><a href=\"https:\/\/aeroclubparana.org.ar\/web\/wp-content\/uploads\/2022\/06\/nav_6.jpeg\"><img loading=\"lazy\" decoding=\"async\" width=\"1024\" height=\"768\" data-id=\"996\" src=\"https:\/\/aeroclubparana.org.ar\/web\/wp-content\/uploads\/2022\/06\/nav_6-1024x768.jpeg\" alt=\"\" class=\"wp-image-996\" srcset=\"https:\/\/aeroclubparana.org.ar\/web\/wp-content\/uploads\/2022\/06\/nav_6-1024x768.jpeg 1024w, https:\/\/aeroclubparana.org.ar\/web\/wp-content\/uploads\/2022\/06\/nav_6-300x225.jpeg 300w, https:\/\/aeroclubparana.org.ar\/web\/wp-content\/uploads\/2022\/06\/nav_6-768x576.jpeg 768w, https:\/\/aeroclubparana.org.ar\/web\/wp-content\/uploads\/2022\/06\/nav_6-1536x1152.jpeg 1536w, https:\/\/aeroclubparana.org.ar\/web\/wp-content\/uploads\/2022\/06\/nav_6-1080x810.jpeg 1080w, https:\/\/aeroclubparana.org.ar\/web\/wp-content\/uploads\/2022\/06\/nav_6.jpeg 1600w\" sizes=\"auto, (max-width: 1024px) 100vw, 1024px\" \/><\/a><\/figure>\n<\/figure>\n","protected":false},"excerpt":{"rendered":"<p>Durante los d\u00edas S\u00e1bados 4 y 11\/06, se llevaron adelantes las clases te\u00f3ricas sobre el tema \u00abIntroducci\u00f3n a la Navegaci\u00f3n A\u00e9rea\u00bb, a cargo del Cmte. Rub\u00e9n Franceschini, y que tuvo la particuaridad de haber sido enfocada en esta primera parte, a los Alumnos\/as, de nuestra Escuela de Vuelo. Todo aprendizaje complementario a lo ense\u00f1ado por [&hellip;]<\/p>\n","protected":false},"author":2,"featured_media":1002,"comment_status":"open","ping_status":"open","sticky":false,"template":"","format":"standard","meta":{"_et_pb_use_builder":"","_et_pb_old_content":"","_et_gb_content_width":"","footnotes":""},"categories":[1],"tags":[],"class_list":["post-993","post","type-post","status-publish","format-standard","has-post-thumbnail","hentry","category-uncategorized","et-has-post-format-content","et_post_format-et-post-format-standard"],"yoast_head":"<!-- This site is optimized with the Yoast SEO plugin v22.8 - https:\/\/yoast.com\/wordpress\/plugins\/seo\/ -->\n<title>Finalizaron las Charlas\/Taller sobre &quot;Introducci\u00f3n a la Navegaci\u00f3n A\u00e9rea&quot;. - Aeroclub Ciudad de Paran\u00e1<\/title>\n<meta name=\"robots\" content=\"index, follow, max-snippet:-1, max-image-preview:large, max-video-preview:-1\" \/>\n<link rel=\"canonical\" href=\"https:\/\/aeroclubparana.org.ar\/web\/index.php\/2022\/06\/12\/finalizaron-las-charlas-taller-sobre-introduccion-a-la-navegacion-aerea\/\" \/>\n<meta property=\"og:locale\" content=\"es_ES\" \/>\n<meta property=\"og:type\" content=\"article\" \/>\n<meta property=\"og:title\" content=\"Finalizaron las Charlas\/Taller sobre &quot;Introducci\u00f3n a la Navegaci\u00f3n A\u00e9rea&quot;. - Aeroclub Ciudad de Paran\u00e1\" \/>\n<meta property=\"og:description\" content=\"Durante los d\u00edas S\u00e1bados 4 y 11\/06, se llevaron adelantes las clases te\u00f3ricas sobre el tema \u00abIntroducci\u00f3n a la Navegaci\u00f3n A\u00e9rea\u00bb, a cargo del Cmte. Rub\u00e9n Franceschini, y que tuvo la particuaridad de haber sido enfocada en esta primera parte, a los Alumnos\/as, de nuestra Escuela de Vuelo. Todo aprendizaje complementario a lo ense\u00f1ado por [&hellip;]\" \/>\n<meta property=\"og:url\" content=\"https:\/\/aeroclubparana.org.ar\/web\/index.php\/2022\/06\/12\/finalizaron-las-charlas-taller-sobre-introduccion-a-la-navegacion-aerea\/\" \/>\n<meta property=\"og:site_name\" content=\"Aeroclub Ciudad de Paran\u00e1\" \/>\n<meta property=\"article:published_time\" content=\"2022-06-12T23:23:43+00:00\" \/>\n<meta property=\"article:modified_time\" content=\"2022-06-12T23:27:56+00:00\" \/>\n<meta property=\"og:image\" content=\"https:\/\/aeroclubparana.org.ar\/web\/wp-content\/uploads\/2022\/06\/nav_3.jpeg\" \/>\n\t<meta property=\"og:image:width\" content=\"1600\" \/>\n\t<meta property=\"og:image:height\" content=\"1200\" \/>\n\t<meta property=\"og:image:type\" content=\"image\/jpeg\" \/>\n<meta name=\"author\" content=\"Aeroclub Paran\u00e1\" \/>\n<meta name=\"twitter:card\" content=\"summary_large_image\" \/>\n<meta name=\"twitter:label1\" content=\"Escrito por\" \/>\n\t<meta name=\"twitter:data1\" content=\"Aeroclub Paran\u00e1\" \/>\n\t<meta name=\"twitter:label2\" content=\"Tiempo de lectura\" \/>\n\t<meta name=\"twitter:data2\" content=\"2 minutos\" \/>\n<script type=\"application\/ld+json\" class=\"yoast-schema-graph\">{\"@context\":\"https:\/\/schema.org\",\"@graph\":[{\"@type\":\"WebPage\",\"@id\":\"https:\/\/aeroclubparana.org.ar\/web\/index.php\/2022\/06\/12\/finalizaron-las-charlas-taller-sobre-introduccion-a-la-navegacion-aerea\/\",\"url\":\"https:\/\/aeroclubparana.org.ar\/web\/index.php\/2022\/06\/12\/finalizaron-las-charlas-taller-sobre-introduccion-a-la-navegacion-aerea\/\",\"name\":\"Finalizaron las Charlas\/Taller sobre \\\"Introducci\u00f3n a la Navegaci\u00f3n A\u00e9rea\\\". - Aeroclub Ciudad de Paran\u00e1\",\"isPartOf\":{\"@id\":\"https:\/\/aeroclubparana.org.ar\/web\/#website\"},\"primaryImageOfPage\":{\"@id\":\"https:\/\/aeroclubparana.org.ar\/web\/index.php\/2022\/06\/12\/finalizaron-las-charlas-taller-sobre-introduccion-a-la-navegacion-aerea\/#primaryimage\"},\"image\":{\"@id\":\"https:\/\/aeroclubparana.org.ar\/web\/index.php\/2022\/06\/12\/finalizaron-las-charlas-taller-sobre-introduccion-a-la-navegacion-aerea\/#primaryimage\"},\"thumbnailUrl\":\"https:\/\/aeroclubparana.org.ar\/web\/wp-content\/uploads\/2022\/06\/nav_3.jpeg\",\"datePublished\":\"2022-06-12T23:23:43+00:00\",\"dateModified\":\"2022-06-12T23:27:56+00:00\",\"author\":{\"@id\":\"https:\/\/aeroclubparana.org.ar\/web\/#\/schema\/person\/30f08c2720d348886b3c95c716eda4ee\"},\"breadcrumb\":{\"@id\":\"https:\/\/aeroclubparana.org.ar\/web\/index.php\/2022\/06\/12\/finalizaron-las-charlas-taller-sobre-introduccion-a-la-navegacion-aerea\/#breadcrumb\"},\"inLanguage\":\"es\",\"potentialAction\":[{\"@type\":\"ReadAction\",\"target\":[\"https:\/\/aeroclubparana.org.ar\/web\/index.php\/2022\/06\/12\/finalizaron-las-charlas-taller-sobre-introduccion-a-la-navegacion-aerea\/\"]}]},{\"@type\":\"ImageObject\",\"inLanguage\":\"es\",\"@id\":\"https:\/\/aeroclubparana.org.ar\/web\/index.php\/2022\/06\/12\/finalizaron-las-charlas-taller-sobre-introduccion-a-la-navegacion-aerea\/#primaryimage\",\"url\":\"https:\/\/aeroclubparana.org.ar\/web\/wp-content\/uploads\/2022\/06\/nav_3.jpeg\",\"contentUrl\":\"https:\/\/aeroclubparana.org.ar\/web\/wp-content\/uploads\/2022\/06\/nav_3.jpeg\",\"width\":1600,\"height\":1200},{\"@type\":\"BreadcrumbList\",\"@id\":\"https:\/\/aeroclubparana.org.ar\/web\/index.php\/2022\/06\/12\/finalizaron-las-charlas-taller-sobre-introduccion-a-la-navegacion-aerea\/#breadcrumb\",\"itemListElement\":[{\"@type\":\"ListItem\",\"position\":1,\"name\":\"Home\",\"item\":\"https:\/\/aeroclubparana.org.ar\/web\/\"},{\"@type\":\"ListItem\",\"position\":2,\"name\":\"Finalizaron las Charlas\/Taller sobre \u00abIntroducci\u00f3n a la Navegaci\u00f3n A\u00e9rea\u00bb.\"}]},{\"@type\":\"WebSite\",\"@id\":\"https:\/\/aeroclubparana.org.ar\/web\/#website\",\"url\":\"https:\/\/aeroclubparana.org.ar\/web\/\",\"name\":\"Aeroclub Ciudad de Paran\u00e1\",\"description\":\"\",\"potentialAction\":[{\"@type\":\"SearchAction\",\"target\":{\"@type\":\"EntryPoint\",\"urlTemplate\":\"https:\/\/aeroclubparana.org.ar\/web\/?s={search_term_string}\"},\"query-input\":\"required name=search_term_string\"}],\"inLanguage\":\"es\"},{\"@type\":\"Person\",\"@id\":\"https:\/\/aeroclubparana.org.ar\/web\/#\/schema\/person\/30f08c2720d348886b3c95c716eda4ee\",\"name\":\"Aeroclub Paran\u00e1\",\"image\":{\"@type\":\"ImageObject\",\"inLanguage\":\"es\",\"@id\":\"https:\/\/aeroclubparana.org.ar\/web\/#\/schema\/person\/image\/\",\"url\":\"https:\/\/secure.gravatar.com\/avatar\/bf5974e327a751bee34ee94520c70420?s=96&d=mm&r=g\",\"contentUrl\":\"https:\/\/secure.gravatar.com\/avatar\/bf5974e327a751bee34ee94520c70420?s=96&d=mm&r=g\",\"caption\":\"Aeroclub Paran\u00e1\"},\"url\":\"https:\/\/aeroclubparana.org.ar\/web\/index.php\/author\/aeroclubparana\/\"}]}<\/script>\n<!-- \/ Yoast SEO plugin. -->","yoast_head_json":{"title":"Finalizaron las Charlas\/Taller sobre \"Introducci\u00f3n a la Navegaci\u00f3n A\u00e9rea\". - Aeroclub Ciudad de Paran\u00e1","robots":{"index":"index","follow":"follow","max-snippet":"max-snippet:-1","max-image-preview":"max-image-preview:large","max-video-preview":"max-video-preview:-1"},"canonical":"https:\/\/aeroclubparana.org.ar\/web\/index.php\/2022\/06\/12\/finalizaron-las-charlas-taller-sobre-introduccion-a-la-navegacion-aerea\/","og_locale":"es_ES","og_type":"article","og_title":"Finalizaron las Charlas\/Taller sobre \"Introducci\u00f3n a la Navegaci\u00f3n A\u00e9rea\". - Aeroclub Ciudad de Paran\u00e1","og_description":"Durante los d\u00edas S\u00e1bados 4 y 11\/06, se llevaron adelantes las clases te\u00f3ricas sobre el tema \u00abIntroducci\u00f3n a la Navegaci\u00f3n A\u00e9rea\u00bb, a cargo del Cmte. Rub\u00e9n Franceschini, y que tuvo la particuaridad de haber sido enfocada en esta primera parte, a los Alumnos\/as, de nuestra Escuela de Vuelo. Todo aprendizaje complementario a lo ense\u00f1ado por [&hellip;]","og_url":"https:\/\/aeroclubparana.org.ar\/web\/index.php\/2022\/06\/12\/finalizaron-las-charlas-taller-sobre-introduccion-a-la-navegacion-aerea\/","og_site_name":"Aeroclub Ciudad de Paran\u00e1","article_published_time":"2022-06-12T23:23:43+00:00","article_modified_time":"2022-06-12T23:27:56+00:00","og_image":[{"width":1600,"height":1200,"url":"https:\/\/aeroclubparana.org.ar\/web\/wp-content\/uploads\/2022\/06\/nav_3.jpeg","type":"image\/jpeg"}],"author":"Aeroclub Paran\u00e1","twitter_card":"summary_large_image","twitter_misc":{"Escrito por":"Aeroclub Paran\u00e1","Tiempo de lectura":"2 minutos"},"schema":{"@context":"https:\/\/schema.org","@graph":[{"@type":"WebPage","@id":"https:\/\/aeroclubparana.org.ar\/web\/index.php\/2022\/06\/12\/finalizaron-las-charlas-taller-sobre-introduccion-a-la-navegacion-aerea\/","url":"https:\/\/aeroclubparana.org.ar\/web\/index.php\/2022\/06\/12\/finalizaron-las-charlas-taller-sobre-introduccion-a-la-navegacion-aerea\/","name":"Finalizaron las Charlas\/Taller sobre \"Introducci\u00f3n a la Navegaci\u00f3n A\u00e9rea\". - Aeroclub Ciudad de Paran\u00e1","isPartOf":{"@id":"https:\/\/aeroclubparana.org.ar\/web\/#website"},"primaryImageOfPage":{"@id":"https:\/\/aeroclubparana.org.ar\/web\/index.php\/2022\/06\/12\/finalizaron-las-charlas-taller-sobre-introduccion-a-la-navegacion-aerea\/#primaryimage"},"image":{"@id":"https:\/\/aeroclubparana.org.ar\/web\/index.php\/2022\/06\/12\/finalizaron-las-charlas-taller-sobre-introduccion-a-la-navegacion-aerea\/#primaryimage"},"thumbnailUrl":"https:\/\/aeroclubparana.org.ar\/web\/wp-content\/uploads\/2022\/06\/nav_3.jpeg","datePublished":"2022-06-12T23:23:43+00:00","dateModified":"2022-06-12T23:27:56+00:00","author":{"@id":"https:\/\/aeroclubparana.org.ar\/web\/#\/schema\/person\/30f08c2720d348886b3c95c716eda4ee"},"breadcrumb":{"@id":"https:\/\/aeroclubparana.org.ar\/web\/index.php\/2022\/06\/12\/finalizaron-las-charlas-taller-sobre-introduccion-a-la-navegacion-aerea\/#breadcrumb"},"inLanguage":"es","potentialAction":[{"@type":"ReadAction","target":["https:\/\/aeroclubparana.org.ar\/web\/index.php\/2022\/06\/12\/finalizaron-las-charlas-taller-sobre-introduccion-a-la-navegacion-aerea\/"]}]},{"@type":"ImageObject","inLanguage":"es","@id":"https:\/\/aeroclubparana.org.ar\/web\/index.php\/2022\/06\/12\/finalizaron-las-charlas-taller-sobre-introduccion-a-la-navegacion-aerea\/#primaryimage","url":"https:\/\/aeroclubparana.org.ar\/web\/wp-content\/uploads\/2022\/06\/nav_3.jpeg","contentUrl":"https:\/\/aeroclubparana.org.ar\/web\/wp-content\/uploads\/2022\/06\/nav_3.jpeg","width":1600,"height":1200},{"@type":"BreadcrumbList","@id":"https:\/\/aeroclubparana.org.ar\/web\/index.php\/2022\/06\/12\/finalizaron-las-charlas-taller-sobre-introduccion-a-la-navegacion-aerea\/#breadcrumb","itemListElement":[{"@type":"ListItem","position":1,"name":"Home","item":"https:\/\/aeroclubparana.org.ar\/web\/"},{"@type":"ListItem","position":2,"name":"Finalizaron las Charlas\/Taller sobre \u00abIntroducci\u00f3n a la Navegaci\u00f3n A\u00e9rea\u00bb."}]},{"@type":"WebSite","@id":"https:\/\/aeroclubparana.org.ar\/web\/#website","url":"https:\/\/aeroclubparana.org.ar\/web\/","name":"Aeroclub Ciudad de Paran\u00e1","description":"","potentialAction":[{"@type":"SearchAction","target":{"@type":"EntryPoint","urlTemplate":"https:\/\/aeroclubparana.org.ar\/web\/?s={search_term_string}"},"query-input":"required name=search_term_string"}],"inLanguage":"es"},{"@type":"Person","@id":"https:\/\/aeroclubparana.org.ar\/web\/#\/schema\/person\/30f08c2720d348886b3c95c716eda4ee","name":"Aeroclub Paran\u00e1","image":{"@type":"ImageObject","inLanguage":"es","@id":"https:\/\/aeroclubparana.org.ar\/web\/#\/schema\/person\/image\/","url":"https:\/\/secure.gravatar.com\/avatar\/bf5974e327a751bee34ee94520c70420?s=96&d=mm&r=g","contentUrl":"https:\/\/secure.gravatar.com\/avatar\/bf5974e327a751bee34ee94520c70420?s=96&d=mm&r=g","caption":"Aeroclub Paran\u00e1"},"url":"https:\/\/aeroclubparana.org.ar\/web\/index.php\/author\/aeroclubparana\/"}]}},"_links":{"self":[{"href":"https:\/\/aeroclubparana.org.ar\/web\/index.php\/wp-json\/wp\/v2\/posts\/993","targetHints":{"allow":["GET"]}}],"collection":[{"href":"https:\/\/aeroclubparana.org.ar\/web\/index.php\/wp-json\/wp\/v2\/posts"}],"about":[{"href":"https:\/\/aeroclubparana.org.ar\/web\/index.php\/wp-json\/wp\/v2\/types\/post"}],"author":[{"embeddable":true,"href":"https:\/\/aeroclubparana.org.ar\/web\/index.php\/wp-json\/wp\/v2\/users\/2"}],"replies":[{"embeddable":true,"href":"https:\/\/aeroclubparana.org.ar\/web\/index.php\/wp-json\/wp\/v2\/comments?post=993"}],"version-history":[{"count":2,"href":"https:\/\/aeroclubparana.org.ar\/web\/index.php\/wp-json\/wp\/v2\/posts\/993\/revisions"}],"predecessor-version":[{"id":1000,"href":"https:\/\/aeroclubparana.org.ar\/web\/index.php\/wp-json\/wp\/v2\/posts\/993\/revisions\/1000"}],"wp:featuredmedia":[{"embeddable":true,"href":"https:\/\/aeroclubparana.org.ar\/web\/index.php\/wp-json\/wp\/v2\/media\/1002"}],"wp:attachment":[{"href":"https:\/\/aeroclubparana.org.ar\/web\/index.php\/wp-json\/wp\/v2\/media?parent=993"}],"wp:term":[{"taxonomy":"category","embeddable":true,"href":"https:\/\/aeroclubparana.org.ar\/web\/index.php\/wp-json\/wp\/v2\/categories?post=993"},{"taxonomy":"post_tag","embeddable":true,"href":"https:\/\/aeroclubparana.org.ar\/web\/index.php\/wp-json\/wp\/v2\/tags?post=993"}],"curies":[{"name":"wp","href":"https:\/\/api.w.org\/{rel}","templated":true}]}}