{"id":889,"date":"2022-02-09T16:45:14","date_gmt":"2022-02-09T16:45:14","guid":{"rendered":"https:\/\/aeroclubparana.org.ar\/web\/?p=889"},"modified":"2022-02-10T11:51:16","modified_gmt":"2022-02-10T11:51:16","slug":"charla","status":"publish","type":"post","link":"https:\/\/aeroclubparana.org.ar\/web\/index.php\/2022\/02\/09\/charla\/","title":{"rendered":"Charla Informativa sobre el Curso de Piloto Privado de Avi\u00f3n."},"content":{"rendered":"\n<p><span class=\"has-inline-color has-black-color\">Iniciando el a\u00f1o, hemos coordinado entre la CD del Aeroclub y el CIAC \u00abAeroclub Ciudad de Paran\u00e1\u00bb la realizaci\u00f3n de una charla informativa sobre los alcances del curso de Piloto Privado de Avi\u00f3n. <\/span><strong><span class=\"has-inline-color has-vivid-red-color\">Haciendo click en el banner<\/span><\/strong><span class=\"has-inline-color has-vivid-red-color\"><strong> que sigue<\/strong><\/span><span class=\"has-inline-color has-black-color\">, podr\u00e1n acceder a un formulario on-line para que, aquellos interesados en participar, puedan registrarse. La charla es libre y gratu\u00edta. Los Espereamos, en Ruta Nac.12 &#8211; Km.454, Sauce Montrul.<\/span><\/p>\n\n\n\n<p><\/p>\n\n\n\n<figure class=\"wp-block-image size-large\"><a href=\"https:\/\/forms.gle\/856Tr8zX1ZdfwpDG6\" target=\"_blank\" rel=\"noopener\"><img loading=\"lazy\" decoding=\"async\" width=\"1024\" height=\"1024\" src=\"https:\/\/aeroclubparana.org.ar\/web\/wp-content\/uploads\/2022\/02\/Charla-PSD-1024x1024.jpg\" alt=\"\" class=\"wp-image-898\" srcset=\"https:\/\/aeroclubparana.org.ar\/web\/wp-content\/uploads\/2022\/02\/Charla-PSD-1024x1024.jpg 1024w, https:\/\/aeroclubparana.org.ar\/web\/wp-content\/uploads\/2022\/02\/Charla-PSD-300x300.jpg 300w, https:\/\/aeroclubparana.org.ar\/web\/wp-content\/uploads\/2022\/02\/Charla-PSD-150x150.jpg 150w, https:\/\/aeroclubparana.org.ar\/web\/wp-content\/uploads\/2022\/02\/Charla-PSD-768x768.jpg 768w, https:\/\/aeroclubparana.org.ar\/web\/wp-content\/uploads\/2022\/02\/Charla-PSD-1080x1080.jpg 1080w, https:\/\/aeroclubparana.org.ar\/web\/wp-content\/uploads\/2022\/02\/Charla-PSD-440x440.jpg 440w, https:\/\/aeroclubparana.org.ar\/web\/wp-content\/uploads\/2022\/02\/Charla-PSD.jpg 1300w\" sizes=\"auto, (max-width: 1024px) 100vw, 1024px\" \/><\/a><\/figure>\n","protected":false},"excerpt":{"rendered":"<p>Iniciando el a\u00f1o, hemos coordinado entre la CD del Aeroclub y el CIAC \u00abAeroclub Ciudad de Paran\u00e1\u00bb la realizaci\u00f3n de una charla informativa sobre los alcances del curso de Piloto Privado de Avi\u00f3n. Haciendo click en el banner que sigue, podr\u00e1n acceder a un formulario on-line para que, aquellos interesados en participar, puedan registrarse. La [&hellip;]<\/p>\n","protected":false},"author":2,"featured_media":896,"comment_status":"open","ping_status":"open","sticky":false,"template":"","format":"standard","meta":{"_et_pb_use_builder":"","_et_pb_old_content":"","_et_gb_content_width":"","footnotes":""},"categories":[1],"tags":[],"class_list":["post-889","post","type-post","status-publish","format-standard","has-post-thumbnail","hentry","category-uncategorized","et-has-post-format-content","et_post_format-et-post-format-standard"],"yoast_head":"<!-- This site is optimized with the Yoast SEO plugin v22.8 - https:\/\/yoast.com\/wordpress\/plugins\/seo\/ -->\n<title>Charla Informativa sobre el Curso de Piloto Privado de Avi\u00f3n. - Aeroclub Ciudad de Paran\u00e1<\/title>\n<meta name=\"robots\" content=\"index, follow, max-snippet:-1, max-image-preview:large, max-video-preview:-1\" \/>\n<link rel=\"canonical\" href=\"https:\/\/aeroclubparana.org.ar\/web\/index.php\/2022\/02\/09\/charla\/\" \/>\n<meta property=\"og:locale\" content=\"es_ES\" \/>\n<meta property=\"og:type\" content=\"article\" \/>\n<meta property=\"og:title\" content=\"Charla Informativa sobre el Curso de Piloto Privado de Avi\u00f3n. - Aeroclub Ciudad de Paran\u00e1\" \/>\n<meta property=\"og:description\" content=\"Iniciando el a\u00f1o, hemos coordinado entre la CD del Aeroclub y el CIAC \u00abAeroclub Ciudad de Paran\u00e1\u00bb la realizaci\u00f3n de una charla informativa sobre los alcances del curso de Piloto Privado de Avi\u00f3n. Haciendo click en el banner que sigue, podr\u00e1n acceder a un formulario on-line para que, aquellos interesados en participar, puedan registrarse. La [&hellip;]\" \/>\n<meta property=\"og:url\" content=\"https:\/\/aeroclubparana.org.ar\/web\/index.php\/2022\/02\/09\/charla\/\" \/>\n<meta property=\"og:site_name\" content=\"Aeroclub Ciudad de Paran\u00e1\" \/>\n<meta property=\"article:published_time\" content=\"2022-02-09T16:45:14+00:00\" \/>\n<meta property=\"article:modified_time\" content=\"2022-02-10T11:51:16+00:00\" \/>\n<meta property=\"og:image\" content=\"https:\/\/aeroclubparana.org.ar\/web\/wp-content\/uploads\/2022\/02\/placa_noti_web_1.png\" \/>\n\t<meta property=\"og:image:width\" content=\"767\" \/>\n\t<meta property=\"og:image:height\" content=\"272\" \/>\n\t<meta property=\"og:image:type\" content=\"image\/png\" \/>\n<meta name=\"author\" content=\"Aeroclub Paran\u00e1\" \/>\n<meta name=\"twitter:card\" content=\"summary_large_image\" \/>\n<meta name=\"twitter:label1\" content=\"Escrito por\" \/>\n\t<meta name=\"twitter:data1\" content=\"Aeroclub Paran\u00e1\" \/>\n\t<meta name=\"twitter:label2\" content=\"Tiempo de lectura\" \/>\n\t<meta name=\"twitter:data2\" content=\"1 minuto\" \/>\n<script type=\"application\/ld+json\" class=\"yoast-schema-graph\">{\"@context\":\"https:\/\/schema.org\",\"@graph\":[{\"@type\":\"WebPage\",\"@id\":\"https:\/\/aeroclubparana.org.ar\/web\/index.php\/2022\/02\/09\/charla\/\",\"url\":\"https:\/\/aeroclubparana.org.ar\/web\/index.php\/2022\/02\/09\/charla\/\",\"name\":\"Charla Informativa sobre el Curso de Piloto Privado de Avi\u00f3n. - Aeroclub Ciudad de Paran\u00e1\",\"isPartOf\":{\"@id\":\"https:\/\/aeroclubparana.org.ar\/web\/#website\"},\"primaryImageOfPage\":{\"@id\":\"https:\/\/aeroclubparana.org.ar\/web\/index.php\/2022\/02\/09\/charla\/#primaryimage\"},\"image\":{\"@id\":\"https:\/\/aeroclubparana.org.ar\/web\/index.php\/2022\/02\/09\/charla\/#primaryimage\"},\"thumbnailUrl\":\"https:\/\/aeroclubparana.org.ar\/web\/wp-content\/uploads\/2022\/02\/placa_noti_web_1.png\",\"datePublished\":\"2022-02-09T16:45:14+00:00\",\"dateModified\":\"2022-02-10T11:51:16+00:00\",\"author\":{\"@id\":\"https:\/\/aeroclubparana.org.ar\/web\/#\/schema\/person\/30f08c2720d348886b3c95c716eda4ee\"},\"breadcrumb\":{\"@id\":\"https:\/\/aeroclubparana.org.ar\/web\/index.php\/2022\/02\/09\/charla\/#breadcrumb\"},\"inLanguage\":\"es\",\"potentialAction\":[{\"@type\":\"ReadAction\",\"target\":[\"https:\/\/aeroclubparana.org.ar\/web\/index.php\/2022\/02\/09\/charla\/\"]}]},{\"@type\":\"ImageObject\",\"inLanguage\":\"es\",\"@id\":\"https:\/\/aeroclubparana.org.ar\/web\/index.php\/2022\/02\/09\/charla\/#primaryimage\",\"url\":\"https:\/\/aeroclubparana.org.ar\/web\/wp-content\/uploads\/2022\/02\/placa_noti_web_1.png\",\"contentUrl\":\"https:\/\/aeroclubparana.org.ar\/web\/wp-content\/uploads\/2022\/02\/placa_noti_web_1.png\",\"width\":767,\"height\":272},{\"@type\":\"BreadcrumbList\",\"@id\":\"https:\/\/aeroclubparana.org.ar\/web\/index.php\/2022\/02\/09\/charla\/#breadcrumb\",\"itemListElement\":[{\"@type\":\"ListItem\",\"position\":1,\"name\":\"Home\",\"item\":\"https:\/\/aeroclubparana.org.ar\/web\/\"},{\"@type\":\"ListItem\",\"position\":2,\"name\":\"Charla Informativa sobre el Curso de Piloto Privado de Avi\u00f3n.\"}]},{\"@type\":\"WebSite\",\"@id\":\"https:\/\/aeroclubparana.org.ar\/web\/#website\",\"url\":\"https:\/\/aeroclubparana.org.ar\/web\/\",\"name\":\"Aeroclub Ciudad de Paran\u00e1\",\"description\":\"\",\"potentialAction\":[{\"@type\":\"SearchAction\",\"target\":{\"@type\":\"EntryPoint\",\"urlTemplate\":\"https:\/\/aeroclubparana.org.ar\/web\/?s={search_term_string}\"},\"query-input\":\"required name=search_term_string\"}],\"inLanguage\":\"es\"},{\"@type\":\"Person\",\"@id\":\"https:\/\/aeroclubparana.org.ar\/web\/#\/schema\/person\/30f08c2720d348886b3c95c716eda4ee\",\"name\":\"Aeroclub Paran\u00e1\",\"image\":{\"@type\":\"ImageObject\",\"inLanguage\":\"es\",\"@id\":\"https:\/\/aeroclubparana.org.ar\/web\/#\/schema\/person\/image\/\",\"url\":\"https:\/\/secure.gravatar.com\/avatar\/bf5974e327a751bee34ee94520c70420?s=96&d=mm&r=g\",\"contentUrl\":\"https:\/\/secure.gravatar.com\/avatar\/bf5974e327a751bee34ee94520c70420?s=96&d=mm&r=g\",\"caption\":\"Aeroclub Paran\u00e1\"},\"url\":\"https:\/\/aeroclubparana.org.ar\/web\/index.php\/author\/aeroclubparana\/\"}]}<\/script>\n<!-- \/ Yoast SEO plugin. -->","yoast_head_json":{"title":"Charla Informativa sobre el Curso de Piloto Privado de Avi\u00f3n. - Aeroclub Ciudad de Paran\u00e1","robots":{"index":"index","follow":"follow","max-snippet":"max-snippet:-1","max-image-preview":"max-image-preview:large","max-video-preview":"max-video-preview:-1"},"canonical":"https:\/\/aeroclubparana.org.ar\/web\/index.php\/2022\/02\/09\/charla\/","og_locale":"es_ES","og_type":"article","og_title":"Charla Informativa sobre el Curso de Piloto Privado de Avi\u00f3n. - Aeroclub Ciudad de Paran\u00e1","og_description":"Iniciando el a\u00f1o, hemos coordinado entre la CD del Aeroclub y el CIAC \u00abAeroclub Ciudad de Paran\u00e1\u00bb la realizaci\u00f3n de una charla informativa sobre los alcances del curso de Piloto Privado de Avi\u00f3n. Haciendo click en el banner que sigue, podr\u00e1n acceder a un formulario on-line para que, aquellos interesados en participar, puedan registrarse. La [&hellip;]","og_url":"https:\/\/aeroclubparana.org.ar\/web\/index.php\/2022\/02\/09\/charla\/","og_site_name":"Aeroclub Ciudad de Paran\u00e1","article_published_time":"2022-02-09T16:45:14+00:00","article_modified_time":"2022-02-10T11:51:16+00:00","og_image":[{"width":767,"height":272,"url":"https:\/\/aeroclubparana.org.ar\/web\/wp-content\/uploads\/2022\/02\/placa_noti_web_1.png","type":"image\/png"}],"author":"Aeroclub Paran\u00e1","twitter_card":"summary_large_image","twitter_misc":{"Escrito por":"Aeroclub Paran\u00e1","Tiempo de lectura":"1 minuto"},"schema":{"@context":"https:\/\/schema.org","@graph":[{"@type":"WebPage","@id":"https:\/\/aeroclubparana.org.ar\/web\/index.php\/2022\/02\/09\/charla\/","url":"https:\/\/aeroclubparana.org.ar\/web\/index.php\/2022\/02\/09\/charla\/","name":"Charla Informativa sobre el Curso de Piloto Privado de Avi\u00f3n. - Aeroclub Ciudad de Paran\u00e1","isPartOf":{"@id":"https:\/\/aeroclubparana.org.ar\/web\/#website"},"primaryImageOfPage":{"@id":"https:\/\/aeroclubparana.org.ar\/web\/index.php\/2022\/02\/09\/charla\/#primaryimage"},"image":{"@id":"https:\/\/aeroclubparana.org.ar\/web\/index.php\/2022\/02\/09\/charla\/#primaryimage"},"thumbnailUrl":"https:\/\/aeroclubparana.org.ar\/web\/wp-content\/uploads\/2022\/02\/placa_noti_web_1.png","datePublished":"2022-02-09T16:45:14+00:00","dateModified":"2022-02-10T11:51:16+00:00","author":{"@id":"https:\/\/aeroclubparana.org.ar\/web\/#\/schema\/person\/30f08c2720d348886b3c95c716eda4ee"},"breadcrumb":{"@id":"https:\/\/aeroclubparana.org.ar\/web\/index.php\/2022\/02\/09\/charla\/#breadcrumb"},"inLanguage":"es","potentialAction":[{"@type":"ReadAction","target":["https:\/\/aeroclubparana.org.ar\/web\/index.php\/2022\/02\/09\/charla\/"]}]},{"@type":"ImageObject","inLanguage":"es","@id":"https:\/\/aeroclubparana.org.ar\/web\/index.php\/2022\/02\/09\/charla\/#primaryimage","url":"https:\/\/aeroclubparana.org.ar\/web\/wp-content\/uploads\/2022\/02\/placa_noti_web_1.png","contentUrl":"https:\/\/aeroclubparana.org.ar\/web\/wp-content\/uploads\/2022\/02\/placa_noti_web_1.png","width":767,"height":272},{"@type":"BreadcrumbList","@id":"https:\/\/aeroclubparana.org.ar\/web\/index.php\/2022\/02\/09\/charla\/#breadcrumb","itemListElement":[{"@type":"ListItem","position":1,"name":"Home","item":"https:\/\/aeroclubparana.org.ar\/web\/"},{"@type":"ListItem","position":2,"name":"Charla Informativa sobre el Curso de Piloto Privado de Avi\u00f3n."}]},{"@type":"WebSite","@id":"https:\/\/aeroclubparana.org.ar\/web\/#website","url":"https:\/\/aeroclubparana.org.ar\/web\/","name":"Aeroclub Ciudad de Paran\u00e1","description":"","potentialAction":[{"@type":"SearchAction","target":{"@type":"EntryPoint","urlTemplate":"https:\/\/aeroclubparana.org.ar\/web\/?s={search_term_string}"},"query-input":"required name=search_term_string"}],"inLanguage":"es"},{"@type":"Person","@id":"https:\/\/aeroclubparana.org.ar\/web\/#\/schema\/person\/30f08c2720d348886b3c95c716eda4ee","name":"Aeroclub Paran\u00e1","image":{"@type":"ImageObject","inLanguage":"es","@id":"https:\/\/aeroclubparana.org.ar\/web\/#\/schema\/person\/image\/","url":"https:\/\/secure.gravatar.com\/avatar\/bf5974e327a751bee34ee94520c70420?s=96&d=mm&r=g","contentUrl":"https:\/\/secure.gravatar.com\/avatar\/bf5974e327a751bee34ee94520c70420?s=96&d=mm&r=g","caption":"Aeroclub Paran\u00e1"},"url":"https:\/\/aeroclubparana.org.ar\/web\/index.php\/author\/aeroclubparana\/"}]}},"_links":{"self":[{"href":"https:\/\/aeroclubparana.org.ar\/web\/index.php\/wp-json\/wp\/v2\/posts\/889","targetHints":{"allow":["GET"]}}],"collection":[{"href":"https:\/\/aeroclubparana.org.ar\/web\/index.php\/wp-json\/wp\/v2\/posts"}],"about":[{"href":"https:\/\/aeroclubparana.org.ar\/web\/index.php\/wp-json\/wp\/v2\/types\/post"}],"author":[{"embeddable":true,"href":"https:\/\/aeroclubparana.org.ar\/web\/index.php\/wp-json\/wp\/v2\/users\/2"}],"replies":[{"embeddable":true,"href":"https:\/\/aeroclubparana.org.ar\/web\/index.php\/wp-json\/wp\/v2\/comments?post=889"}],"version-history":[{"count":6,"href":"https:\/\/aeroclubparana.org.ar\/web\/index.php\/wp-json\/wp\/v2\/posts\/889\/revisions"}],"predecessor-version":[{"id":901,"href":"https:\/\/aeroclubparana.org.ar\/web\/index.php\/wp-json\/wp\/v2\/posts\/889\/revisions\/901"}],"wp:featuredmedia":[{"embeddable":true,"href":"https:\/\/aeroclubparana.org.ar\/web\/index.php\/wp-json\/wp\/v2\/media\/896"}],"wp:attachment":[{"href":"https:\/\/aeroclubparana.org.ar\/web\/index.php\/wp-json\/wp\/v2\/media?parent=889"}],"wp:term":[{"taxonomy":"category","embeddable":true,"href":"https:\/\/aeroclubparana.org.ar\/web\/index.php\/wp-json\/wp\/v2\/categories?post=889"},{"taxonomy":"post_tag","embeddable":true,"href":"https:\/\/aeroclubparana.org.ar\/web\/index.php\/wp-json\/wp\/v2\/tags?post=889"}],"curies":[{"name":"wp","href":"https:\/\/api.w.org\/{rel}","templated":true}]}}