{"id":807,"date":"2021-10-06T17:02:28","date_gmt":"2021-10-06T17:02:28","guid":{"rendered":"https:\/\/aeroclubparana.org.ar\/web\/?p=807"},"modified":"2021-10-06T17:02:31","modified_gmt":"2021-10-06T17:02:31","slug":"cuarto-vuelo-para-el-plan-provincial-del-manejo-del-fuego","status":"publish","type":"post","link":"https:\/\/aeroclubparana.org.ar\/web\/index.php\/2021\/10\/06\/cuarto-vuelo-para-el-plan-provincial-del-manejo-del-fuego\/","title":{"rendered":"Cuarto Vuelo para el Plan Provincial del Manejo del Fuego."},"content":{"rendered":"\n<p><span class=\"has-inline-color has-black-color\">En la ma\u00f1ana de hoy, 6\/10\/21, se llev\u00f3 a cabo el cuarto vuelo de vigilancia para la localizaci\u00f3n y relevamiento de fogos igneos sobre el SE de la localidad de Diamante, en la zona del Pre-Delta m\u00e1s precisamente.<\/span><\/p>\n\n\n\n<p><span class=\"has-inline-color has-black-color\">En la oportunidad la tripulaci\u00f3n estuvo integrada por los Pilotos Oscar Zubielqui y Ariel Paoloni (Vigia) utilizando para esta ocaci\u00f3n nuestro C152 LV-OIH.<\/span><\/p>\n\n\n\n<p><span class=\"has-inline-color has-black-color\">El vuelo tuvo una duraci\u00f3n de 01:00 aprox para cubrir una zona informada por la Secretaria de Ambiente de la provincia en donde se estimaba la localizaci\u00f3n de los incendios. As\u00ed pu\u00e9s, briefing de por medio, el vuelo cubri\u00f3 las coordenas previamente informadas, las cuales se pudieron verificar y fotografiar el estado del avance de las llamas.<\/span><\/p>\n\n\n\n<p><span class=\"has-inline-color has-black-color\">Una vez m\u00e1s, nuestro Aeroclub al servicio del medio ambiente, colaborando con la detecci\u00f3n de incedios en zonas de humedales.<\/span><\/p>\n\n\n\n<p><span class=\"has-inline-color has-black-color\">Las coordenadas voladas fueron:<br>F2: -32.357962S,-60.576269W<br>F3: -32.352839S,-60.531611W<br>F4: -32.262986S,-60.566016W<\/span><\/p>\n\n\n\n<figure class=\"wp-block-gallery columns-3 is-cropped wp-block-gallery-1 is-layout-flex wp-block-gallery-is-layout-flex\"><ul class=\"blocks-gallery-grid\"><li class=\"blocks-gallery-item\"><figure><a href=\"https:\/\/aeroclubparana.org.ar\/web\/wp-content\/uploads\/2021\/10\/f_1.jpeg\"><img loading=\"lazy\" decoding=\"async\" width=\"1024\" height=\"768\" src=\"https:\/\/aeroclubparana.org.ar\/web\/wp-content\/uploads\/2021\/10\/f_1-1024x768.jpeg\" alt=\"\" data-id=\"808\" data-full-url=\"https:\/\/aeroclubparana.org.ar\/web\/wp-content\/uploads\/2021\/10\/f_1.jpeg\" data-link=\"https:\/\/aeroclubparana.org.ar\/web\/?attachment_id=808\" class=\"wp-image-808\" srcset=\"https:\/\/aeroclubparana.org.ar\/web\/wp-content\/uploads\/2021\/10\/f_1-1024x768.jpeg 1024w, https:\/\/aeroclubparana.org.ar\/web\/wp-content\/uploads\/2021\/10\/f_1-300x225.jpeg 300w, https:\/\/aeroclubparana.org.ar\/web\/wp-content\/uploads\/2021\/10\/f_1-768x576.jpeg 768w, https:\/\/aeroclubparana.org.ar\/web\/wp-content\/uploads\/2021\/10\/f_1-1080x810.jpeg 1080w, https:\/\/aeroclubparana.org.ar\/web\/wp-content\/uploads\/2021\/10\/f_1.jpeg 1280w\" sizes=\"auto, (max-width: 1024px) 100vw, 1024px\" \/><\/a><\/figure><\/li><li class=\"blocks-gallery-item\"><figure><a href=\"https:\/\/aeroclubparana.org.ar\/web\/wp-content\/uploads\/2021\/10\/f_2.jpeg\"><img loading=\"lazy\" decoding=\"async\" width=\"1024\" height=\"768\" src=\"https:\/\/aeroclubparana.org.ar\/web\/wp-content\/uploads\/2021\/10\/f_2-1024x768.jpeg\" alt=\"\" data-id=\"809\" data-full-url=\"https:\/\/aeroclubparana.org.ar\/web\/wp-content\/uploads\/2021\/10\/f_2.jpeg\" data-link=\"https:\/\/aeroclubparana.org.ar\/web\/?attachment_id=809\" class=\"wp-image-809\" srcset=\"https:\/\/aeroclubparana.org.ar\/web\/wp-content\/uploads\/2021\/10\/f_2-1024x768.jpeg 1024w, https:\/\/aeroclubparana.org.ar\/web\/wp-content\/uploads\/2021\/10\/f_2-300x225.jpeg 300w, https:\/\/aeroclubparana.org.ar\/web\/wp-content\/uploads\/2021\/10\/f_2-768x576.jpeg 768w, https:\/\/aeroclubparana.org.ar\/web\/wp-content\/uploads\/2021\/10\/f_2-1080x810.jpeg 1080w, https:\/\/aeroclubparana.org.ar\/web\/wp-content\/uploads\/2021\/10\/f_2.jpeg 1280w\" sizes=\"auto, (max-width: 1024px) 100vw, 1024px\" \/><\/a><\/figure><\/li><li class=\"blocks-gallery-item\"><figure><a href=\"https:\/\/aeroclubparana.org.ar\/web\/wp-content\/uploads\/2021\/10\/f_3.jpeg\"><img loading=\"lazy\" decoding=\"async\" width=\"1024\" height=\"768\" src=\"https:\/\/aeroclubparana.org.ar\/web\/wp-content\/uploads\/2021\/10\/f_3-1024x768.jpeg\" alt=\"\" data-id=\"810\" data-full-url=\"https:\/\/aeroclubparana.org.ar\/web\/wp-content\/uploads\/2021\/10\/f_3.jpeg\" data-link=\"https:\/\/aeroclubparana.org.ar\/web\/?attachment_id=810\" class=\"wp-image-810\" srcset=\"https:\/\/aeroclubparana.org.ar\/web\/wp-content\/uploads\/2021\/10\/f_3-1024x768.jpeg 1024w, https:\/\/aeroclubparana.org.ar\/web\/wp-content\/uploads\/2021\/10\/f_3-300x225.jpeg 300w, https:\/\/aeroclubparana.org.ar\/web\/wp-content\/uploads\/2021\/10\/f_3-768x576.jpeg 768w, https:\/\/aeroclubparana.org.ar\/web\/wp-content\/uploads\/2021\/10\/f_3-1080x810.jpeg 1080w, https:\/\/aeroclubparana.org.ar\/web\/wp-content\/uploads\/2021\/10\/f_3.jpeg 1280w\" sizes=\"auto, (max-width: 1024px) 100vw, 1024px\" \/><\/a><\/figure><\/li><li class=\"blocks-gallery-item\"><figure><a href=\"https:\/\/aeroclubparana.org.ar\/web\/wp-content\/uploads\/2021\/10\/f_4-1.jpeg\"><img loading=\"lazy\" decoding=\"async\" width=\"1024\" height=\"768\" src=\"https:\/\/aeroclubparana.org.ar\/web\/wp-content\/uploads\/2021\/10\/f_4-1-1024x768.jpeg\" alt=\"\" data-id=\"811\" data-full-url=\"https:\/\/aeroclubparana.org.ar\/web\/wp-content\/uploads\/2021\/10\/f_4-1.jpeg\" data-link=\"https:\/\/aeroclubparana.org.ar\/web\/?attachment_id=811\" class=\"wp-image-811\" srcset=\"https:\/\/aeroclubparana.org.ar\/web\/wp-content\/uploads\/2021\/10\/f_4-1-1024x768.jpeg 1024w, https:\/\/aeroclubparana.org.ar\/web\/wp-content\/uploads\/2021\/10\/f_4-1-300x225.jpeg 300w, https:\/\/aeroclubparana.org.ar\/web\/wp-content\/uploads\/2021\/10\/f_4-1-768x576.jpeg 768w, https:\/\/aeroclubparana.org.ar\/web\/wp-content\/uploads\/2021\/10\/f_4-1-1080x810.jpeg 1080w, https:\/\/aeroclubparana.org.ar\/web\/wp-content\/uploads\/2021\/10\/f_4-1.jpeg 1280w\" sizes=\"auto, (max-width: 1024px) 100vw, 1024px\" \/><\/a><\/figure><\/li><li class=\"blocks-gallery-item\"><figure><a href=\"https:\/\/aeroclubparana.org.ar\/web\/wp-content\/uploads\/2021\/10\/f_5-1.jpeg\"><img loading=\"lazy\" decoding=\"async\" width=\"1024\" height=\"768\" src=\"https:\/\/aeroclubparana.org.ar\/web\/wp-content\/uploads\/2021\/10\/f_5-1-1024x768.jpeg\" alt=\"\" data-id=\"812\" data-full-url=\"https:\/\/aeroclubparana.org.ar\/web\/wp-content\/uploads\/2021\/10\/f_5-1.jpeg\" data-link=\"https:\/\/aeroclubparana.org.ar\/web\/?attachment_id=812\" class=\"wp-image-812\" srcset=\"https:\/\/aeroclubparana.org.ar\/web\/wp-content\/uploads\/2021\/10\/f_5-1-1024x768.jpeg 1024w, https:\/\/aeroclubparana.org.ar\/web\/wp-content\/uploads\/2021\/10\/f_5-1-300x225.jpeg 300w, https:\/\/aeroclubparana.org.ar\/web\/wp-content\/uploads\/2021\/10\/f_5-1-768x576.jpeg 768w, https:\/\/aeroclubparana.org.ar\/web\/wp-content\/uploads\/2021\/10\/f_5-1-1080x810.jpeg 1080w, https:\/\/aeroclubparana.org.ar\/web\/wp-content\/uploads\/2021\/10\/f_5-1.jpeg 1280w\" sizes=\"auto, (max-width: 1024px) 100vw, 1024px\" \/><\/a><\/figure><\/li><\/ul><\/figure>\n","protected":false},"excerpt":{"rendered":"<p>En la ma\u00f1ana de hoy, 6\/10\/21, se llev\u00f3 a cabo el cuarto vuelo de vigilancia para la localizaci\u00f3n y relevamiento de fogos igneos sobre el SE de la localidad de Diamante, en la zona del Pre-Delta m\u00e1s precisamente. En la oportunidad la tripulaci\u00f3n estuvo integrada por los Pilotos Oscar Zubielqui y Ariel Paoloni (Vigia) utilizando [&hellip;]<\/p>\n","protected":false},"author":2,"featured_media":813,"comment_status":"open","ping_status":"open","sticky":false,"template":"","format":"standard","meta":{"_et_pb_use_builder":"","_et_pb_old_content":"","_et_gb_content_width":"","footnotes":""},"categories":[1],"tags":[],"class_list":["post-807","post","type-post","status-publish","format-standard","has-post-thumbnail","hentry","category-uncategorized","et-has-post-format-content","et_post_format-et-post-format-standard"],"yoast_head":"<!-- This site is optimized with the Yoast SEO plugin v22.8 - https:\/\/yoast.com\/wordpress\/plugins\/seo\/ -->\n<title>Cuarto Vuelo para el Plan Provincial del Manejo del Fuego. - Aeroclub Ciudad de Paran\u00e1<\/title>\n<meta name=\"robots\" content=\"index, follow, max-snippet:-1, max-image-preview:large, max-video-preview:-1\" \/>\n<link rel=\"canonical\" href=\"https:\/\/aeroclubparana.org.ar\/web\/index.php\/2021\/10\/06\/cuarto-vuelo-para-el-plan-provincial-del-manejo-del-fuego\/\" \/>\n<meta property=\"og:locale\" content=\"es_ES\" \/>\n<meta property=\"og:type\" content=\"article\" \/>\n<meta property=\"og:title\" content=\"Cuarto Vuelo para el Plan Provincial del Manejo del Fuego. - Aeroclub Ciudad de Paran\u00e1\" \/>\n<meta property=\"og:description\" content=\"En la ma\u00f1ana de hoy, 6\/10\/21, se llev\u00f3 a cabo el cuarto vuelo de vigilancia para la localizaci\u00f3n y relevamiento de fogos igneos sobre el SE de la localidad de Diamante, en la zona del Pre-Delta m\u00e1s precisamente. En la oportunidad la tripulaci\u00f3n estuvo integrada por los Pilotos Oscar Zubielqui y Ariel Paoloni (Vigia) utilizando [&hellip;]\" \/>\n<meta property=\"og:url\" content=\"https:\/\/aeroclubparana.org.ar\/web\/index.php\/2021\/10\/06\/cuarto-vuelo-para-el-plan-provincial-del-manejo-del-fuego\/\" \/>\n<meta property=\"og:site_name\" content=\"Aeroclub Ciudad de Paran\u00e1\" \/>\n<meta property=\"article:published_time\" content=\"2021-10-06T17:02:28+00:00\" \/>\n<meta property=\"article:modified_time\" content=\"2021-10-06T17:02:31+00:00\" \/>\n<meta property=\"og:image\" content=\"https:\/\/aeroclubparana.org.ar\/web\/wp-content\/uploads\/2021\/10\/vuelo_061021_1.jpg\" \/>\n\t<meta property=\"og:image:width\" content=\"531\" \/>\n\t<meta property=\"og:image:height\" content=\"533\" \/>\n\t<meta property=\"og:image:type\" content=\"image\/jpeg\" \/>\n<meta name=\"author\" content=\"Aeroclub Paran\u00e1\" \/>\n<meta name=\"twitter:card\" content=\"summary_large_image\" \/>\n<meta name=\"twitter:label1\" content=\"Escrito por\" \/>\n\t<meta name=\"twitter:data1\" content=\"Aeroclub Paran\u00e1\" \/>\n\t<meta name=\"twitter:label2\" content=\"Tiempo de lectura\" \/>\n\t<meta name=\"twitter:data2\" content=\"2 minutos\" \/>\n<script type=\"application\/ld+json\" class=\"yoast-schema-graph\">{\"@context\":\"https:\/\/schema.org\",\"@graph\":[{\"@type\":\"WebPage\",\"@id\":\"https:\/\/aeroclubparana.org.ar\/web\/index.php\/2021\/10\/06\/cuarto-vuelo-para-el-plan-provincial-del-manejo-del-fuego\/\",\"url\":\"https:\/\/aeroclubparana.org.ar\/web\/index.php\/2021\/10\/06\/cuarto-vuelo-para-el-plan-provincial-del-manejo-del-fuego\/\",\"name\":\"Cuarto Vuelo para el Plan Provincial del Manejo del Fuego. - Aeroclub Ciudad de Paran\u00e1\",\"isPartOf\":{\"@id\":\"https:\/\/aeroclubparana.org.ar\/web\/#website\"},\"primaryImageOfPage\":{\"@id\":\"https:\/\/aeroclubparana.org.ar\/web\/index.php\/2021\/10\/06\/cuarto-vuelo-para-el-plan-provincial-del-manejo-del-fuego\/#primaryimage\"},\"image\":{\"@id\":\"https:\/\/aeroclubparana.org.ar\/web\/index.php\/2021\/10\/06\/cuarto-vuelo-para-el-plan-provincial-del-manejo-del-fuego\/#primaryimage\"},\"thumbnailUrl\":\"https:\/\/aeroclubparana.org.ar\/web\/wp-content\/uploads\/2021\/10\/vuelo_061021_1.jpg\",\"datePublished\":\"2021-10-06T17:02:28+00:00\",\"dateModified\":\"2021-10-06T17:02:31+00:00\",\"author\":{\"@id\":\"https:\/\/aeroclubparana.org.ar\/web\/#\/schema\/person\/30f08c2720d348886b3c95c716eda4ee\"},\"breadcrumb\":{\"@id\":\"https:\/\/aeroclubparana.org.ar\/web\/index.php\/2021\/10\/06\/cuarto-vuelo-para-el-plan-provincial-del-manejo-del-fuego\/#breadcrumb\"},\"inLanguage\":\"es\",\"potentialAction\":[{\"@type\":\"ReadAction\",\"target\":[\"https:\/\/aeroclubparana.org.ar\/web\/index.php\/2021\/10\/06\/cuarto-vuelo-para-el-plan-provincial-del-manejo-del-fuego\/\"]}]},{\"@type\":\"ImageObject\",\"inLanguage\":\"es\",\"@id\":\"https:\/\/aeroclubparana.org.ar\/web\/index.php\/2021\/10\/06\/cuarto-vuelo-para-el-plan-provincial-del-manejo-del-fuego\/#primaryimage\",\"url\":\"https:\/\/aeroclubparana.org.ar\/web\/wp-content\/uploads\/2021\/10\/vuelo_061021_1.jpg\",\"contentUrl\":\"https:\/\/aeroclubparana.org.ar\/web\/wp-content\/uploads\/2021\/10\/vuelo_061021_1.jpg\",\"width\":531,\"height\":533},{\"@type\":\"BreadcrumbList\",\"@id\":\"https:\/\/aeroclubparana.org.ar\/web\/index.php\/2021\/10\/06\/cuarto-vuelo-para-el-plan-provincial-del-manejo-del-fuego\/#breadcrumb\",\"itemListElement\":[{\"@type\":\"ListItem\",\"position\":1,\"name\":\"Home\",\"item\":\"https:\/\/aeroclubparana.org.ar\/web\/\"},{\"@type\":\"ListItem\",\"position\":2,\"name\":\"Cuarto Vuelo para el Plan Provincial del Manejo del Fuego.\"}]},{\"@type\":\"WebSite\",\"@id\":\"https:\/\/aeroclubparana.org.ar\/web\/#website\",\"url\":\"https:\/\/aeroclubparana.org.ar\/web\/\",\"name\":\"Aeroclub Ciudad de Paran\u00e1\",\"description\":\"\",\"potentialAction\":[{\"@type\":\"SearchAction\",\"target\":{\"@type\":\"EntryPoint\",\"urlTemplate\":\"https:\/\/aeroclubparana.org.ar\/web\/?s={search_term_string}\"},\"query-input\":\"required name=search_term_string\"}],\"inLanguage\":\"es\"},{\"@type\":\"Person\",\"@id\":\"https:\/\/aeroclubparana.org.ar\/web\/#\/schema\/person\/30f08c2720d348886b3c95c716eda4ee\",\"name\":\"Aeroclub Paran\u00e1\",\"image\":{\"@type\":\"ImageObject\",\"inLanguage\":\"es\",\"@id\":\"https:\/\/aeroclubparana.org.ar\/web\/#\/schema\/person\/image\/\",\"url\":\"https:\/\/secure.gravatar.com\/avatar\/bf5974e327a751bee34ee94520c70420?s=96&d=mm&r=g\",\"contentUrl\":\"https:\/\/secure.gravatar.com\/avatar\/bf5974e327a751bee34ee94520c70420?s=96&d=mm&r=g\",\"caption\":\"Aeroclub Paran\u00e1\"},\"url\":\"https:\/\/aeroclubparana.org.ar\/web\/index.php\/author\/aeroclubparana\/\"}]}<\/script>\n<!-- \/ Yoast SEO plugin. -->","yoast_head_json":{"title":"Cuarto Vuelo para el Plan Provincial del Manejo del Fuego. - Aeroclub Ciudad de Paran\u00e1","robots":{"index":"index","follow":"follow","max-snippet":"max-snippet:-1","max-image-preview":"max-image-preview:large","max-video-preview":"max-video-preview:-1"},"canonical":"https:\/\/aeroclubparana.org.ar\/web\/index.php\/2021\/10\/06\/cuarto-vuelo-para-el-plan-provincial-del-manejo-del-fuego\/","og_locale":"es_ES","og_type":"article","og_title":"Cuarto Vuelo para el Plan Provincial del Manejo del Fuego. - Aeroclub Ciudad de Paran\u00e1","og_description":"En la ma\u00f1ana de hoy, 6\/10\/21, se llev\u00f3 a cabo el cuarto vuelo de vigilancia para la localizaci\u00f3n y relevamiento de fogos igneos sobre el SE de la localidad de Diamante, en la zona del Pre-Delta m\u00e1s precisamente. En la oportunidad la tripulaci\u00f3n estuvo integrada por los Pilotos Oscar Zubielqui y Ariel Paoloni (Vigia) utilizando [&hellip;]","og_url":"https:\/\/aeroclubparana.org.ar\/web\/index.php\/2021\/10\/06\/cuarto-vuelo-para-el-plan-provincial-del-manejo-del-fuego\/","og_site_name":"Aeroclub Ciudad de Paran\u00e1","article_published_time":"2021-10-06T17:02:28+00:00","article_modified_time":"2021-10-06T17:02:31+00:00","og_image":[{"width":531,"height":533,"url":"https:\/\/aeroclubparana.org.ar\/web\/wp-content\/uploads\/2021\/10\/vuelo_061021_1.jpg","type":"image\/jpeg"}],"author":"Aeroclub Paran\u00e1","twitter_card":"summary_large_image","twitter_misc":{"Escrito por":"Aeroclub Paran\u00e1","Tiempo de lectura":"2 minutos"},"schema":{"@context":"https:\/\/schema.org","@graph":[{"@type":"WebPage","@id":"https:\/\/aeroclubparana.org.ar\/web\/index.php\/2021\/10\/06\/cuarto-vuelo-para-el-plan-provincial-del-manejo-del-fuego\/","url":"https:\/\/aeroclubparana.org.ar\/web\/index.php\/2021\/10\/06\/cuarto-vuelo-para-el-plan-provincial-del-manejo-del-fuego\/","name":"Cuarto Vuelo para el Plan Provincial del Manejo del Fuego. - Aeroclub Ciudad de Paran\u00e1","isPartOf":{"@id":"https:\/\/aeroclubparana.org.ar\/web\/#website"},"primaryImageOfPage":{"@id":"https:\/\/aeroclubparana.org.ar\/web\/index.php\/2021\/10\/06\/cuarto-vuelo-para-el-plan-provincial-del-manejo-del-fuego\/#primaryimage"},"image":{"@id":"https:\/\/aeroclubparana.org.ar\/web\/index.php\/2021\/10\/06\/cuarto-vuelo-para-el-plan-provincial-del-manejo-del-fuego\/#primaryimage"},"thumbnailUrl":"https:\/\/aeroclubparana.org.ar\/web\/wp-content\/uploads\/2021\/10\/vuelo_061021_1.jpg","datePublished":"2021-10-06T17:02:28+00:00","dateModified":"2021-10-06T17:02:31+00:00","author":{"@id":"https:\/\/aeroclubparana.org.ar\/web\/#\/schema\/person\/30f08c2720d348886b3c95c716eda4ee"},"breadcrumb":{"@id":"https:\/\/aeroclubparana.org.ar\/web\/index.php\/2021\/10\/06\/cuarto-vuelo-para-el-plan-provincial-del-manejo-del-fuego\/#breadcrumb"},"inLanguage":"es","potentialAction":[{"@type":"ReadAction","target":["https:\/\/aeroclubparana.org.ar\/web\/index.php\/2021\/10\/06\/cuarto-vuelo-para-el-plan-provincial-del-manejo-del-fuego\/"]}]},{"@type":"ImageObject","inLanguage":"es","@id":"https:\/\/aeroclubparana.org.ar\/web\/index.php\/2021\/10\/06\/cuarto-vuelo-para-el-plan-provincial-del-manejo-del-fuego\/#primaryimage","url":"https:\/\/aeroclubparana.org.ar\/web\/wp-content\/uploads\/2021\/10\/vuelo_061021_1.jpg","contentUrl":"https:\/\/aeroclubparana.org.ar\/web\/wp-content\/uploads\/2021\/10\/vuelo_061021_1.jpg","width":531,"height":533},{"@type":"BreadcrumbList","@id":"https:\/\/aeroclubparana.org.ar\/web\/index.php\/2021\/10\/06\/cuarto-vuelo-para-el-plan-provincial-del-manejo-del-fuego\/#breadcrumb","itemListElement":[{"@type":"ListItem","position":1,"name":"Home","item":"https:\/\/aeroclubparana.org.ar\/web\/"},{"@type":"ListItem","position":2,"name":"Cuarto Vuelo para el Plan Provincial del Manejo del Fuego."}]},{"@type":"WebSite","@id":"https:\/\/aeroclubparana.org.ar\/web\/#website","url":"https:\/\/aeroclubparana.org.ar\/web\/","name":"Aeroclub Ciudad de Paran\u00e1","description":"","potentialAction":[{"@type":"SearchAction","target":{"@type":"EntryPoint","urlTemplate":"https:\/\/aeroclubparana.org.ar\/web\/?s={search_term_string}"},"query-input":"required name=search_term_string"}],"inLanguage":"es"},{"@type":"Person","@id":"https:\/\/aeroclubparana.org.ar\/web\/#\/schema\/person\/30f08c2720d348886b3c95c716eda4ee","name":"Aeroclub Paran\u00e1","image":{"@type":"ImageObject","inLanguage":"es","@id":"https:\/\/aeroclubparana.org.ar\/web\/#\/schema\/person\/image\/","url":"https:\/\/secure.gravatar.com\/avatar\/bf5974e327a751bee34ee94520c70420?s=96&d=mm&r=g","contentUrl":"https:\/\/secure.gravatar.com\/avatar\/bf5974e327a751bee34ee94520c70420?s=96&d=mm&r=g","caption":"Aeroclub Paran\u00e1"},"url":"https:\/\/aeroclubparana.org.ar\/web\/index.php\/author\/aeroclubparana\/"}]}},"_links":{"self":[{"href":"https:\/\/aeroclubparana.org.ar\/web\/index.php\/wp-json\/wp\/v2\/posts\/807","targetHints":{"allow":["GET"]}}],"collection":[{"href":"https:\/\/aeroclubparana.org.ar\/web\/index.php\/wp-json\/wp\/v2\/posts"}],"about":[{"href":"https:\/\/aeroclubparana.org.ar\/web\/index.php\/wp-json\/wp\/v2\/types\/post"}],"author":[{"embeddable":true,"href":"https:\/\/aeroclubparana.org.ar\/web\/index.php\/wp-json\/wp\/v2\/users\/2"}],"replies":[{"embeddable":true,"href":"https:\/\/aeroclubparana.org.ar\/web\/index.php\/wp-json\/wp\/v2\/comments?post=807"}],"version-history":[{"count":2,"href":"https:\/\/aeroclubparana.org.ar\/web\/index.php\/wp-json\/wp\/v2\/posts\/807\/revisions"}],"predecessor-version":[{"id":815,"href":"https:\/\/aeroclubparana.org.ar\/web\/index.php\/wp-json\/wp\/v2\/posts\/807\/revisions\/815"}],"wp:featuredmedia":[{"embeddable":true,"href":"https:\/\/aeroclubparana.org.ar\/web\/index.php\/wp-json\/wp\/v2\/media\/813"}],"wp:attachment":[{"href":"https:\/\/aeroclubparana.org.ar\/web\/index.php\/wp-json\/wp\/v2\/media?parent=807"}],"wp:term":[{"taxonomy":"category","embeddable":true,"href":"https:\/\/aeroclubparana.org.ar\/web\/index.php\/wp-json\/wp\/v2\/categories?post=807"},{"taxonomy":"post_tag","embeddable":true,"href":"https:\/\/aeroclubparana.org.ar\/web\/index.php\/wp-json\/wp\/v2\/tags?post=807"}],"curies":[{"name":"wp","href":"https:\/\/api.w.org\/{rel}","templated":true}]}}