{"id":740,"date":"2021-09-30T18:58:06","date_gmt":"2021-09-30T18:58:06","guid":{"rendered":"https:\/\/aeroclubparana.org.ar\/web\/?p=740"},"modified":"2021-09-30T19:00:32","modified_gmt":"2021-09-30T19:00:32","slug":"nuevos-pilotos-privados-de-avion-e-instructor-de-vuelo","status":"publish","type":"post","link":"https:\/\/aeroclubparana.org.ar\/web\/index.php\/2021\/09\/30\/nuevos-pilotos-privados-de-avion-e-instructor-de-vuelo\/","title":{"rendered":"Nuevos Pilotos Privados de Avi\u00f3n e Instructor de Vuelo."},"content":{"rendered":"\n<p><span class=\"has-inline-color has-black-color\">Durante los d\u00edas Lunes 27 y Martes 28 de Setiembre, arrib\u00f3 a nuestro Aeroclub proveniente de Rosario, el Inspector Gubernamental de Vuelo, Luciano Costa Lopez, para proceder a tomar los ex\u00e1menes correspondientes al pedido que desde nuestra Instituci\u00f3n se realizar\u00e1 oportunamente. En tal sentido dos alumnos, ahora pilotos, rindieron su examen te\u00f3rico\/pr\u00e1ctico para la obenci\u00f3n de sus licencia de Pilotos Privados de Avi\u00f3n, y uno para la licencia de Instructor de Vuelo.<br>Desde la CD del Aeroclub, saludamos a los nuevos PPA, Lucio Enrique LENESCHMIT, Damian Jesus Norberto EDER, y al Instructor de Vuelo, Cristian Javier REYNOSO.<br>Es menester tambien, felicitar a los Instructores de Vuelo que tuvieron a cargo a estos ex-alumnos.<\/span><\/p>\n\n\n\n<p><\/p>\n\n\n\n<figure class=\"wp-block-gallery columns-2 is-cropped wp-block-gallery-1 is-layout-flex wp-block-gallery-is-layout-flex\"><ul class=\"blocks-gallery-grid\"><li class=\"blocks-gallery-item\"><figure><a href=\"https:\/\/aeroclubparana.org.ar\/web\/wp-content\/uploads\/2021\/09\/ppas.jpeg\"><img loading=\"lazy\" decoding=\"async\" width=\"1024\" height=\"768\" src=\"https:\/\/aeroclubparana.org.ar\/web\/wp-content\/uploads\/2021\/09\/ppas-1024x768.jpeg\" alt=\"\" data-id=\"741\" data-full-url=\"https:\/\/aeroclubparana.org.ar\/web\/wp-content\/uploads\/2021\/09\/ppas.jpeg\" data-link=\"https:\/\/aeroclubparana.org.ar\/web\/?attachment_id=741\" class=\"wp-image-741\" srcset=\"https:\/\/aeroclubparana.org.ar\/web\/wp-content\/uploads\/2021\/09\/ppas-1024x768.jpeg 1024w, https:\/\/aeroclubparana.org.ar\/web\/wp-content\/uploads\/2021\/09\/ppas-300x225.jpeg 300w, https:\/\/aeroclubparana.org.ar\/web\/wp-content\/uploads\/2021\/09\/ppas-768x576.jpeg 768w, https:\/\/aeroclubparana.org.ar\/web\/wp-content\/uploads\/2021\/09\/ppas-1536x1152.jpeg 1536w, https:\/\/aeroclubparana.org.ar\/web\/wp-content\/uploads\/2021\/09\/ppas-1080x810.jpeg 1080w, https:\/\/aeroclubparana.org.ar\/web\/wp-content\/uploads\/2021\/09\/ppas.jpeg 1600w\" sizes=\"auto, (max-width: 1024px) 100vw, 1024px\" \/><\/a><\/figure><\/li><li class=\"blocks-gallery-item\"><figure><a href=\"https:\/\/aeroclubparana.org.ar\/web\/wp-content\/uploads\/2021\/09\/reynoso.jpeg\"><img loading=\"lazy\" decoding=\"async\" width=\"1024\" height=\"769\" src=\"https:\/\/aeroclubparana.org.ar\/web\/wp-content\/uploads\/2021\/09\/reynoso-1024x769.jpeg\" alt=\"\" data-id=\"742\" data-full-url=\"https:\/\/aeroclubparana.org.ar\/web\/wp-content\/uploads\/2021\/09\/reynoso.jpeg\" data-link=\"https:\/\/aeroclubparana.org.ar\/web\/?attachment_id=742\" class=\"wp-image-742\" srcset=\"https:\/\/aeroclubparana.org.ar\/web\/wp-content\/uploads\/2021\/09\/reynoso-1024x769.jpeg 1024w, https:\/\/aeroclubparana.org.ar\/web\/wp-content\/uploads\/2021\/09\/reynoso-300x225.jpeg 300w, https:\/\/aeroclubparana.org.ar\/web\/wp-content\/uploads\/2021\/09\/reynoso-768x577.jpeg 768w, https:\/\/aeroclubparana.org.ar\/web\/wp-content\/uploads\/2021\/09\/reynoso.jpeg 1080w\" sizes=\"auto, (max-width: 1024px) 100vw, 1024px\" \/><\/a><\/figure><\/li><\/ul><\/figure>\n","protected":false},"excerpt":{"rendered":"<p>Durante los d\u00edas Lunes 27 y Martes 28 de Setiembre, arrib\u00f3 a nuestro Aeroclub proveniente de Rosario, el Inspector Gubernamental de Vuelo, Luciano Costa Lopez, para proceder a tomar los ex\u00e1menes correspondientes al pedido que desde nuestra Instituci\u00f3n se realizar\u00e1 oportunamente. En tal sentido dos alumnos, ahora pilotos, rindieron su examen te\u00f3rico\/pr\u00e1ctico para la obenci\u00f3n [&hellip;]<\/p>\n","protected":false},"author":2,"featured_media":743,"comment_status":"open","ping_status":"open","sticky":false,"template":"","format":"standard","meta":{"_et_pb_use_builder":"","_et_pb_old_content":"","_et_gb_content_width":"","footnotes":""},"categories":[1],"tags":[],"class_list":["post-740","post","type-post","status-publish","format-standard","has-post-thumbnail","hentry","category-uncategorized","et-has-post-format-content","et_post_format-et-post-format-standard"],"yoast_head":"<!-- This site is optimized with the Yoast SEO plugin v22.8 - https:\/\/yoast.com\/wordpress\/plugins\/seo\/ -->\n<title>Nuevos Pilotos Privados de Avi\u00f3n e Instructor de Vuelo. - Aeroclub Ciudad de Paran\u00e1<\/title>\n<meta name=\"robots\" content=\"index, follow, max-snippet:-1, max-image-preview:large, max-video-preview:-1\" \/>\n<link rel=\"canonical\" href=\"https:\/\/aeroclubparana.org.ar\/web\/index.php\/2021\/09\/30\/nuevos-pilotos-privados-de-avion-e-instructor-de-vuelo\/\" \/>\n<meta property=\"og:locale\" content=\"es_ES\" \/>\n<meta property=\"og:type\" content=\"article\" \/>\n<meta property=\"og:title\" content=\"Nuevos Pilotos Privados de Avi\u00f3n e Instructor de Vuelo. - Aeroclub Ciudad de Paran\u00e1\" \/>\n<meta property=\"og:description\" content=\"Durante los d\u00edas Lunes 27 y Martes 28 de Setiembre, arrib\u00f3 a nuestro Aeroclub proveniente de Rosario, el Inspector Gubernamental de Vuelo, Luciano Costa Lopez, para proceder a tomar los ex\u00e1menes correspondientes al pedido que desde nuestra Instituci\u00f3n se realizar\u00e1 oportunamente. En tal sentido dos alumnos, ahora pilotos, rindieron su examen te\u00f3rico\/pr\u00e1ctico para la obenci\u00f3n [&hellip;]\" \/>\n<meta property=\"og:url\" content=\"https:\/\/aeroclubparana.org.ar\/web\/index.php\/2021\/09\/30\/nuevos-pilotos-privados-de-avion-e-instructor-de-vuelo\/\" \/>\n<meta property=\"og:site_name\" content=\"Aeroclub Ciudad de Paran\u00e1\" \/>\n<meta property=\"article:published_time\" content=\"2021-09-30T18:58:06+00:00\" \/>\n<meta property=\"article:modified_time\" content=\"2021-09-30T19:00:32+00:00\" \/>\n<meta property=\"og:image\" content=\"https:\/\/aeroclubparana.org.ar\/web\/wp-content\/uploads\/2021\/09\/escueladevuelonovedad-01.jpg\" \/>\n\t<meta property=\"og:image:width\" content=\"1592\" \/>\n\t<meta property=\"og:image:height\" content=\"696\" \/>\n\t<meta property=\"og:image:type\" content=\"image\/jpeg\" \/>\n<meta name=\"author\" content=\"Aeroclub Paran\u00e1\" \/>\n<meta name=\"twitter:card\" content=\"summary_large_image\" \/>\n<meta name=\"twitter:label1\" content=\"Escrito por\" \/>\n\t<meta name=\"twitter:data1\" content=\"Aeroclub Paran\u00e1\" \/>\n\t<meta name=\"twitter:label2\" content=\"Tiempo de lectura\" \/>\n\t<meta name=\"twitter:data2\" content=\"1 minuto\" \/>\n<script type=\"application\/ld+json\" class=\"yoast-schema-graph\">{\"@context\":\"https:\/\/schema.org\",\"@graph\":[{\"@type\":\"WebPage\",\"@id\":\"https:\/\/aeroclubparana.org.ar\/web\/index.php\/2021\/09\/30\/nuevos-pilotos-privados-de-avion-e-instructor-de-vuelo\/\",\"url\":\"https:\/\/aeroclubparana.org.ar\/web\/index.php\/2021\/09\/30\/nuevos-pilotos-privados-de-avion-e-instructor-de-vuelo\/\",\"name\":\"Nuevos Pilotos Privados de Avi\u00f3n e Instructor de Vuelo. - Aeroclub Ciudad de Paran\u00e1\",\"isPartOf\":{\"@id\":\"https:\/\/aeroclubparana.org.ar\/web\/#website\"},\"primaryImageOfPage\":{\"@id\":\"https:\/\/aeroclubparana.org.ar\/web\/index.php\/2021\/09\/30\/nuevos-pilotos-privados-de-avion-e-instructor-de-vuelo\/#primaryimage\"},\"image\":{\"@id\":\"https:\/\/aeroclubparana.org.ar\/web\/index.php\/2021\/09\/30\/nuevos-pilotos-privados-de-avion-e-instructor-de-vuelo\/#primaryimage\"},\"thumbnailUrl\":\"https:\/\/aeroclubparana.org.ar\/web\/wp-content\/uploads\/2021\/09\/escueladevuelonovedad-01.jpg\",\"datePublished\":\"2021-09-30T18:58:06+00:00\",\"dateModified\":\"2021-09-30T19:00:32+00:00\",\"author\":{\"@id\":\"https:\/\/aeroclubparana.org.ar\/web\/#\/schema\/person\/30f08c2720d348886b3c95c716eda4ee\"},\"breadcrumb\":{\"@id\":\"https:\/\/aeroclubparana.org.ar\/web\/index.php\/2021\/09\/30\/nuevos-pilotos-privados-de-avion-e-instructor-de-vuelo\/#breadcrumb\"},\"inLanguage\":\"es\",\"potentialAction\":[{\"@type\":\"ReadAction\",\"target\":[\"https:\/\/aeroclubparana.org.ar\/web\/index.php\/2021\/09\/30\/nuevos-pilotos-privados-de-avion-e-instructor-de-vuelo\/\"]}]},{\"@type\":\"ImageObject\",\"inLanguage\":\"es\",\"@id\":\"https:\/\/aeroclubparana.org.ar\/web\/index.php\/2021\/09\/30\/nuevos-pilotos-privados-de-avion-e-instructor-de-vuelo\/#primaryimage\",\"url\":\"https:\/\/aeroclubparana.org.ar\/web\/wp-content\/uploads\/2021\/09\/escueladevuelonovedad-01.jpg\",\"contentUrl\":\"https:\/\/aeroclubparana.org.ar\/web\/wp-content\/uploads\/2021\/09\/escueladevuelonovedad-01.jpg\",\"width\":1592,\"height\":696},{\"@type\":\"BreadcrumbList\",\"@id\":\"https:\/\/aeroclubparana.org.ar\/web\/index.php\/2021\/09\/30\/nuevos-pilotos-privados-de-avion-e-instructor-de-vuelo\/#breadcrumb\",\"itemListElement\":[{\"@type\":\"ListItem\",\"position\":1,\"name\":\"Home\",\"item\":\"https:\/\/aeroclubparana.org.ar\/web\/\"},{\"@type\":\"ListItem\",\"position\":2,\"name\":\"Nuevos Pilotos Privados de Avi\u00f3n e Instructor de Vuelo.\"}]},{\"@type\":\"WebSite\",\"@id\":\"https:\/\/aeroclubparana.org.ar\/web\/#website\",\"url\":\"https:\/\/aeroclubparana.org.ar\/web\/\",\"name\":\"Aeroclub Ciudad de Paran\u00e1\",\"description\":\"\",\"potentialAction\":[{\"@type\":\"SearchAction\",\"target\":{\"@type\":\"EntryPoint\",\"urlTemplate\":\"https:\/\/aeroclubparana.org.ar\/web\/?s={search_term_string}\"},\"query-input\":\"required name=search_term_string\"}],\"inLanguage\":\"es\"},{\"@type\":\"Person\",\"@id\":\"https:\/\/aeroclubparana.org.ar\/web\/#\/schema\/person\/30f08c2720d348886b3c95c716eda4ee\",\"name\":\"Aeroclub Paran\u00e1\",\"image\":{\"@type\":\"ImageObject\",\"inLanguage\":\"es\",\"@id\":\"https:\/\/aeroclubparana.org.ar\/web\/#\/schema\/person\/image\/\",\"url\":\"https:\/\/secure.gravatar.com\/avatar\/bf5974e327a751bee34ee94520c70420?s=96&d=mm&r=g\",\"contentUrl\":\"https:\/\/secure.gravatar.com\/avatar\/bf5974e327a751bee34ee94520c70420?s=96&d=mm&r=g\",\"caption\":\"Aeroclub Paran\u00e1\"},\"url\":\"https:\/\/aeroclubparana.org.ar\/web\/index.php\/author\/aeroclubparana\/\"}]}<\/script>\n<!-- \/ Yoast SEO plugin. -->","yoast_head_json":{"title":"Nuevos Pilotos Privados de Avi\u00f3n e Instructor de Vuelo. - Aeroclub Ciudad de Paran\u00e1","robots":{"index":"index","follow":"follow","max-snippet":"max-snippet:-1","max-image-preview":"max-image-preview:large","max-video-preview":"max-video-preview:-1"},"canonical":"https:\/\/aeroclubparana.org.ar\/web\/index.php\/2021\/09\/30\/nuevos-pilotos-privados-de-avion-e-instructor-de-vuelo\/","og_locale":"es_ES","og_type":"article","og_title":"Nuevos Pilotos Privados de Avi\u00f3n e Instructor de Vuelo. - Aeroclub Ciudad de Paran\u00e1","og_description":"Durante los d\u00edas Lunes 27 y Martes 28 de Setiembre, arrib\u00f3 a nuestro Aeroclub proveniente de Rosario, el Inspector Gubernamental de Vuelo, Luciano Costa Lopez, para proceder a tomar los ex\u00e1menes correspondientes al pedido que desde nuestra Instituci\u00f3n se realizar\u00e1 oportunamente. En tal sentido dos alumnos, ahora pilotos, rindieron su examen te\u00f3rico\/pr\u00e1ctico para la obenci\u00f3n [&hellip;]","og_url":"https:\/\/aeroclubparana.org.ar\/web\/index.php\/2021\/09\/30\/nuevos-pilotos-privados-de-avion-e-instructor-de-vuelo\/","og_site_name":"Aeroclub Ciudad de Paran\u00e1","article_published_time":"2021-09-30T18:58:06+00:00","article_modified_time":"2021-09-30T19:00:32+00:00","og_image":[{"width":1592,"height":696,"url":"https:\/\/aeroclubparana.org.ar\/web\/wp-content\/uploads\/2021\/09\/escueladevuelonovedad-01.jpg","type":"image\/jpeg"}],"author":"Aeroclub Paran\u00e1","twitter_card":"summary_large_image","twitter_misc":{"Escrito por":"Aeroclub Paran\u00e1","Tiempo de lectura":"1 minuto"},"schema":{"@context":"https:\/\/schema.org","@graph":[{"@type":"WebPage","@id":"https:\/\/aeroclubparana.org.ar\/web\/index.php\/2021\/09\/30\/nuevos-pilotos-privados-de-avion-e-instructor-de-vuelo\/","url":"https:\/\/aeroclubparana.org.ar\/web\/index.php\/2021\/09\/30\/nuevos-pilotos-privados-de-avion-e-instructor-de-vuelo\/","name":"Nuevos Pilotos Privados de Avi\u00f3n e Instructor de Vuelo. - Aeroclub Ciudad de Paran\u00e1","isPartOf":{"@id":"https:\/\/aeroclubparana.org.ar\/web\/#website"},"primaryImageOfPage":{"@id":"https:\/\/aeroclubparana.org.ar\/web\/index.php\/2021\/09\/30\/nuevos-pilotos-privados-de-avion-e-instructor-de-vuelo\/#primaryimage"},"image":{"@id":"https:\/\/aeroclubparana.org.ar\/web\/index.php\/2021\/09\/30\/nuevos-pilotos-privados-de-avion-e-instructor-de-vuelo\/#primaryimage"},"thumbnailUrl":"https:\/\/aeroclubparana.org.ar\/web\/wp-content\/uploads\/2021\/09\/escueladevuelonovedad-01.jpg","datePublished":"2021-09-30T18:58:06+00:00","dateModified":"2021-09-30T19:00:32+00:00","author":{"@id":"https:\/\/aeroclubparana.org.ar\/web\/#\/schema\/person\/30f08c2720d348886b3c95c716eda4ee"},"breadcrumb":{"@id":"https:\/\/aeroclubparana.org.ar\/web\/index.php\/2021\/09\/30\/nuevos-pilotos-privados-de-avion-e-instructor-de-vuelo\/#breadcrumb"},"inLanguage":"es","potentialAction":[{"@type":"ReadAction","target":["https:\/\/aeroclubparana.org.ar\/web\/index.php\/2021\/09\/30\/nuevos-pilotos-privados-de-avion-e-instructor-de-vuelo\/"]}]},{"@type":"ImageObject","inLanguage":"es","@id":"https:\/\/aeroclubparana.org.ar\/web\/index.php\/2021\/09\/30\/nuevos-pilotos-privados-de-avion-e-instructor-de-vuelo\/#primaryimage","url":"https:\/\/aeroclubparana.org.ar\/web\/wp-content\/uploads\/2021\/09\/escueladevuelonovedad-01.jpg","contentUrl":"https:\/\/aeroclubparana.org.ar\/web\/wp-content\/uploads\/2021\/09\/escueladevuelonovedad-01.jpg","width":1592,"height":696},{"@type":"BreadcrumbList","@id":"https:\/\/aeroclubparana.org.ar\/web\/index.php\/2021\/09\/30\/nuevos-pilotos-privados-de-avion-e-instructor-de-vuelo\/#breadcrumb","itemListElement":[{"@type":"ListItem","position":1,"name":"Home","item":"https:\/\/aeroclubparana.org.ar\/web\/"},{"@type":"ListItem","position":2,"name":"Nuevos Pilotos Privados de Avi\u00f3n e Instructor de Vuelo."}]},{"@type":"WebSite","@id":"https:\/\/aeroclubparana.org.ar\/web\/#website","url":"https:\/\/aeroclubparana.org.ar\/web\/","name":"Aeroclub Ciudad de Paran\u00e1","description":"","potentialAction":[{"@type":"SearchAction","target":{"@type":"EntryPoint","urlTemplate":"https:\/\/aeroclubparana.org.ar\/web\/?s={search_term_string}"},"query-input":"required name=search_term_string"}],"inLanguage":"es"},{"@type":"Person","@id":"https:\/\/aeroclubparana.org.ar\/web\/#\/schema\/person\/30f08c2720d348886b3c95c716eda4ee","name":"Aeroclub Paran\u00e1","image":{"@type":"ImageObject","inLanguage":"es","@id":"https:\/\/aeroclubparana.org.ar\/web\/#\/schema\/person\/image\/","url":"https:\/\/secure.gravatar.com\/avatar\/bf5974e327a751bee34ee94520c70420?s=96&d=mm&r=g","contentUrl":"https:\/\/secure.gravatar.com\/avatar\/bf5974e327a751bee34ee94520c70420?s=96&d=mm&r=g","caption":"Aeroclub Paran\u00e1"},"url":"https:\/\/aeroclubparana.org.ar\/web\/index.php\/author\/aeroclubparana\/"}]}},"_links":{"self":[{"href":"https:\/\/aeroclubparana.org.ar\/web\/index.php\/wp-json\/wp\/v2\/posts\/740","targetHints":{"allow":["GET"]}}],"collection":[{"href":"https:\/\/aeroclubparana.org.ar\/web\/index.php\/wp-json\/wp\/v2\/posts"}],"about":[{"href":"https:\/\/aeroclubparana.org.ar\/web\/index.php\/wp-json\/wp\/v2\/types\/post"}],"author":[{"embeddable":true,"href":"https:\/\/aeroclubparana.org.ar\/web\/index.php\/wp-json\/wp\/v2\/users\/2"}],"replies":[{"embeddable":true,"href":"https:\/\/aeroclubparana.org.ar\/web\/index.php\/wp-json\/wp\/v2\/comments?post=740"}],"version-history":[{"count":4,"href":"https:\/\/aeroclubparana.org.ar\/web\/index.php\/wp-json\/wp\/v2\/posts\/740\/revisions"}],"predecessor-version":[{"id":747,"href":"https:\/\/aeroclubparana.org.ar\/web\/index.php\/wp-json\/wp\/v2\/posts\/740\/revisions\/747"}],"wp:featuredmedia":[{"embeddable":true,"href":"https:\/\/aeroclubparana.org.ar\/web\/index.php\/wp-json\/wp\/v2\/media\/743"}],"wp:attachment":[{"href":"https:\/\/aeroclubparana.org.ar\/web\/index.php\/wp-json\/wp\/v2\/media?parent=740"}],"wp:term":[{"taxonomy":"category","embeddable":true,"href":"https:\/\/aeroclubparana.org.ar\/web\/index.php\/wp-json\/wp\/v2\/categories?post=740"},{"taxonomy":"post_tag","embeddable":true,"href":"https:\/\/aeroclubparana.org.ar\/web\/index.php\/wp-json\/wp\/v2\/tags?post=740"}],"curies":[{"name":"wp","href":"https:\/\/api.w.org\/{rel}","templated":true}]}}