{"id":410,"date":"2021-01-30T14:08:48","date_gmt":"2021-01-30T14:08:48","guid":{"rendered":"https:\/\/aeroclubparana.org.ar\/web\/?p=410"},"modified":"2021-01-30T14:16:17","modified_gmt":"2021-01-30T14:16:17","slug":"charla-taller-sobre-crm-y-ffhh","status":"publish","type":"post","link":"https:\/\/aeroclubparana.org.ar\/web\/index.php\/2021\/01\/30\/charla-taller-sobre-crm-y-ffhh\/","title":{"rendered":"Charla\/Taller sobre CRM y FFHH."},"content":{"rendered":"\n<p><span class=\"has-inline-color has-black-color\">En la noche de ayer Viernes 29\/01 y tal lo anunciado, se llev\u00f3 a cabo la primera charla\/taller sobre CRM y FFHH, a cargo del Instructor Facilitador Jos\u00e9 Lino Guarneri Churruar\u00edn.<br>De la misma participaron pilotos y personal del Aeroclub, quienes siguieron las instancias del tema que vas m\u00e1s all\u00e1 del vuelo en si. El CRM, propende a la detecci\u00f3n y detenci\u00f3n de una cadena de errores operacionales. Estos errores NO s\u00f3lo suceden en el avi\u00f3n y muchas veces se inician en tierra.<\/span><\/p>\n\n\n\n<p><span class=\"has-inline-color has-black-color\">Los factores humanos se refieren a factores ambientales, organizativos y de trabajo, y las caracter\u00edsticas humanas e individuales que influyen en el comportamiento en el trabajo de una manera que pueden afectar a la salud y a la seguridad. Dicho de otra manera, los FFHH, refieren a las personas sean o no Pilotos y\/o Tripulaciones y su relaci\u00f3n con m\u00e1quinas, procedimientos y ambientes que lo rodean y lo m\u00e1s importante, las relaciones de pares.<\/span><\/p>\n\n\n\n<p><span class=\"has-inline-color has-black-color\">Participaron del Taller:<br>Cristian Reynoso, Patricio Cepellotti, Ariel Paoloni, Mariano Gandolfo, Mar\u00eda Leticia Mujica, Sebasti\u00e1n Marizza, Luis Arce, Ignacio D\u00edaz, Jos\u00e9 Lu\u00eds D\u00edaz, Nelson Sturtz, Daniel Mangia, Juli\u00e1n Gottig, Agust\u00edn Morelli, Misael D\u00edaz, Roberto Boiero, Lucas Aspillaga, Eduardo Lorenzatto, y Jorge Mateich.<\/span><\/p>\n\n\n\n<p><span class=\"has-inline-color has-black-color\">Para cerrar la jornada, se entregaron los correspondientes certificados y luego se compartieron choripanes y gaseosas.<\/span><\/p>\n\n\n\n<p><span class=\"has-inline-color has-black-color\">Desde la Comisi\u00f3n Directiva, agradecemos la participaci\u00f3n y el inter\u00e9s de los cursantes y por supuesto el tiempo y la predisposici\u00f3n de \u00abJoselino\u00bb Guarneri para compartir sus conocimientos.<\/span><\/p>\n\n\n\n<p><span class=\"has-inline-color has-black-color\">Ya estamos trabajando en el pr\u00f3ximo taller. Informaremos.<\/span><\/p>\n\n\n\n<figure class=\"wp-block-gallery columns-3 is-cropped wp-block-gallery-1 is-layout-flex wp-block-gallery-is-layout-flex\"><ul class=\"blocks-gallery-grid\"><li class=\"blocks-gallery-item\"><figure><a href=\"https:\/\/aeroclubparana.org.ar\/web\/wp-content\/uploads\/2021\/01\/20210129_203747-scaled.jpg\"><img loading=\"lazy\" decoding=\"async\" width=\"1024\" height=\"498\" src=\"https:\/\/aeroclubparana.org.ar\/web\/wp-content\/uploads\/2021\/01\/20210129_203747-1024x498.jpg\" alt=\"\" data-id=\"412\" data-full-url=\"https:\/\/aeroclubparana.org.ar\/web\/wp-content\/uploads\/2021\/01\/20210129_203747-scaled.jpg\" data-link=\"https:\/\/aeroclubparana.org.ar\/web\/?attachment_id=412\" class=\"wp-image-412\" srcset=\"https:\/\/aeroclubparana.org.ar\/web\/wp-content\/uploads\/2021\/01\/20210129_203747-1024x498.jpg 1024w, https:\/\/aeroclubparana.org.ar\/web\/wp-content\/uploads\/2021\/01\/20210129_203747-300x146.jpg 300w, https:\/\/aeroclubparana.org.ar\/web\/wp-content\/uploads\/2021\/01\/20210129_203747-768x373.jpg 768w, https:\/\/aeroclubparana.org.ar\/web\/wp-content\/uploads\/2021\/01\/20210129_203747-1536x747.jpg 1536w, https:\/\/aeroclubparana.org.ar\/web\/wp-content\/uploads\/2021\/01\/20210129_203747-2048x996.jpg 2048w, https:\/\/aeroclubparana.org.ar\/web\/wp-content\/uploads\/2021\/01\/20210129_203747-1080x525.jpg 1080w\" sizes=\"auto, (max-width: 1024px) 100vw, 1024px\" \/><\/a><\/figure><\/li><li class=\"blocks-gallery-item\"><figure><a href=\"https:\/\/aeroclubparana.org.ar\/web\/wp-content\/uploads\/2021\/01\/20210129_205039-scaled.jpg\"><img loading=\"lazy\" decoding=\"async\" width=\"1024\" height=\"498\" src=\"https:\/\/aeroclubparana.org.ar\/web\/wp-content\/uploads\/2021\/01\/20210129_205039-1024x498.jpg\" alt=\"\" data-id=\"413\" data-full-url=\"https:\/\/aeroclubparana.org.ar\/web\/wp-content\/uploads\/2021\/01\/20210129_205039-scaled.jpg\" data-link=\"https:\/\/aeroclubparana.org.ar\/web\/?attachment_id=413\" class=\"wp-image-413\" srcset=\"https:\/\/aeroclubparana.org.ar\/web\/wp-content\/uploads\/2021\/01\/20210129_205039-1024x498.jpg 1024w, https:\/\/aeroclubparana.org.ar\/web\/wp-content\/uploads\/2021\/01\/20210129_205039-300x146.jpg 300w, https:\/\/aeroclubparana.org.ar\/web\/wp-content\/uploads\/2021\/01\/20210129_205039-768x373.jpg 768w, https:\/\/aeroclubparana.org.ar\/web\/wp-content\/uploads\/2021\/01\/20210129_205039-1536x747.jpg 1536w, https:\/\/aeroclubparana.org.ar\/web\/wp-content\/uploads\/2021\/01\/20210129_205039-2048x996.jpg 2048w, https:\/\/aeroclubparana.org.ar\/web\/wp-content\/uploads\/2021\/01\/20210129_205039-1080x525.jpg 1080w\" sizes=\"auto, (max-width: 1024px) 100vw, 1024px\" \/><\/a><\/figure><\/li><li class=\"blocks-gallery-item\"><figure><a href=\"https:\/\/aeroclubparana.org.ar\/web\/wp-content\/uploads\/2021\/01\/20210129_205128-scaled.jpg\"><img loading=\"lazy\" decoding=\"async\" width=\"1024\" height=\"498\" src=\"https:\/\/aeroclubparana.org.ar\/web\/wp-content\/uploads\/2021\/01\/20210129_205128-1024x498.jpg\" alt=\"\" data-id=\"414\" data-full-url=\"https:\/\/aeroclubparana.org.ar\/web\/wp-content\/uploads\/2021\/01\/20210129_205128-scaled.jpg\" data-link=\"https:\/\/aeroclubparana.org.ar\/web\/?attachment_id=414\" class=\"wp-image-414\" srcset=\"https:\/\/aeroclubparana.org.ar\/web\/wp-content\/uploads\/2021\/01\/20210129_205128-1024x498.jpg 1024w, https:\/\/aeroclubparana.org.ar\/web\/wp-content\/uploads\/2021\/01\/20210129_205128-300x146.jpg 300w, https:\/\/aeroclubparana.org.ar\/web\/wp-content\/uploads\/2021\/01\/20210129_205128-768x373.jpg 768w, https:\/\/aeroclubparana.org.ar\/web\/wp-content\/uploads\/2021\/01\/20210129_205128-1536x747.jpg 1536w, https:\/\/aeroclubparana.org.ar\/web\/wp-content\/uploads\/2021\/01\/20210129_205128-2048x996.jpg 2048w, https:\/\/aeroclubparana.org.ar\/web\/wp-content\/uploads\/2021\/01\/20210129_205128-1080x525.jpg 1080w\" sizes=\"auto, (max-width: 1024px) 100vw, 1024px\" \/><\/a><\/figure><\/li><li class=\"blocks-gallery-item\"><figure><a href=\"https:\/\/aeroclubparana.org.ar\/web\/wp-content\/uploads\/2021\/01\/20210129_220117-scaled.jpg\"><img loading=\"lazy\" decoding=\"async\" width=\"1024\" height=\"498\" src=\"https:\/\/aeroclubparana.org.ar\/web\/wp-content\/uploads\/2021\/01\/20210129_220117-1024x498.jpg\" alt=\"\" data-id=\"415\" data-full-url=\"https:\/\/aeroclubparana.org.ar\/web\/wp-content\/uploads\/2021\/01\/20210129_220117-scaled.jpg\" data-link=\"https:\/\/aeroclubparana.org.ar\/web\/?attachment_id=415\" class=\"wp-image-415\" srcset=\"https:\/\/aeroclubparana.org.ar\/web\/wp-content\/uploads\/2021\/01\/20210129_220117-1024x498.jpg 1024w, https:\/\/aeroclubparana.org.ar\/web\/wp-content\/uploads\/2021\/01\/20210129_220117-300x146.jpg 300w, https:\/\/aeroclubparana.org.ar\/web\/wp-content\/uploads\/2021\/01\/20210129_220117-768x373.jpg 768w, https:\/\/aeroclubparana.org.ar\/web\/wp-content\/uploads\/2021\/01\/20210129_220117-1536x747.jpg 1536w, https:\/\/aeroclubparana.org.ar\/web\/wp-content\/uploads\/2021\/01\/20210129_220117-2048x996.jpg 2048w, https:\/\/aeroclubparana.org.ar\/web\/wp-content\/uploads\/2021\/01\/20210129_220117-1080x525.jpg 1080w\" sizes=\"auto, (max-width: 1024px) 100vw, 1024px\" \/><\/a><\/figure><\/li><li class=\"blocks-gallery-item\"><figure><a href=\"https:\/\/aeroclubparana.org.ar\/web\/wp-content\/uploads\/2021\/01\/20210129_220309-scaled.jpg\"><img loading=\"lazy\" decoding=\"async\" width=\"1024\" height=\"498\" src=\"https:\/\/aeroclubparana.org.ar\/web\/wp-content\/uploads\/2021\/01\/20210129_220309-1024x498.jpg\" alt=\"\" data-id=\"416\" data-full-url=\"https:\/\/aeroclubparana.org.ar\/web\/wp-content\/uploads\/2021\/01\/20210129_220309-scaled.jpg\" data-link=\"https:\/\/aeroclubparana.org.ar\/web\/?attachment_id=416\" class=\"wp-image-416\" srcset=\"https:\/\/aeroclubparana.org.ar\/web\/wp-content\/uploads\/2021\/01\/20210129_220309-1024x498.jpg 1024w, https:\/\/aeroclubparana.org.ar\/web\/wp-content\/uploads\/2021\/01\/20210129_220309-300x146.jpg 300w, https:\/\/aeroclubparana.org.ar\/web\/wp-content\/uploads\/2021\/01\/20210129_220309-768x373.jpg 768w, https:\/\/aeroclubparana.org.ar\/web\/wp-content\/uploads\/2021\/01\/20210129_220309-1536x747.jpg 1536w, https:\/\/aeroclubparana.org.ar\/web\/wp-content\/uploads\/2021\/01\/20210129_220309-2048x996.jpg 2048w, https:\/\/aeroclubparana.org.ar\/web\/wp-content\/uploads\/2021\/01\/20210129_220309-1080x525.jpg 1080w\" sizes=\"auto, (max-width: 1024px) 100vw, 1024px\" \/><\/a><\/figure><\/li><li class=\"blocks-gallery-item\"><figure><a href=\"https:\/\/aeroclubparana.org.ar\/web\/wp-content\/uploads\/2021\/01\/20210129_223153-scaled.jpg\"><img loading=\"lazy\" decoding=\"async\" width=\"1024\" height=\"498\" src=\"https:\/\/aeroclubparana.org.ar\/web\/wp-content\/uploads\/2021\/01\/20210129_223153-1024x498.jpg\" alt=\"\" data-id=\"417\" data-full-url=\"https:\/\/aeroclubparana.org.ar\/web\/wp-content\/uploads\/2021\/01\/20210129_223153-scaled.jpg\" data-link=\"https:\/\/aeroclubparana.org.ar\/web\/?attachment_id=417\" class=\"wp-image-417\" srcset=\"https:\/\/aeroclubparana.org.ar\/web\/wp-content\/uploads\/2021\/01\/20210129_223153-1024x498.jpg 1024w, https:\/\/aeroclubparana.org.ar\/web\/wp-content\/uploads\/2021\/01\/20210129_223153-300x146.jpg 300w, https:\/\/aeroclubparana.org.ar\/web\/wp-content\/uploads\/2021\/01\/20210129_223153-768x373.jpg 768w, https:\/\/aeroclubparana.org.ar\/web\/wp-content\/uploads\/2021\/01\/20210129_223153-1536x747.jpg 1536w, https:\/\/aeroclubparana.org.ar\/web\/wp-content\/uploads\/2021\/01\/20210129_223153-2048x996.jpg 2048w, https:\/\/aeroclubparana.org.ar\/web\/wp-content\/uploads\/2021\/01\/20210129_223153-1080x525.jpg 1080w\" sizes=\"auto, (max-width: 1024px) 100vw, 1024px\" \/><\/a><\/figure><\/li><\/ul><\/figure>\n","protected":false},"excerpt":{"rendered":"<p>En la noche de ayer Viernes 29\/01 y tal lo anunciado, se llev\u00f3 a cabo la primera charla\/taller sobre CRM y FFHH, a cargo del Instructor Facilitador Jos\u00e9 Lino Guarneri Churruar\u00edn.De la misma participaron pilotos y personal del Aeroclub, quienes siguieron las instancias del tema que vas m\u00e1s all\u00e1 del vuelo en si. El CRM, [&hellip;]<\/p>\n","protected":false},"author":2,"featured_media":411,"comment_status":"open","ping_status":"open","sticky":false,"template":"","format":"standard","meta":{"_et_pb_use_builder":"","_et_pb_old_content":"","_et_gb_content_width":"","footnotes":""},"categories":[1],"tags":[],"class_list":["post-410","post","type-post","status-publish","format-standard","has-post-thumbnail","hentry","category-uncategorized","et-has-post-format-content","et_post_format-et-post-format-standard"],"yoast_head":"<!-- This site is optimized with the Yoast SEO plugin v22.8 - https:\/\/yoast.com\/wordpress\/plugins\/seo\/ -->\n<title>Charla\/Taller sobre CRM y FFHH. - Aeroclub Ciudad de Paran\u00e1<\/title>\n<meta name=\"robots\" content=\"index, follow, max-snippet:-1, max-image-preview:large, max-video-preview:-1\" \/>\n<link rel=\"canonical\" href=\"https:\/\/aeroclubparana.org.ar\/web\/index.php\/2021\/01\/30\/charla-taller-sobre-crm-y-ffhh\/\" \/>\n<meta property=\"og:locale\" content=\"es_ES\" \/>\n<meta property=\"og:type\" content=\"article\" \/>\n<meta property=\"og:title\" content=\"Charla\/Taller sobre CRM y FFHH. - Aeroclub Ciudad de Paran\u00e1\" \/>\n<meta property=\"og:description\" content=\"En la noche de ayer Viernes 29\/01 y tal lo anunciado, se llev\u00f3 a cabo la primera charla\/taller sobre CRM y FFHH, a cargo del Instructor Facilitador Jos\u00e9 Lino Guarneri Churruar\u00edn.De la misma participaron pilotos y personal del Aeroclub, quienes siguieron las instancias del tema que vas m\u00e1s all\u00e1 del vuelo en si. El CRM, [&hellip;]\" \/>\n<meta property=\"og:url\" content=\"https:\/\/aeroclubparana.org.ar\/web\/index.php\/2021\/01\/30\/charla-taller-sobre-crm-y-ffhh\/\" \/>\n<meta property=\"og:site_name\" content=\"Aeroclub Ciudad de Paran\u00e1\" \/>\n<meta property=\"article:published_time\" content=\"2021-01-30T14:08:48+00:00\" \/>\n<meta property=\"article:modified_time\" content=\"2021-01-30T14:16:17+00:00\" \/>\n<meta property=\"og:image\" content=\"https:\/\/aeroclubparana.org.ar\/web\/wp-content\/uploads\/2021\/01\/20210129_220059-scaled.jpg\" \/>\n\t<meta property=\"og:image:width\" content=\"2560\" \/>\n\t<meta property=\"og:image:height\" content=\"1244\" \/>\n\t<meta property=\"og:image:type\" content=\"image\/jpeg\" \/>\n<meta name=\"author\" content=\"Aeroclub Paran\u00e1\" \/>\n<meta name=\"twitter:card\" content=\"summary_large_image\" \/>\n<meta name=\"twitter:label1\" content=\"Escrito por\" \/>\n\t<meta name=\"twitter:data1\" content=\"Aeroclub Paran\u00e1\" \/>\n\t<meta name=\"twitter:label2\" content=\"Tiempo de lectura\" \/>\n\t<meta name=\"twitter:data2\" content=\"1 minuto\" \/>\n<script type=\"application\/ld+json\" class=\"yoast-schema-graph\">{\"@context\":\"https:\/\/schema.org\",\"@graph\":[{\"@type\":\"WebPage\",\"@id\":\"https:\/\/aeroclubparana.org.ar\/web\/index.php\/2021\/01\/30\/charla-taller-sobre-crm-y-ffhh\/\",\"url\":\"https:\/\/aeroclubparana.org.ar\/web\/index.php\/2021\/01\/30\/charla-taller-sobre-crm-y-ffhh\/\",\"name\":\"Charla\/Taller sobre CRM y FFHH. - Aeroclub Ciudad de Paran\u00e1\",\"isPartOf\":{\"@id\":\"https:\/\/aeroclubparana.org.ar\/web\/#website\"},\"primaryImageOfPage\":{\"@id\":\"https:\/\/aeroclubparana.org.ar\/web\/index.php\/2021\/01\/30\/charla-taller-sobre-crm-y-ffhh\/#primaryimage\"},\"image\":{\"@id\":\"https:\/\/aeroclubparana.org.ar\/web\/index.php\/2021\/01\/30\/charla-taller-sobre-crm-y-ffhh\/#primaryimage\"},\"thumbnailUrl\":\"https:\/\/aeroclubparana.org.ar\/web\/wp-content\/uploads\/2021\/01\/20210129_220059-scaled.jpg\",\"datePublished\":\"2021-01-30T14:08:48+00:00\",\"dateModified\":\"2021-01-30T14:16:17+00:00\",\"author\":{\"@id\":\"https:\/\/aeroclubparana.org.ar\/web\/#\/schema\/person\/30f08c2720d348886b3c95c716eda4ee\"},\"breadcrumb\":{\"@id\":\"https:\/\/aeroclubparana.org.ar\/web\/index.php\/2021\/01\/30\/charla-taller-sobre-crm-y-ffhh\/#breadcrumb\"},\"inLanguage\":\"es\",\"potentialAction\":[{\"@type\":\"ReadAction\",\"target\":[\"https:\/\/aeroclubparana.org.ar\/web\/index.php\/2021\/01\/30\/charla-taller-sobre-crm-y-ffhh\/\"]}]},{\"@type\":\"ImageObject\",\"inLanguage\":\"es\",\"@id\":\"https:\/\/aeroclubparana.org.ar\/web\/index.php\/2021\/01\/30\/charla-taller-sobre-crm-y-ffhh\/#primaryimage\",\"url\":\"https:\/\/aeroclubparana.org.ar\/web\/wp-content\/uploads\/2021\/01\/20210129_220059-scaled.jpg\",\"contentUrl\":\"https:\/\/aeroclubparana.org.ar\/web\/wp-content\/uploads\/2021\/01\/20210129_220059-scaled.jpg\",\"width\":2560,\"height\":1244},{\"@type\":\"BreadcrumbList\",\"@id\":\"https:\/\/aeroclubparana.org.ar\/web\/index.php\/2021\/01\/30\/charla-taller-sobre-crm-y-ffhh\/#breadcrumb\",\"itemListElement\":[{\"@type\":\"ListItem\",\"position\":1,\"name\":\"Home\",\"item\":\"https:\/\/aeroclubparana.org.ar\/web\/\"},{\"@type\":\"ListItem\",\"position\":2,\"name\":\"Charla\/Taller sobre CRM y FFHH.\"}]},{\"@type\":\"WebSite\",\"@id\":\"https:\/\/aeroclubparana.org.ar\/web\/#website\",\"url\":\"https:\/\/aeroclubparana.org.ar\/web\/\",\"name\":\"Aeroclub Ciudad de Paran\u00e1\",\"description\":\"\",\"potentialAction\":[{\"@type\":\"SearchAction\",\"target\":{\"@type\":\"EntryPoint\",\"urlTemplate\":\"https:\/\/aeroclubparana.org.ar\/web\/?s={search_term_string}\"},\"query-input\":\"required name=search_term_string\"}],\"inLanguage\":\"es\"},{\"@type\":\"Person\",\"@id\":\"https:\/\/aeroclubparana.org.ar\/web\/#\/schema\/person\/30f08c2720d348886b3c95c716eda4ee\",\"name\":\"Aeroclub Paran\u00e1\",\"image\":{\"@type\":\"ImageObject\",\"inLanguage\":\"es\",\"@id\":\"https:\/\/aeroclubparana.org.ar\/web\/#\/schema\/person\/image\/\",\"url\":\"https:\/\/secure.gravatar.com\/avatar\/bf5974e327a751bee34ee94520c70420?s=96&d=mm&r=g\",\"contentUrl\":\"https:\/\/secure.gravatar.com\/avatar\/bf5974e327a751bee34ee94520c70420?s=96&d=mm&r=g\",\"caption\":\"Aeroclub Paran\u00e1\"},\"url\":\"https:\/\/aeroclubparana.org.ar\/web\/index.php\/author\/aeroclubparana\/\"}]}<\/script>\n<!-- \/ Yoast SEO plugin. -->","yoast_head_json":{"title":"Charla\/Taller sobre CRM y FFHH. - Aeroclub Ciudad de Paran\u00e1","robots":{"index":"index","follow":"follow","max-snippet":"max-snippet:-1","max-image-preview":"max-image-preview:large","max-video-preview":"max-video-preview:-1"},"canonical":"https:\/\/aeroclubparana.org.ar\/web\/index.php\/2021\/01\/30\/charla-taller-sobre-crm-y-ffhh\/","og_locale":"es_ES","og_type":"article","og_title":"Charla\/Taller sobre CRM y FFHH. - Aeroclub Ciudad de Paran\u00e1","og_description":"En la noche de ayer Viernes 29\/01 y tal lo anunciado, se llev\u00f3 a cabo la primera charla\/taller sobre CRM y FFHH, a cargo del Instructor Facilitador Jos\u00e9 Lino Guarneri Churruar\u00edn.De la misma participaron pilotos y personal del Aeroclub, quienes siguieron las instancias del tema que vas m\u00e1s all\u00e1 del vuelo en si. El CRM, [&hellip;]","og_url":"https:\/\/aeroclubparana.org.ar\/web\/index.php\/2021\/01\/30\/charla-taller-sobre-crm-y-ffhh\/","og_site_name":"Aeroclub Ciudad de Paran\u00e1","article_published_time":"2021-01-30T14:08:48+00:00","article_modified_time":"2021-01-30T14:16:17+00:00","og_image":[{"width":2560,"height":1244,"url":"https:\/\/aeroclubparana.org.ar\/web\/wp-content\/uploads\/2021\/01\/20210129_220059-scaled.jpg","type":"image\/jpeg"}],"author":"Aeroclub Paran\u00e1","twitter_card":"summary_large_image","twitter_misc":{"Escrito por":"Aeroclub Paran\u00e1","Tiempo de lectura":"1 minuto"},"schema":{"@context":"https:\/\/schema.org","@graph":[{"@type":"WebPage","@id":"https:\/\/aeroclubparana.org.ar\/web\/index.php\/2021\/01\/30\/charla-taller-sobre-crm-y-ffhh\/","url":"https:\/\/aeroclubparana.org.ar\/web\/index.php\/2021\/01\/30\/charla-taller-sobre-crm-y-ffhh\/","name":"Charla\/Taller sobre CRM y FFHH. - Aeroclub Ciudad de Paran\u00e1","isPartOf":{"@id":"https:\/\/aeroclubparana.org.ar\/web\/#website"},"primaryImageOfPage":{"@id":"https:\/\/aeroclubparana.org.ar\/web\/index.php\/2021\/01\/30\/charla-taller-sobre-crm-y-ffhh\/#primaryimage"},"image":{"@id":"https:\/\/aeroclubparana.org.ar\/web\/index.php\/2021\/01\/30\/charla-taller-sobre-crm-y-ffhh\/#primaryimage"},"thumbnailUrl":"https:\/\/aeroclubparana.org.ar\/web\/wp-content\/uploads\/2021\/01\/20210129_220059-scaled.jpg","datePublished":"2021-01-30T14:08:48+00:00","dateModified":"2021-01-30T14:16:17+00:00","author":{"@id":"https:\/\/aeroclubparana.org.ar\/web\/#\/schema\/person\/30f08c2720d348886b3c95c716eda4ee"},"breadcrumb":{"@id":"https:\/\/aeroclubparana.org.ar\/web\/index.php\/2021\/01\/30\/charla-taller-sobre-crm-y-ffhh\/#breadcrumb"},"inLanguage":"es","potentialAction":[{"@type":"ReadAction","target":["https:\/\/aeroclubparana.org.ar\/web\/index.php\/2021\/01\/30\/charla-taller-sobre-crm-y-ffhh\/"]}]},{"@type":"ImageObject","inLanguage":"es","@id":"https:\/\/aeroclubparana.org.ar\/web\/index.php\/2021\/01\/30\/charla-taller-sobre-crm-y-ffhh\/#primaryimage","url":"https:\/\/aeroclubparana.org.ar\/web\/wp-content\/uploads\/2021\/01\/20210129_220059-scaled.jpg","contentUrl":"https:\/\/aeroclubparana.org.ar\/web\/wp-content\/uploads\/2021\/01\/20210129_220059-scaled.jpg","width":2560,"height":1244},{"@type":"BreadcrumbList","@id":"https:\/\/aeroclubparana.org.ar\/web\/index.php\/2021\/01\/30\/charla-taller-sobre-crm-y-ffhh\/#breadcrumb","itemListElement":[{"@type":"ListItem","position":1,"name":"Home","item":"https:\/\/aeroclubparana.org.ar\/web\/"},{"@type":"ListItem","position":2,"name":"Charla\/Taller sobre CRM y FFHH."}]},{"@type":"WebSite","@id":"https:\/\/aeroclubparana.org.ar\/web\/#website","url":"https:\/\/aeroclubparana.org.ar\/web\/","name":"Aeroclub Ciudad de Paran\u00e1","description":"","potentialAction":[{"@type":"SearchAction","target":{"@type":"EntryPoint","urlTemplate":"https:\/\/aeroclubparana.org.ar\/web\/?s={search_term_string}"},"query-input":"required name=search_term_string"}],"inLanguage":"es"},{"@type":"Person","@id":"https:\/\/aeroclubparana.org.ar\/web\/#\/schema\/person\/30f08c2720d348886b3c95c716eda4ee","name":"Aeroclub Paran\u00e1","image":{"@type":"ImageObject","inLanguage":"es","@id":"https:\/\/aeroclubparana.org.ar\/web\/#\/schema\/person\/image\/","url":"https:\/\/secure.gravatar.com\/avatar\/bf5974e327a751bee34ee94520c70420?s=96&d=mm&r=g","contentUrl":"https:\/\/secure.gravatar.com\/avatar\/bf5974e327a751bee34ee94520c70420?s=96&d=mm&r=g","caption":"Aeroclub Paran\u00e1"},"url":"https:\/\/aeroclubparana.org.ar\/web\/index.php\/author\/aeroclubparana\/"}]}},"_links":{"self":[{"href":"https:\/\/aeroclubparana.org.ar\/web\/index.php\/wp-json\/wp\/v2\/posts\/410","targetHints":{"allow":["GET"]}}],"collection":[{"href":"https:\/\/aeroclubparana.org.ar\/web\/index.php\/wp-json\/wp\/v2\/posts"}],"about":[{"href":"https:\/\/aeroclubparana.org.ar\/web\/index.php\/wp-json\/wp\/v2\/types\/post"}],"author":[{"embeddable":true,"href":"https:\/\/aeroclubparana.org.ar\/web\/index.php\/wp-json\/wp\/v2\/users\/2"}],"replies":[{"embeddable":true,"href":"https:\/\/aeroclubparana.org.ar\/web\/index.php\/wp-json\/wp\/v2\/comments?post=410"}],"version-history":[{"count":2,"href":"https:\/\/aeroclubparana.org.ar\/web\/index.php\/wp-json\/wp\/v2\/posts\/410\/revisions"}],"predecessor-version":[{"id":419,"href":"https:\/\/aeroclubparana.org.ar\/web\/index.php\/wp-json\/wp\/v2\/posts\/410\/revisions\/419"}],"wp:featuredmedia":[{"embeddable":true,"href":"https:\/\/aeroclubparana.org.ar\/web\/index.php\/wp-json\/wp\/v2\/media\/411"}],"wp:attachment":[{"href":"https:\/\/aeroclubparana.org.ar\/web\/index.php\/wp-json\/wp\/v2\/media?parent=410"}],"wp:term":[{"taxonomy":"category","embeddable":true,"href":"https:\/\/aeroclubparana.org.ar\/web\/index.php\/wp-json\/wp\/v2\/categories?post=410"},{"taxonomy":"post_tag","embeddable":true,"href":"https:\/\/aeroclubparana.org.ar\/web\/index.php\/wp-json\/wp\/v2\/tags?post=410"}],"curies":[{"name":"wp","href":"https:\/\/api.w.org\/{rel}","templated":true}]}}