{"id":370,"date":"2020-12-30T17:27:37","date_gmt":"2020-12-30T17:27:37","guid":{"rendered":"https:\/\/aeroclubparana.org.ar\/web\/?p=370"},"modified":"2020-12-30T17:27:41","modified_gmt":"2020-12-30T17:27:41","slug":"festejamos-los-80-a-todas-luces","status":"publish","type":"post","link":"https:\/\/aeroclubparana.org.ar\/web\/index.php\/2020\/12\/30\/festejamos-los-80-a-todas-luces\/","title":{"rendered":"Festejamos los 80 a todas luces&#8230;"},"content":{"rendered":"\n<p><span class=\"has-inline-color has-black-color\">En un a\u00f1o, dificil, complicado, y en donde la pandemia puso en jaque a todos los estamentos de nuestra Aviaci\u00f3n Civil, nosotros pudimos brindarle a nuestro Aeroclub y en las horas previas a la finalizaci\u00f3n de este 2020, un merecido, sencillo pero no menos significativo festejo por sus 80 a\u00f1os.<\/span><\/p>\n\n\n\n<p><span class=\"has-inline-color has-black-color\">Desde la CD, queremos agradecer a todos y cada uno de los que colaboraron para compartir un grato momento entre amigos, alumnos, pilotos, familias, invitados especiales, ex-presidentes, FFAA, FFSS, empresas y organismos p\u00fablicos y privados. Con el trabajo de varios, presentamos un m\u00e1s que digno parque en donde no falt\u00f3 el tiempo para el recuerdo de quienes ya no est\u00e1n, reconocer y agradecer a quienes nos acompa\u00f1aron y acompa\u00f1an.<\/span><\/p>\n\n\n\n<p><span class=\"has-inline-color has-black-color\">Como no pod\u00eda faltar, presentamos un catering preparado por @consaborescaseros acompa\u00f1ados por bebidas varias y una copa de sidra para la despedida y los deseos de un mejor a\u00f1o, que dicho sea de paso, ya estamos pensando y programando actividades sociales y de capacitaci\u00f3n.<\/span><\/p>\n\n\n\n<p><span class=\"has-inline-color has-black-color\"><strong>Muchas Gracias a todos por habernos acompa\u00f1ado y la seguimos en el 2021..!!<\/strong><\/span><\/p>\n\n\n\n<p><strong><span class=\"has-inline-color has-black-color\">Comisi\u00f3n Directiva<\/span><\/strong><\/p>\n\n\n\n<p><span class=\"has-inline-color has-black-color\">Cr\u00e9ditos de las foto, Sergio Niz, para Radio OnLine Paran\u00e1. Muchas gracias Diego Cuadra por la locuci\u00f3n &#8211; Al Canal 11 y a una amiga de la casa, Estela D\u00edaz de Vivar, a Ale Degregorio por la ambientaci\u00f3n musical y a nuestro piloto y saxofonista Fernando Baz\u00e1n por su m\u00fasica.<\/span><\/p>\n\n\n\n<figure class=\"wp-block-gallery columns-3 is-cropped wp-block-gallery-1 is-layout-flex wp-block-gallery-is-layout-flex\"><ul class=\"blocks-gallery-grid\"><li class=\"blocks-gallery-item\"><figure><a href=\"https:\/\/aeroclubparana.org.ar\/web\/wp-content\/uploads\/2020\/12\/arrows_1.jpg\"><img loading=\"lazy\" decoding=\"async\" width=\"1024\" height=\"682\" src=\"https:\/\/aeroclubparana.org.ar\/web\/wp-content\/uploads\/2020\/12\/arrows_1-1024x682.jpg\" alt=\"\" data-id=\"371\" data-full-url=\"https:\/\/aeroclubparana.org.ar\/web\/wp-content\/uploads\/2020\/12\/arrows_1.jpg\" data-link=\"https:\/\/aeroclubparana.org.ar\/web\/?attachment_id=371\" class=\"wp-image-371\" srcset=\"https:\/\/aeroclubparana.org.ar\/web\/wp-content\/uploads\/2020\/12\/arrows_1-1024x682.jpg 1024w, https:\/\/aeroclubparana.org.ar\/web\/wp-content\/uploads\/2020\/12\/arrows_1-300x200.jpg 300w, https:\/\/aeroclubparana.org.ar\/web\/wp-content\/uploads\/2020\/12\/arrows_1-768x512.jpg 768w, https:\/\/aeroclubparana.org.ar\/web\/wp-content\/uploads\/2020\/12\/arrows_1-1080x720.jpg 1080w, https:\/\/aeroclubparana.org.ar\/web\/wp-content\/uploads\/2020\/12\/arrows_1.jpg 1280w\" sizes=\"auto, (max-width: 1024px) 100vw, 1024px\" \/><\/a><\/figure><\/li><li class=\"blocks-gallery-item\"><figure><a href=\"https:\/\/aeroclubparana.org.ar\/web\/wp-content\/uploads\/2020\/12\/AV_4.jpg\"><img loading=\"lazy\" decoding=\"async\" width=\"1024\" height=\"577\" src=\"https:\/\/aeroclubparana.org.ar\/web\/wp-content\/uploads\/2020\/12\/AV_4-1024x577.jpg\" alt=\"\" data-id=\"375\" data-full-url=\"https:\/\/aeroclubparana.org.ar\/web\/wp-content\/uploads\/2020\/12\/AV_4.jpg\" data-link=\"https:\/\/aeroclubparana.org.ar\/web\/?attachment_id=375\" class=\"wp-image-375\" srcset=\"https:\/\/aeroclubparana.org.ar\/web\/wp-content\/uploads\/2020\/12\/AV_4-1024x577.jpg 1024w, https:\/\/aeroclubparana.org.ar\/web\/wp-content\/uploads\/2020\/12\/AV_4-300x169.jpg 300w, https:\/\/aeroclubparana.org.ar\/web\/wp-content\/uploads\/2020\/12\/AV_4-768x432.jpg 768w, https:\/\/aeroclubparana.org.ar\/web\/wp-content\/uploads\/2020\/12\/AV_4-1080x608.jpg 1080w, https:\/\/aeroclubparana.org.ar\/web\/wp-content\/uploads\/2020\/12\/AV_4.jpg 1156w\" sizes=\"auto, (max-width: 1024px) 100vw, 1024px\" \/><\/a><\/figure><\/li><li class=\"blocks-gallery-item\"><figure><a href=\"https:\/\/aeroclubparana.org.ar\/web\/wp-content\/uploads\/2020\/12\/AV_2.jpeg\"><img loading=\"lazy\" decoding=\"async\" width=\"1024\" height=\"576\" src=\"https:\/\/aeroclubparana.org.ar\/web\/wp-content\/uploads\/2020\/12\/AV_2-1024x576.jpeg\" alt=\"\" data-id=\"373\" data-full-url=\"https:\/\/aeroclubparana.org.ar\/web\/wp-content\/uploads\/2020\/12\/AV_2.jpeg\" data-link=\"https:\/\/aeroclubparana.org.ar\/web\/?attachment_id=373\" class=\"wp-image-373\" srcset=\"https:\/\/aeroclubparana.org.ar\/web\/wp-content\/uploads\/2020\/12\/AV_2-1024x576.jpeg 1024w, https:\/\/aeroclubparana.org.ar\/web\/wp-content\/uploads\/2020\/12\/AV_2-300x169.jpeg 300w, https:\/\/aeroclubparana.org.ar\/web\/wp-content\/uploads\/2020\/12\/AV_2-768x432.jpeg 768w, https:\/\/aeroclubparana.org.ar\/web\/wp-content\/uploads\/2020\/12\/AV_2-1080x608.jpeg 1080w, https:\/\/aeroclubparana.org.ar\/web\/wp-content\/uploads\/2020\/12\/AV_2.jpeg 1280w\" sizes=\"auto, (max-width: 1024px) 100vw, 1024px\" \/><\/a><\/figure><\/li><li class=\"blocks-gallery-item\"><figure><a href=\"https:\/\/aeroclubparana.org.ar\/web\/wp-content\/uploads\/2020\/12\/AV_5.jpg\"><img loading=\"lazy\" decoding=\"async\" width=\"1024\" height=\"576\" src=\"https:\/\/aeroclubparana.org.ar\/web\/wp-content\/uploads\/2020\/12\/AV_5-1024x576.jpg\" alt=\"\" data-id=\"376\" data-full-url=\"https:\/\/aeroclubparana.org.ar\/web\/wp-content\/uploads\/2020\/12\/AV_5.jpg\" data-link=\"https:\/\/aeroclubparana.org.ar\/web\/?attachment_id=376\" class=\"wp-image-376\" srcset=\"https:\/\/aeroclubparana.org.ar\/web\/wp-content\/uploads\/2020\/12\/AV_5-1024x576.jpg 1024w, https:\/\/aeroclubparana.org.ar\/web\/wp-content\/uploads\/2020\/12\/AV_5-300x169.jpg 300w, https:\/\/aeroclubparana.org.ar\/web\/wp-content\/uploads\/2020\/12\/AV_5-768x432.jpg 768w, https:\/\/aeroclubparana.org.ar\/web\/wp-content\/uploads\/2020\/12\/AV_5-1080x608.jpg 1080w, https:\/\/aeroclubparana.org.ar\/web\/wp-content\/uploads\/2020\/12\/AV_5.jpg 1280w\" sizes=\"auto, (max-width: 1024px) 100vw, 1024px\" \/><\/a><\/figure><\/li><li class=\"blocks-gallery-item\"><figure><a href=\"https:\/\/aeroclubparana.org.ar\/web\/wp-content\/uploads\/2020\/12\/c152_1.jpg\"><img loading=\"lazy\" decoding=\"async\" width=\"1024\" height=\"577\" src=\"https:\/\/aeroclubparana.org.ar\/web\/wp-content\/uploads\/2020\/12\/c152_1-1024x577.jpg\" alt=\"\" data-id=\"377\" data-full-url=\"https:\/\/aeroclubparana.org.ar\/web\/wp-content\/uploads\/2020\/12\/c152_1.jpg\" data-link=\"https:\/\/aeroclubparana.org.ar\/web\/?attachment_id=377\" class=\"wp-image-377\" srcset=\"https:\/\/aeroclubparana.org.ar\/web\/wp-content\/uploads\/2020\/12\/c152_1-1024x577.jpg 1024w, https:\/\/aeroclubparana.org.ar\/web\/wp-content\/uploads\/2020\/12\/c152_1-300x169.jpg 300w, https:\/\/aeroclubparana.org.ar\/web\/wp-content\/uploads\/2020\/12\/c152_1-768x432.jpg 768w, https:\/\/aeroclubparana.org.ar\/web\/wp-content\/uploads\/2020\/12\/c152_1-1080x608.jpg 1080w, https:\/\/aeroclubparana.org.ar\/web\/wp-content\/uploads\/2020\/12\/c152_1.jpg 1156w\" sizes=\"auto, (max-width: 1024px) 100vw, 1024px\" \/><\/a><\/figure><\/li><li class=\"blocks-gallery-item\"><figure><a href=\"https:\/\/aeroclubparana.org.ar\/web\/wp-content\/uploads\/2020\/12\/churri_1_diego.jpg\"><img loading=\"lazy\" decoding=\"async\" width=\"1024\" height=\"576\" src=\"https:\/\/aeroclubparana.org.ar\/web\/wp-content\/uploads\/2020\/12\/churri_1_diego-1024x576.jpg\" alt=\"\" data-id=\"378\" data-full-url=\"https:\/\/aeroclubparana.org.ar\/web\/wp-content\/uploads\/2020\/12\/churri_1_diego.jpg\" data-link=\"https:\/\/aeroclubparana.org.ar\/web\/?attachment_id=378\" class=\"wp-image-378\" srcset=\"https:\/\/aeroclubparana.org.ar\/web\/wp-content\/uploads\/2020\/12\/churri_1_diego-1024x576.jpg 1024w, https:\/\/aeroclubparana.org.ar\/web\/wp-content\/uploads\/2020\/12\/churri_1_diego-300x169.jpg 300w, https:\/\/aeroclubparana.org.ar\/web\/wp-content\/uploads\/2020\/12\/churri_1_diego-768x432.jpg 768w, https:\/\/aeroclubparana.org.ar\/web\/wp-content\/uploads\/2020\/12\/churri_1_diego-1080x608.jpg 1080w, https:\/\/aeroclubparana.org.ar\/web\/wp-content\/uploads\/2020\/12\/churri_1_diego.jpg 1280w\" sizes=\"auto, (max-width: 1024px) 100vw, 1024px\" \/><\/a><\/figure><\/li><li class=\"blocks-gallery-item\"><figure><a href=\"https:\/\/aeroclubparana.org.ar\/web\/wp-content\/uploads\/2020\/12\/cristian_leti.jpg\"><img loading=\"lazy\" decoding=\"async\" width=\"1024\" height=\"682\" src=\"https:\/\/aeroclubparana.org.ar\/web\/wp-content\/uploads\/2020\/12\/cristian_leti-1024x682.jpg\" alt=\"\" data-id=\"379\" data-full-url=\"https:\/\/aeroclubparana.org.ar\/web\/wp-content\/uploads\/2020\/12\/cristian_leti.jpg\" data-link=\"https:\/\/aeroclubparana.org.ar\/web\/?attachment_id=379\" class=\"wp-image-379\" srcset=\"https:\/\/aeroclubparana.org.ar\/web\/wp-content\/uploads\/2020\/12\/cristian_leti-1024x682.jpg 1024w, https:\/\/aeroclubparana.org.ar\/web\/wp-content\/uploads\/2020\/12\/cristian_leti-300x200.jpg 300w, https:\/\/aeroclubparana.org.ar\/web\/wp-content\/uploads\/2020\/12\/cristian_leti-768x512.jpg 768w, https:\/\/aeroclubparana.org.ar\/web\/wp-content\/uploads\/2020\/12\/cristian_leti-1080x720.jpg 1080w, https:\/\/aeroclubparana.org.ar\/web\/wp-content\/uploads\/2020\/12\/cristian_leti.jpg 1280w\" sizes=\"auto, (max-width: 1024px) 100vw, 1024px\" \/><\/a><\/figure><\/li><li class=\"blocks-gallery-item\"><figure><a href=\"https:\/\/aeroclubparana.org.ar\/web\/wp-content\/uploads\/2020\/12\/diego_cuadra.jpg\"><img loading=\"lazy\" decoding=\"async\" width=\"1024\" height=\"682\" src=\"https:\/\/aeroclubparana.org.ar\/web\/wp-content\/uploads\/2020\/12\/diego_cuadra-1024x682.jpg\" alt=\"\" data-id=\"380\" data-full-url=\"https:\/\/aeroclubparana.org.ar\/web\/wp-content\/uploads\/2020\/12\/diego_cuadra.jpg\" data-link=\"https:\/\/aeroclubparana.org.ar\/web\/?attachment_id=380\" class=\"wp-image-380\" srcset=\"https:\/\/aeroclubparana.org.ar\/web\/wp-content\/uploads\/2020\/12\/diego_cuadra-1024x682.jpg 1024w, https:\/\/aeroclubparana.org.ar\/web\/wp-content\/uploads\/2020\/12\/diego_cuadra-300x200.jpg 300w, https:\/\/aeroclubparana.org.ar\/web\/wp-content\/uploads\/2020\/12\/diego_cuadra-768x512.jpg 768w, https:\/\/aeroclubparana.org.ar\/web\/wp-content\/uploads\/2020\/12\/diego_cuadra-1080x720.jpg 1080w, https:\/\/aeroclubparana.org.ar\/web\/wp-content\/uploads\/2020\/12\/diego_cuadra.jpg 1280w\" sizes=\"auto, (max-width: 1024px) 100vw, 1024px\" \/><\/a><\/figure><\/li><li class=\"blocks-gallery-item\"><figure><a href=\"https:\/\/aeroclubparana.org.ar\/web\/wp-content\/uploads\/2020\/12\/don_norbert.jpg\"><img loading=\"lazy\" decoding=\"async\" width=\"1024\" height=\"682\" src=\"https:\/\/aeroclubparana.org.ar\/web\/wp-content\/uploads\/2020\/12\/don_norbert-1024x682.jpg\" alt=\"\" data-id=\"381\" data-full-url=\"https:\/\/aeroclubparana.org.ar\/web\/wp-content\/uploads\/2020\/12\/don_norbert.jpg\" data-link=\"https:\/\/aeroclubparana.org.ar\/web\/?attachment_id=381\" class=\"wp-image-381\" srcset=\"https:\/\/aeroclubparana.org.ar\/web\/wp-content\/uploads\/2020\/12\/don_norbert-1024x682.jpg 1024w, https:\/\/aeroclubparana.org.ar\/web\/wp-content\/uploads\/2020\/12\/don_norbert-300x200.jpg 300w, https:\/\/aeroclubparana.org.ar\/web\/wp-content\/uploads\/2020\/12\/don_norbert-768x512.jpg 768w, https:\/\/aeroclubparana.org.ar\/web\/wp-content\/uploads\/2020\/12\/don_norbert-1080x720.jpg 1080w, https:\/\/aeroclubparana.org.ar\/web\/wp-content\/uploads\/2020\/12\/don_norbert.jpg 1280w\" sizes=\"auto, (max-width: 1024px) 100vw, 1024px\" \/><\/a><\/figure><\/li><li class=\"blocks-gallery-item\"><figure><a href=\"https:\/\/aeroclubparana.org.ar\/web\/wp-content\/uploads\/2020\/12\/frente_1.jpg\"><img loading=\"lazy\" decoding=\"async\" width=\"1024\" height=\"682\" src=\"https:\/\/aeroclubparana.org.ar\/web\/wp-content\/uploads\/2020\/12\/frente_1-1024x682.jpg\" alt=\"\" data-id=\"382\" data-full-url=\"https:\/\/aeroclubparana.org.ar\/web\/wp-content\/uploads\/2020\/12\/frente_1.jpg\" data-link=\"https:\/\/aeroclubparana.org.ar\/web\/?attachment_id=382\" class=\"wp-image-382\" srcset=\"https:\/\/aeroclubparana.org.ar\/web\/wp-content\/uploads\/2020\/12\/frente_1-1024x682.jpg 1024w, https:\/\/aeroclubparana.org.ar\/web\/wp-content\/uploads\/2020\/12\/frente_1-300x200.jpg 300w, https:\/\/aeroclubparana.org.ar\/web\/wp-content\/uploads\/2020\/12\/frente_1-768x512.jpg 768w, https:\/\/aeroclubparana.org.ar\/web\/wp-content\/uploads\/2020\/12\/frente_1-1080x720.jpg 1080w, https:\/\/aeroclubparana.org.ar\/web\/wp-content\/uploads\/2020\/12\/frente_1.jpg 1280w\" sizes=\"auto, (max-width: 1024px) 100vw, 1024px\" \/><\/a><\/figure><\/li><li class=\"blocks-gallery-item\"><figure><a href=\"https:\/\/aeroclubparana.org.ar\/web\/wp-content\/uploads\/2020\/12\/invitados_1.jpg\"><img loading=\"lazy\" decoding=\"async\" width=\"1024\" height=\"682\" src=\"https:\/\/aeroclubparana.org.ar\/web\/wp-content\/uploads\/2020\/12\/invitados_1-1024x682.jpg\" alt=\"\" data-id=\"383\" data-full-url=\"https:\/\/aeroclubparana.org.ar\/web\/wp-content\/uploads\/2020\/12\/invitados_1.jpg\" data-link=\"https:\/\/aeroclubparana.org.ar\/web\/?attachment_id=383\" class=\"wp-image-383\" srcset=\"https:\/\/aeroclubparana.org.ar\/web\/wp-content\/uploads\/2020\/12\/invitados_1-1024x682.jpg 1024w, https:\/\/aeroclubparana.org.ar\/web\/wp-content\/uploads\/2020\/12\/invitados_1-300x200.jpg 300w, https:\/\/aeroclubparana.org.ar\/web\/wp-content\/uploads\/2020\/12\/invitados_1-768x512.jpg 768w, https:\/\/aeroclubparana.org.ar\/web\/wp-content\/uploads\/2020\/12\/invitados_1-1080x720.jpg 1080w, https:\/\/aeroclubparana.org.ar\/web\/wp-content\/uploads\/2020\/12\/invitados_1.jpg 1280w\" sizes=\"auto, (max-width: 1024px) 100vw, 1024px\" \/><\/a><\/figure><\/li><li class=\"blocks-gallery-item\"><figure><a href=\"https:\/\/aeroclubparana.org.ar\/web\/wp-content\/uploads\/2020\/12\/luisito_1.jpg\"><img loading=\"lazy\" decoding=\"async\" width=\"1024\" height=\"682\" src=\"https:\/\/aeroclubparana.org.ar\/web\/wp-content\/uploads\/2020\/12\/luisito_1-1024x682.jpg\" alt=\"\" data-id=\"384\" data-full-url=\"https:\/\/aeroclubparana.org.ar\/web\/wp-content\/uploads\/2020\/12\/luisito_1.jpg\" data-link=\"https:\/\/aeroclubparana.org.ar\/web\/?attachment_id=384\" class=\"wp-image-384\" srcset=\"https:\/\/aeroclubparana.org.ar\/web\/wp-content\/uploads\/2020\/12\/luisito_1-1024x682.jpg 1024w, https:\/\/aeroclubparana.org.ar\/web\/wp-content\/uploads\/2020\/12\/luisito_1-300x200.jpg 300w, https:\/\/aeroclubparana.org.ar\/web\/wp-content\/uploads\/2020\/12\/luisito_1-768x512.jpg 768w, https:\/\/aeroclubparana.org.ar\/web\/wp-content\/uploads\/2020\/12\/luisito_1-1080x720.jpg 1080w, https:\/\/aeroclubparana.org.ar\/web\/wp-content\/uploads\/2020\/12\/luisito_1.jpg 1280w\" sizes=\"auto, (max-width: 1024px) 100vw, 1024px\" \/><\/a><\/figure><\/li><li class=\"blocks-gallery-item\"><figure><a href=\"https:\/\/aeroclubparana.org.ar\/web\/wp-content\/uploads\/2020\/12\/mesa_1.jpg\"><img loading=\"lazy\" decoding=\"async\" width=\"1024\" height=\"577\" src=\"https:\/\/aeroclubparana.org.ar\/web\/wp-content\/uploads\/2020\/12\/mesa_1-1024x577.jpg\" alt=\"\" data-id=\"385\" data-full-url=\"https:\/\/aeroclubparana.org.ar\/web\/wp-content\/uploads\/2020\/12\/mesa_1.jpg\" data-link=\"https:\/\/aeroclubparana.org.ar\/web\/?attachment_id=385\" class=\"wp-image-385\" srcset=\"https:\/\/aeroclubparana.org.ar\/web\/wp-content\/uploads\/2020\/12\/mesa_1-1024x577.jpg 1024w, https:\/\/aeroclubparana.org.ar\/web\/wp-content\/uploads\/2020\/12\/mesa_1-300x169.jpg 300w, https:\/\/aeroclubparana.org.ar\/web\/wp-content\/uploads\/2020\/12\/mesa_1-768x432.jpg 768w, https:\/\/aeroclubparana.org.ar\/web\/wp-content\/uploads\/2020\/12\/mesa_1-1080x608.jpg 1080w, https:\/\/aeroclubparana.org.ar\/web\/wp-content\/uploads\/2020\/12\/mesa_1.jpg 1156w\" sizes=\"auto, (max-width: 1024px) 100vw, 1024px\" \/><\/a><\/figure><\/li><li class=\"blocks-gallery-item\"><figure><a href=\"https:\/\/aeroclubparana.org.ar\/web\/wp-content\/uploads\/2020\/12\/mesa_22.jpg\"><img loading=\"lazy\" decoding=\"async\" width=\"576\" height=\"1024\" src=\"https:\/\/aeroclubparana.org.ar\/web\/wp-content\/uploads\/2020\/12\/mesa_22-576x1024.jpg\" alt=\"\" data-id=\"388\" data-full-url=\"https:\/\/aeroclubparana.org.ar\/web\/wp-content\/uploads\/2020\/12\/mesa_22.jpg\" data-link=\"https:\/\/aeroclubparana.org.ar\/web\/?attachment_id=388\" class=\"wp-image-388\" srcset=\"https:\/\/aeroclubparana.org.ar\/web\/wp-content\/uploads\/2020\/12\/mesa_22-576x1024.jpg 576w, https:\/\/aeroclubparana.org.ar\/web\/wp-content\/uploads\/2020\/12\/mesa_22-169x300.jpg 169w, https:\/\/aeroclubparana.org.ar\/web\/wp-content\/uploads\/2020\/12\/mesa_22.jpg 720w\" sizes=\"auto, (max-width: 576px) 100vw, 576px\" \/><\/a><\/figure><\/li><li class=\"blocks-gallery-item\"><figure><a href=\"https:\/\/aeroclubparana.org.ar\/web\/wp-content\/uploads\/2020\/12\/mila_luisito.jpg\"><img loading=\"lazy\" decoding=\"async\" width=\"1024\" height=\"682\" src=\"https:\/\/aeroclubparana.org.ar\/web\/wp-content\/uploads\/2020\/12\/mila_luisito-1024x682.jpg\" alt=\"\" data-id=\"389\" data-full-url=\"https:\/\/aeroclubparana.org.ar\/web\/wp-content\/uploads\/2020\/12\/mila_luisito.jpg\" data-link=\"https:\/\/aeroclubparana.org.ar\/web\/?attachment_id=389\" class=\"wp-image-389\" srcset=\"https:\/\/aeroclubparana.org.ar\/web\/wp-content\/uploads\/2020\/12\/mila_luisito-1024x682.jpg 1024w, https:\/\/aeroclubparana.org.ar\/web\/wp-content\/uploads\/2020\/12\/mila_luisito-300x200.jpg 300w, https:\/\/aeroclubparana.org.ar\/web\/wp-content\/uploads\/2020\/12\/mila_luisito-768x512.jpg 768w, https:\/\/aeroclubparana.org.ar\/web\/wp-content\/uploads\/2020\/12\/mila_luisito-1080x720.jpg 1080w, https:\/\/aeroclubparana.org.ar\/web\/wp-content\/uploads\/2020\/12\/mila_luisito.jpg 1280w\" sizes=\"auto, (max-width: 1024px) 100vw, 1024px\" \/><\/a><\/figure><\/li><li class=\"blocks-gallery-item\"><figure><a href=\"https:\/\/aeroclubparana.org.ar\/web\/wp-content\/uploads\/2020\/12\/mozo_1.jpg\"><img loading=\"lazy\" decoding=\"async\" width=\"1024\" height=\"682\" src=\"https:\/\/aeroclubparana.org.ar\/web\/wp-content\/uploads\/2020\/12\/mozo_1-1024x682.jpg\" alt=\"\" data-id=\"390\" data-full-url=\"https:\/\/aeroclubparana.org.ar\/web\/wp-content\/uploads\/2020\/12\/mozo_1.jpg\" data-link=\"https:\/\/aeroclubparana.org.ar\/web\/?attachment_id=390\" class=\"wp-image-390\" srcset=\"https:\/\/aeroclubparana.org.ar\/web\/wp-content\/uploads\/2020\/12\/mozo_1-1024x682.jpg 1024w, https:\/\/aeroclubparana.org.ar\/web\/wp-content\/uploads\/2020\/12\/mozo_1-300x200.jpg 300w, https:\/\/aeroclubparana.org.ar\/web\/wp-content\/uploads\/2020\/12\/mozo_1-768x512.jpg 768w, https:\/\/aeroclubparana.org.ar\/web\/wp-content\/uploads\/2020\/12\/mozo_1-1080x720.jpg 1080w, https:\/\/aeroclubparana.org.ar\/web\/wp-content\/uploads\/2020\/12\/mozo_1.jpg 1280w\" sizes=\"auto, (max-width: 1024px) 100vw, 1024px\" \/><\/a><\/figure><\/li><li class=\"blocks-gallery-item\"><figure><a href=\"https:\/\/aeroclubparana.org.ar\/web\/wp-content\/uploads\/2020\/12\/parque.jpg\"><img loading=\"lazy\" decoding=\"async\" width=\"1024\" height=\"576\" src=\"https:\/\/aeroclubparana.org.ar\/web\/wp-content\/uploads\/2020\/12\/parque-1024x576.jpg\" alt=\"\" data-id=\"391\" data-full-url=\"https:\/\/aeroclubparana.org.ar\/web\/wp-content\/uploads\/2020\/12\/parque.jpg\" data-link=\"https:\/\/aeroclubparana.org.ar\/web\/?attachment_id=391\" class=\"wp-image-391\" srcset=\"https:\/\/aeroclubparana.org.ar\/web\/wp-content\/uploads\/2020\/12\/parque-1024x576.jpg 1024w, https:\/\/aeroclubparana.org.ar\/web\/wp-content\/uploads\/2020\/12\/parque-300x169.jpg 300w, https:\/\/aeroclubparana.org.ar\/web\/wp-content\/uploads\/2020\/12\/parque-768x432.jpg 768w, https:\/\/aeroclubparana.org.ar\/web\/wp-content\/uploads\/2020\/12\/parque-1080x608.jpg 1080w, https:\/\/aeroclubparana.org.ar\/web\/wp-content\/uploads\/2020\/12\/parque.jpg 1280w\" sizes=\"auto, (max-width: 1024px) 100vw, 1024px\" \/><\/a><\/figure><\/li><li class=\"blocks-gallery-item\"><figure><a href=\"https:\/\/aeroclubparana.org.ar\/web\/wp-content\/uploads\/2020\/12\/parque_1.jpg\"><img loading=\"lazy\" decoding=\"async\" width=\"1024\" height=\"682\" src=\"https:\/\/aeroclubparana.org.ar\/web\/wp-content\/uploads\/2020\/12\/parque_1-1024x682.jpg\" alt=\"\" data-id=\"392\" data-full-url=\"https:\/\/aeroclubparana.org.ar\/web\/wp-content\/uploads\/2020\/12\/parque_1.jpg\" data-link=\"https:\/\/aeroclubparana.org.ar\/web\/?attachment_id=392\" class=\"wp-image-392\" srcset=\"https:\/\/aeroclubparana.org.ar\/web\/wp-content\/uploads\/2020\/12\/parque_1-1024x682.jpg 1024w, https:\/\/aeroclubparana.org.ar\/web\/wp-content\/uploads\/2020\/12\/parque_1-300x200.jpg 300w, https:\/\/aeroclubparana.org.ar\/web\/wp-content\/uploads\/2020\/12\/parque_1-768x512.jpg 768w, https:\/\/aeroclubparana.org.ar\/web\/wp-content\/uploads\/2020\/12\/parque_1-1080x720.jpg 1080w, https:\/\/aeroclubparana.org.ar\/web\/wp-content\/uploads\/2020\/12\/parque_1.jpg 1280w\" sizes=\"auto, (max-width: 1024px) 100vw, 1024px\" \/><\/a><\/figure><\/li><li class=\"blocks-gallery-item\"><figure><a href=\"https:\/\/aeroclubparana.org.ar\/web\/wp-content\/uploads\/2020\/12\/parque_2.jpg\"><img loading=\"lazy\" decoding=\"async\" width=\"1024\" height=\"577\" src=\"https:\/\/aeroclubparana.org.ar\/web\/wp-content\/uploads\/2020\/12\/parque_2-1024x577.jpg\" alt=\"\" data-id=\"393\" data-full-url=\"https:\/\/aeroclubparana.org.ar\/web\/wp-content\/uploads\/2020\/12\/parque_2.jpg\" data-link=\"https:\/\/aeroclubparana.org.ar\/web\/?attachment_id=393\" class=\"wp-image-393\" srcset=\"https:\/\/aeroclubparana.org.ar\/web\/wp-content\/uploads\/2020\/12\/parque_2-1024x577.jpg 1024w, https:\/\/aeroclubparana.org.ar\/web\/wp-content\/uploads\/2020\/12\/parque_2-300x169.jpg 300w, https:\/\/aeroclubparana.org.ar\/web\/wp-content\/uploads\/2020\/12\/parque_2-768x432.jpg 768w, https:\/\/aeroclubparana.org.ar\/web\/wp-content\/uploads\/2020\/12\/parque_2-1080x608.jpg 1080w, https:\/\/aeroclubparana.org.ar\/web\/wp-content\/uploads\/2020\/12\/parque_2.jpg 1156w\" sizes=\"auto, (max-width: 1024px) 100vw, 1024px\" \/><\/a><\/figure><\/li><li class=\"blocks-gallery-item\"><figure><a href=\"https:\/\/aeroclubparana.org.ar\/web\/wp-content\/uploads\/2020\/12\/parque_3.jpg\"><img loading=\"lazy\" decoding=\"async\" width=\"1024\" height=\"576\" src=\"https:\/\/aeroclubparana.org.ar\/web\/wp-content\/uploads\/2020\/12\/parque_3-1024x576.jpg\" alt=\"\" data-id=\"394\" data-full-url=\"https:\/\/aeroclubparana.org.ar\/web\/wp-content\/uploads\/2020\/12\/parque_3.jpg\" data-link=\"https:\/\/aeroclubparana.org.ar\/web\/?attachment_id=394\" class=\"wp-image-394\" srcset=\"https:\/\/aeroclubparana.org.ar\/web\/wp-content\/uploads\/2020\/12\/parque_3-1024x576.jpg 1024w, https:\/\/aeroclubparana.org.ar\/web\/wp-content\/uploads\/2020\/12\/parque_3-300x169.jpg 300w, https:\/\/aeroclubparana.org.ar\/web\/wp-content\/uploads\/2020\/12\/parque_3-768x432.jpg 768w, https:\/\/aeroclubparana.org.ar\/web\/wp-content\/uploads\/2020\/12\/parque_3-1080x608.jpg 1080w, https:\/\/aeroclubparana.org.ar\/web\/wp-content\/uploads\/2020\/12\/parque_3.jpg 1280w\" sizes=\"auto, (max-width: 1024px) 100vw, 1024px\" \/><\/a><\/figure><\/li><li class=\"blocks-gallery-item\"><figure><a href=\"https:\/\/aeroclubparana.org.ar\/web\/wp-content\/uploads\/2020\/12\/parque_4.jpg\"><img loading=\"lazy\" decoding=\"async\" width=\"1024\" height=\"576\" src=\"https:\/\/aeroclubparana.org.ar\/web\/wp-content\/uploads\/2020\/12\/parque_4-1024x576.jpg\" alt=\"\" data-id=\"395\" data-full-url=\"https:\/\/aeroclubparana.org.ar\/web\/wp-content\/uploads\/2020\/12\/parque_4.jpg\" data-link=\"https:\/\/aeroclubparana.org.ar\/web\/?attachment_id=395\" class=\"wp-image-395\" srcset=\"https:\/\/aeroclubparana.org.ar\/web\/wp-content\/uploads\/2020\/12\/parque_4-1024x576.jpg 1024w, https:\/\/aeroclubparana.org.ar\/web\/wp-content\/uploads\/2020\/12\/parque_4-300x169.jpg 300w, https:\/\/aeroclubparana.org.ar\/web\/wp-content\/uploads\/2020\/12\/parque_4-768x432.jpg 768w, https:\/\/aeroclubparana.org.ar\/web\/wp-content\/uploads\/2020\/12\/parque_4-1080x608.jpg 1080w, https:\/\/aeroclubparana.org.ar\/web\/wp-content\/uploads\/2020\/12\/parque_4.jpg 1280w\" sizes=\"auto, (max-width: 1024px) 100vw, 1024px\" \/><\/a><\/figure><\/li><li class=\"blocks-gallery-item\"><figure><a href=\"https:\/\/aeroclubparana.org.ar\/web\/wp-content\/uploads\/2020\/12\/parque_6.jpg\"><img loading=\"lazy\" decoding=\"async\" width=\"1024\" height=\"682\" src=\"https:\/\/aeroclubparana.org.ar\/web\/wp-content\/uploads\/2020\/12\/parque_6-1024x682.jpg\" alt=\"\" data-id=\"396\" data-full-url=\"https:\/\/aeroclubparana.org.ar\/web\/wp-content\/uploads\/2020\/12\/parque_6.jpg\" data-link=\"https:\/\/aeroclubparana.org.ar\/web\/?attachment_id=396\" class=\"wp-image-396\" srcset=\"https:\/\/aeroclubparana.org.ar\/web\/wp-content\/uploads\/2020\/12\/parque_6-1024x682.jpg 1024w, https:\/\/aeroclubparana.org.ar\/web\/wp-content\/uploads\/2020\/12\/parque_6-300x200.jpg 300w, https:\/\/aeroclubparana.org.ar\/web\/wp-content\/uploads\/2020\/12\/parque_6-768x512.jpg 768w, https:\/\/aeroclubparana.org.ar\/web\/wp-content\/uploads\/2020\/12\/parque_6-1080x720.jpg 1080w, https:\/\/aeroclubparana.org.ar\/web\/wp-content\/uploads\/2020\/12\/parque_6.jpg 1280w\" sizes=\"auto, (max-width: 1024px) 100vw, 1024px\" \/><\/a><\/figure><\/li><li class=\"blocks-gallery-item\"><figure><a href=\"https:\/\/aeroclubparana.org.ar\/web\/wp-content\/uploads\/2020\/12\/pato_1.jpg\"><img loading=\"lazy\" decoding=\"async\" width=\"1024\" height=\"682\" src=\"https:\/\/aeroclubparana.org.ar\/web\/wp-content\/uploads\/2020\/12\/pato_1-1024x682.jpg\" alt=\"\" data-id=\"397\" data-full-url=\"https:\/\/aeroclubparana.org.ar\/web\/wp-content\/uploads\/2020\/12\/pato_1.jpg\" data-link=\"https:\/\/aeroclubparana.org.ar\/web\/?attachment_id=397\" class=\"wp-image-397\" srcset=\"https:\/\/aeroclubparana.org.ar\/web\/wp-content\/uploads\/2020\/12\/pato_1-1024x682.jpg 1024w, https:\/\/aeroclubparana.org.ar\/web\/wp-content\/uploads\/2020\/12\/pato_1-300x200.jpg 300w, https:\/\/aeroclubparana.org.ar\/web\/wp-content\/uploads\/2020\/12\/pato_1-768x512.jpg 768w, https:\/\/aeroclubparana.org.ar\/web\/wp-content\/uploads\/2020\/12\/pato_1-1080x720.jpg 1080w, https:\/\/aeroclubparana.org.ar\/web\/wp-content\/uploads\/2020\/12\/pato_1.jpg 1280w\" sizes=\"auto, (max-width: 1024px) 100vw, 1024px\" \/><\/a><\/figure><\/li><li class=\"blocks-gallery-item\"><figure><a href=\"https:\/\/aeroclubparana.org.ar\/web\/wp-content\/uploads\/2020\/12\/rosario_1.jpg\"><img loading=\"lazy\" decoding=\"async\" width=\"1024\" height=\"682\" src=\"https:\/\/aeroclubparana.org.ar\/web\/wp-content\/uploads\/2020\/12\/rosario_1-1024x682.jpg\" alt=\"\" data-id=\"398\" data-full-url=\"https:\/\/aeroclubparana.org.ar\/web\/wp-content\/uploads\/2020\/12\/rosario_1.jpg\" data-link=\"https:\/\/aeroclubparana.org.ar\/web\/?attachment_id=398\" class=\"wp-image-398\" srcset=\"https:\/\/aeroclubparana.org.ar\/web\/wp-content\/uploads\/2020\/12\/rosario_1-1024x682.jpg 1024w, https:\/\/aeroclubparana.org.ar\/web\/wp-content\/uploads\/2020\/12\/rosario_1-300x200.jpg 300w, https:\/\/aeroclubparana.org.ar\/web\/wp-content\/uploads\/2020\/12\/rosario_1-768x512.jpg 768w, https:\/\/aeroclubparana.org.ar\/web\/wp-content\/uploads\/2020\/12\/rosario_1-1080x720.jpg 1080w, https:\/\/aeroclubparana.org.ar\/web\/wp-content\/uploads\/2020\/12\/rosario_1.jpg 1280w\" sizes=\"auto, (max-width: 1024px) 100vw, 1024px\" \/><\/a><\/figure><\/li><li class=\"blocks-gallery-item\"><figure><a href=\"https:\/\/aeroclubparana.org.ar\/web\/wp-content\/uploads\/2020\/12\/AV_1.jpeg\"><img loading=\"lazy\" decoding=\"async\" width=\"1024\" height=\"576\" src=\"https:\/\/aeroclubparana.org.ar\/web\/wp-content\/uploads\/2020\/12\/AV_1-1024x576.jpeg\" alt=\"\" data-id=\"372\" data-full-url=\"https:\/\/aeroclubparana.org.ar\/web\/wp-content\/uploads\/2020\/12\/AV_1.jpeg\" data-link=\"https:\/\/aeroclubparana.org.ar\/web\/?attachment_id=372\" class=\"wp-image-372\" srcset=\"https:\/\/aeroclubparana.org.ar\/web\/wp-content\/uploads\/2020\/12\/AV_1-1024x576.jpeg 1024w, https:\/\/aeroclubparana.org.ar\/web\/wp-content\/uploads\/2020\/12\/AV_1-300x169.jpeg 300w, https:\/\/aeroclubparana.org.ar\/web\/wp-content\/uploads\/2020\/12\/AV_1-768x432.jpeg 768w, https:\/\/aeroclubparana.org.ar\/web\/wp-content\/uploads\/2020\/12\/AV_1-1080x608.jpeg 1080w, https:\/\/aeroclubparana.org.ar\/web\/wp-content\/uploads\/2020\/12\/AV_1.jpeg 1280w\" sizes=\"auto, (max-width: 1024px) 100vw, 1024px\" \/><\/a><\/figure><\/li><li class=\"blocks-gallery-item\"><figure><a href=\"https:\/\/aeroclubparana.org.ar\/web\/wp-content\/uploads\/2020\/12\/toma_1.jpg\"><img loading=\"lazy\" decoding=\"async\" width=\"1024\" height=\"577\" src=\"https:\/\/aeroclubparana.org.ar\/web\/wp-content\/uploads\/2020\/12\/toma_1-1024x577.jpg\" alt=\"\" data-id=\"399\" data-full-url=\"https:\/\/aeroclubparana.org.ar\/web\/wp-content\/uploads\/2020\/12\/toma_1.jpg\" data-link=\"https:\/\/aeroclubparana.org.ar\/web\/?attachment_id=399\" class=\"wp-image-399\" srcset=\"https:\/\/aeroclubparana.org.ar\/web\/wp-content\/uploads\/2020\/12\/toma_1-1024x577.jpg 1024w, https:\/\/aeroclubparana.org.ar\/web\/wp-content\/uploads\/2020\/12\/toma_1-300x169.jpg 300w, https:\/\/aeroclubparana.org.ar\/web\/wp-content\/uploads\/2020\/12\/toma_1-768x432.jpg 768w, https:\/\/aeroclubparana.org.ar\/web\/wp-content\/uploads\/2020\/12\/toma_1-1080x608.jpg 1080w, https:\/\/aeroclubparana.org.ar\/web\/wp-content\/uploads\/2020\/12\/toma_1.jpg 1156w\" sizes=\"auto, (max-width: 1024px) 100vw, 1024px\" \/><\/a><\/figure><\/li><\/ul><\/figure>\n","protected":false},"excerpt":{"rendered":"<p>En un a\u00f1o, dificil, complicado, y en donde la pandemia puso en jaque a todos los estamentos de nuestra Aviaci\u00f3n Civil, nosotros pudimos brindarle a nuestro Aeroclub y en las horas previas a la finalizaci\u00f3n de este 2020, un merecido, sencillo pero no menos significativo festejo por sus 80 a\u00f1os. Desde la CD, queremos agradecer [&hellip;]<\/p>\n","protected":false},"author":2,"featured_media":374,"comment_status":"open","ping_status":"open","sticky":false,"template":"","format":"standard","meta":{"_et_pb_use_builder":"","_et_pb_old_content":"","_et_gb_content_width":"","footnotes":""},"categories":[1],"tags":[],"class_list":["post-370","post","type-post","status-publish","format-standard","has-post-thumbnail","hentry","category-uncategorized","et-has-post-format-content","et_post_format-et-post-format-standard"],"yoast_head":"<!-- This site is optimized with the Yoast SEO plugin v22.8 - https:\/\/yoast.com\/wordpress\/plugins\/seo\/ -->\n<title>Festejamos los 80 a todas luces... - Aeroclub Ciudad de Paran\u00e1<\/title>\n<meta name=\"robots\" content=\"index, follow, max-snippet:-1, max-image-preview:large, max-video-preview:-1\" \/>\n<link rel=\"canonical\" href=\"https:\/\/aeroclubparana.org.ar\/web\/index.php\/2020\/12\/30\/festejamos-los-80-a-todas-luces\/\" \/>\n<meta property=\"og:locale\" content=\"es_ES\" \/>\n<meta property=\"og:type\" content=\"article\" \/>\n<meta property=\"og:title\" content=\"Festejamos los 80 a todas luces... - Aeroclub Ciudad de Paran\u00e1\" \/>\n<meta property=\"og:description\" content=\"En un a\u00f1o, dificil, complicado, y en donde la pandemia puso en jaque a todos los estamentos de nuestra Aviaci\u00f3n Civil, nosotros pudimos brindarle a nuestro Aeroclub y en las horas previas a la finalizaci\u00f3n de este 2020, un merecido, sencillo pero no menos significativo festejo por sus 80 a\u00f1os. Desde la CD, queremos agradecer [&hellip;]\" \/>\n<meta property=\"og:url\" content=\"https:\/\/aeroclubparana.org.ar\/web\/index.php\/2020\/12\/30\/festejamos-los-80-a-todas-luces\/\" \/>\n<meta property=\"og:site_name\" content=\"Aeroclub Ciudad de Paran\u00e1\" \/>\n<meta property=\"article:published_time\" content=\"2020-12-30T17:27:37+00:00\" \/>\n<meta property=\"article:modified_time\" content=\"2020-12-30T17:27:41+00:00\" \/>\n<meta property=\"og:image\" content=\"https:\/\/aeroclubparana.org.ar\/web\/wp-content\/uploads\/2020\/12\/AV_3.jpeg\" \/>\n\t<meta property=\"og:image:width\" content=\"1280\" \/>\n\t<meta property=\"og:image:height\" content=\"720\" \/>\n\t<meta property=\"og:image:type\" content=\"image\/jpeg\" \/>\n<meta name=\"author\" content=\"Aeroclub Paran\u00e1\" \/>\n<meta name=\"twitter:card\" content=\"summary_large_image\" \/>\n<meta name=\"twitter:label1\" content=\"Escrito por\" \/>\n\t<meta name=\"twitter:data1\" content=\"Aeroclub Paran\u00e1\" \/>\n\t<meta name=\"twitter:label2\" content=\"Tiempo de lectura\" \/>\n\t<meta name=\"twitter:data2\" content=\"1 minuto\" \/>\n<script type=\"application\/ld+json\" class=\"yoast-schema-graph\">{\"@context\":\"https:\/\/schema.org\",\"@graph\":[{\"@type\":\"WebPage\",\"@id\":\"https:\/\/aeroclubparana.org.ar\/web\/index.php\/2020\/12\/30\/festejamos-los-80-a-todas-luces\/\",\"url\":\"https:\/\/aeroclubparana.org.ar\/web\/index.php\/2020\/12\/30\/festejamos-los-80-a-todas-luces\/\",\"name\":\"Festejamos los 80 a todas luces... - Aeroclub Ciudad de Paran\u00e1\",\"isPartOf\":{\"@id\":\"https:\/\/aeroclubparana.org.ar\/web\/#website\"},\"primaryImageOfPage\":{\"@id\":\"https:\/\/aeroclubparana.org.ar\/web\/index.php\/2020\/12\/30\/festejamos-los-80-a-todas-luces\/#primaryimage\"},\"image\":{\"@id\":\"https:\/\/aeroclubparana.org.ar\/web\/index.php\/2020\/12\/30\/festejamos-los-80-a-todas-luces\/#primaryimage\"},\"thumbnailUrl\":\"https:\/\/aeroclubparana.org.ar\/web\/wp-content\/uploads\/2020\/12\/AV_3.jpeg\",\"datePublished\":\"2020-12-30T17:27:37+00:00\",\"dateModified\":\"2020-12-30T17:27:41+00:00\",\"author\":{\"@id\":\"https:\/\/aeroclubparana.org.ar\/web\/#\/schema\/person\/30f08c2720d348886b3c95c716eda4ee\"},\"breadcrumb\":{\"@id\":\"https:\/\/aeroclubparana.org.ar\/web\/index.php\/2020\/12\/30\/festejamos-los-80-a-todas-luces\/#breadcrumb\"},\"inLanguage\":\"es\",\"potentialAction\":[{\"@type\":\"ReadAction\",\"target\":[\"https:\/\/aeroclubparana.org.ar\/web\/index.php\/2020\/12\/30\/festejamos-los-80-a-todas-luces\/\"]}]},{\"@type\":\"ImageObject\",\"inLanguage\":\"es\",\"@id\":\"https:\/\/aeroclubparana.org.ar\/web\/index.php\/2020\/12\/30\/festejamos-los-80-a-todas-luces\/#primaryimage\",\"url\":\"https:\/\/aeroclubparana.org.ar\/web\/wp-content\/uploads\/2020\/12\/AV_3.jpeg\",\"contentUrl\":\"https:\/\/aeroclubparana.org.ar\/web\/wp-content\/uploads\/2020\/12\/AV_3.jpeg\",\"width\":1280,\"height\":720},{\"@type\":\"BreadcrumbList\",\"@id\":\"https:\/\/aeroclubparana.org.ar\/web\/index.php\/2020\/12\/30\/festejamos-los-80-a-todas-luces\/#breadcrumb\",\"itemListElement\":[{\"@type\":\"ListItem\",\"position\":1,\"name\":\"Home\",\"item\":\"https:\/\/aeroclubparana.org.ar\/web\/\"},{\"@type\":\"ListItem\",\"position\":2,\"name\":\"Festejamos los 80 a todas luces&#8230;\"}]},{\"@type\":\"WebSite\",\"@id\":\"https:\/\/aeroclubparana.org.ar\/web\/#website\",\"url\":\"https:\/\/aeroclubparana.org.ar\/web\/\",\"name\":\"Aeroclub Ciudad de Paran\u00e1\",\"description\":\"\",\"potentialAction\":[{\"@type\":\"SearchAction\",\"target\":{\"@type\":\"EntryPoint\",\"urlTemplate\":\"https:\/\/aeroclubparana.org.ar\/web\/?s={search_term_string}\"},\"query-input\":\"required name=search_term_string\"}],\"inLanguage\":\"es\"},{\"@type\":\"Person\",\"@id\":\"https:\/\/aeroclubparana.org.ar\/web\/#\/schema\/person\/30f08c2720d348886b3c95c716eda4ee\",\"name\":\"Aeroclub Paran\u00e1\",\"image\":{\"@type\":\"ImageObject\",\"inLanguage\":\"es\",\"@id\":\"https:\/\/aeroclubparana.org.ar\/web\/#\/schema\/person\/image\/\",\"url\":\"https:\/\/secure.gravatar.com\/avatar\/bf5974e327a751bee34ee94520c70420?s=96&d=mm&r=g\",\"contentUrl\":\"https:\/\/secure.gravatar.com\/avatar\/bf5974e327a751bee34ee94520c70420?s=96&d=mm&r=g\",\"caption\":\"Aeroclub Paran\u00e1\"},\"url\":\"https:\/\/aeroclubparana.org.ar\/web\/index.php\/author\/aeroclubparana\/\"}]}<\/script>\n<!-- \/ Yoast SEO plugin. -->","yoast_head_json":{"title":"Festejamos los 80 a todas luces... - Aeroclub Ciudad de Paran\u00e1","robots":{"index":"index","follow":"follow","max-snippet":"max-snippet:-1","max-image-preview":"max-image-preview:large","max-video-preview":"max-video-preview:-1"},"canonical":"https:\/\/aeroclubparana.org.ar\/web\/index.php\/2020\/12\/30\/festejamos-los-80-a-todas-luces\/","og_locale":"es_ES","og_type":"article","og_title":"Festejamos los 80 a todas luces... - Aeroclub Ciudad de Paran\u00e1","og_description":"En un a\u00f1o, dificil, complicado, y en donde la pandemia puso en jaque a todos los estamentos de nuestra Aviaci\u00f3n Civil, nosotros pudimos brindarle a nuestro Aeroclub y en las horas previas a la finalizaci\u00f3n de este 2020, un merecido, sencillo pero no menos significativo festejo por sus 80 a\u00f1os. Desde la CD, queremos agradecer [&hellip;]","og_url":"https:\/\/aeroclubparana.org.ar\/web\/index.php\/2020\/12\/30\/festejamos-los-80-a-todas-luces\/","og_site_name":"Aeroclub Ciudad de Paran\u00e1","article_published_time":"2020-12-30T17:27:37+00:00","article_modified_time":"2020-12-30T17:27:41+00:00","og_image":[{"width":1280,"height":720,"url":"https:\/\/aeroclubparana.org.ar\/web\/wp-content\/uploads\/2020\/12\/AV_3.jpeg","type":"image\/jpeg"}],"author":"Aeroclub Paran\u00e1","twitter_card":"summary_large_image","twitter_misc":{"Escrito por":"Aeroclub Paran\u00e1","Tiempo de lectura":"1 minuto"},"schema":{"@context":"https:\/\/schema.org","@graph":[{"@type":"WebPage","@id":"https:\/\/aeroclubparana.org.ar\/web\/index.php\/2020\/12\/30\/festejamos-los-80-a-todas-luces\/","url":"https:\/\/aeroclubparana.org.ar\/web\/index.php\/2020\/12\/30\/festejamos-los-80-a-todas-luces\/","name":"Festejamos los 80 a todas luces... - Aeroclub Ciudad de Paran\u00e1","isPartOf":{"@id":"https:\/\/aeroclubparana.org.ar\/web\/#website"},"primaryImageOfPage":{"@id":"https:\/\/aeroclubparana.org.ar\/web\/index.php\/2020\/12\/30\/festejamos-los-80-a-todas-luces\/#primaryimage"},"image":{"@id":"https:\/\/aeroclubparana.org.ar\/web\/index.php\/2020\/12\/30\/festejamos-los-80-a-todas-luces\/#primaryimage"},"thumbnailUrl":"https:\/\/aeroclubparana.org.ar\/web\/wp-content\/uploads\/2020\/12\/AV_3.jpeg","datePublished":"2020-12-30T17:27:37+00:00","dateModified":"2020-12-30T17:27:41+00:00","author":{"@id":"https:\/\/aeroclubparana.org.ar\/web\/#\/schema\/person\/30f08c2720d348886b3c95c716eda4ee"},"breadcrumb":{"@id":"https:\/\/aeroclubparana.org.ar\/web\/index.php\/2020\/12\/30\/festejamos-los-80-a-todas-luces\/#breadcrumb"},"inLanguage":"es","potentialAction":[{"@type":"ReadAction","target":["https:\/\/aeroclubparana.org.ar\/web\/index.php\/2020\/12\/30\/festejamos-los-80-a-todas-luces\/"]}]},{"@type":"ImageObject","inLanguage":"es","@id":"https:\/\/aeroclubparana.org.ar\/web\/index.php\/2020\/12\/30\/festejamos-los-80-a-todas-luces\/#primaryimage","url":"https:\/\/aeroclubparana.org.ar\/web\/wp-content\/uploads\/2020\/12\/AV_3.jpeg","contentUrl":"https:\/\/aeroclubparana.org.ar\/web\/wp-content\/uploads\/2020\/12\/AV_3.jpeg","width":1280,"height":720},{"@type":"BreadcrumbList","@id":"https:\/\/aeroclubparana.org.ar\/web\/index.php\/2020\/12\/30\/festejamos-los-80-a-todas-luces\/#breadcrumb","itemListElement":[{"@type":"ListItem","position":1,"name":"Home","item":"https:\/\/aeroclubparana.org.ar\/web\/"},{"@type":"ListItem","position":2,"name":"Festejamos los 80 a todas luces&#8230;"}]},{"@type":"WebSite","@id":"https:\/\/aeroclubparana.org.ar\/web\/#website","url":"https:\/\/aeroclubparana.org.ar\/web\/","name":"Aeroclub Ciudad de Paran\u00e1","description":"","potentialAction":[{"@type":"SearchAction","target":{"@type":"EntryPoint","urlTemplate":"https:\/\/aeroclubparana.org.ar\/web\/?s={search_term_string}"},"query-input":"required name=search_term_string"}],"inLanguage":"es"},{"@type":"Person","@id":"https:\/\/aeroclubparana.org.ar\/web\/#\/schema\/person\/30f08c2720d348886b3c95c716eda4ee","name":"Aeroclub Paran\u00e1","image":{"@type":"ImageObject","inLanguage":"es","@id":"https:\/\/aeroclubparana.org.ar\/web\/#\/schema\/person\/image\/","url":"https:\/\/secure.gravatar.com\/avatar\/bf5974e327a751bee34ee94520c70420?s=96&d=mm&r=g","contentUrl":"https:\/\/secure.gravatar.com\/avatar\/bf5974e327a751bee34ee94520c70420?s=96&d=mm&r=g","caption":"Aeroclub Paran\u00e1"},"url":"https:\/\/aeroclubparana.org.ar\/web\/index.php\/author\/aeroclubparana\/"}]}},"_links":{"self":[{"href":"https:\/\/aeroclubparana.org.ar\/web\/index.php\/wp-json\/wp\/v2\/posts\/370","targetHints":{"allow":["GET"]}}],"collection":[{"href":"https:\/\/aeroclubparana.org.ar\/web\/index.php\/wp-json\/wp\/v2\/posts"}],"about":[{"href":"https:\/\/aeroclubparana.org.ar\/web\/index.php\/wp-json\/wp\/v2\/types\/post"}],"author":[{"embeddable":true,"href":"https:\/\/aeroclubparana.org.ar\/web\/index.php\/wp-json\/wp\/v2\/users\/2"}],"replies":[{"embeddable":true,"href":"https:\/\/aeroclubparana.org.ar\/web\/index.php\/wp-json\/wp\/v2\/comments?post=370"}],"version-history":[{"count":2,"href":"https:\/\/aeroclubparana.org.ar\/web\/index.php\/wp-json\/wp\/v2\/posts\/370\/revisions"}],"predecessor-version":[{"id":401,"href":"https:\/\/aeroclubparana.org.ar\/web\/index.php\/wp-json\/wp\/v2\/posts\/370\/revisions\/401"}],"wp:featuredmedia":[{"embeddable":true,"href":"https:\/\/aeroclubparana.org.ar\/web\/index.php\/wp-json\/wp\/v2\/media\/374"}],"wp:attachment":[{"href":"https:\/\/aeroclubparana.org.ar\/web\/index.php\/wp-json\/wp\/v2\/media?parent=370"}],"wp:term":[{"taxonomy":"category","embeddable":true,"href":"https:\/\/aeroclubparana.org.ar\/web\/index.php\/wp-json\/wp\/v2\/categories?post=370"},{"taxonomy":"post_tag","embeddable":true,"href":"https:\/\/aeroclubparana.org.ar\/web\/index.php\/wp-json\/wp\/v2\/tags?post=370"}],"curies":[{"name":"wp","href":"https:\/\/api.w.org\/{rel}","templated":true}]}}