{"id":344,"date":"2020-12-28T17:27:44","date_gmt":"2020-12-28T17:27:44","guid":{"rendered":"https:\/\/aeroclubparana.org.ar\/web\/?p=344"},"modified":"2020-12-28T17:54:42","modified_gmt":"2020-12-28T17:54:42","slug":"cerramos-el-mes-aniversario-en-la-costanera-y-a-puro-vuelo","status":"publish","type":"post","link":"https:\/\/aeroclubparana.org.ar\/web\/index.php\/2020\/12\/28\/cerramos-el-mes-aniversario-en-la-costanera-y-a-puro-vuelo\/","title":{"rendered":"Cerramos el mes aniversario en la costanera y a puro vuelo."},"content":{"rendered":"\n<p><span class=\"has-inline-color has-black-color\">En el d\u00eda de ayer, y a 48 horas del 80\u00b0 Aniversario de nuestro Aeroclub, queremos agradecer y destacar el gesto de nuestros Pilotos que decidieron participar de la <strong>\u00abEscuadrilla Ochentosa\u00bb<\/strong> que no fue otra cosa que una suma de voluntades y sentido de pertenencia, para dejar registrada una fecha y un recuerdo m\u00e1s all\u00e1 de los l\u00edmites a\u00e9reos y terrestres de nuestra Instituci\u00f3n.<\/span><\/p>\n\n\n\n<p><span class=\"has-inline-color has-black-color\">El Domingo 27 de Diciembre, 7 aviones, 2 de la plantilla del Aeroclub, 4 privados y un poderoso Extra 330SC, dieron un toque distinto a la tarde dominguera sobre la costanera. Es que hac\u00eda mucho tiempo que no se ve\u00eda esta cantidad de aeronaves sobrevolando el mejor lugar que la ciudad tiene para ver un pasaje a\u00e9reo, primero y un display de vuelo acrob\u00e1tico, despu\u00e9s.<\/span><\/p>\n\n\n\n<p><span class=\"has-inline-color has-black-color\">Los 3 niveles del tradicional paseo paranaense, estuvieron colmados de gente de todas las edades, pero tambi\u00e9n hubo una veintena de embarcaciones de todo tipo que en una posici\u00f3n privilegiada, siguieron la secuencia de los vuelos.<\/span><\/p>\n\n\n\n<p><span class=\"has-inline-color has-black-color\">Luego de 2 sobrevuelos al per\u00edmetro del Islote Curup\u00ed, perfectamente coordinados -briefing de por medio- los 6 aviones pusieron rumbo al Aeroclub, mientras las comunicaciones por \u00abinterna\u00bb aseguraban la visibilidad entre ellos en el alejamiento, y la entrada en escena del potente Extra 330SC para el inicio de su rutina acro.<\/span><\/p>\n\n\n\n<p><span class=\"has-inline-color has-black-color\">El p\u00fablico que estuvo esperando y entre ellos, los m\u00e1s peque\u00f1os, vieron con cara de felicidad las \u00abpiruetas\u00bb del \u00abaionnn\u00bb y comenzaron a disfrutar de una secuencia acrob\u00e1tica como la que nuestro Instructor y Piloto, Cristian Grecca, nos tiene gratamente acostumbrado, demostrando un muy buen dominio de una aeronave con 330 HP en su mano izquierda y las m\u00e1s deliciosas maniobras ejecutadas con su mano derecha puesta en el comando. Impecable Cristian..!<\/span><\/p>\n\n\n\n<p><span class=\"has-inline-color has-black-color\">Cumplimos 80 a\u00f1os y si luego de estos festejos, despertamos la inquietud por las cosas del aire, no s\u00f3lo habremos cumplido a\u00f1os sino tambi\u00e9n, el objetivo para el cual los Aeroclubes en general y el nuestro en particular fueron creados. Despertar conciencia aeron\u00e1utica. Casi nada\u2026 o casi todo.<\/span><\/p>\n\n\n\n<p><\/p>\n\n\n\n<div class=\"wp-block-image is-style-default\"><figure class=\"aligncenter size-large\"><img loading=\"lazy\" decoding=\"async\" width=\"720\" height=\"960\" src=\"https:\/\/aeroclubparana.org.ar\/web\/wp-content\/uploads\/2020\/12\/escuadrilla_ochentosa.jpg\" alt=\"\" class=\"wp-image-358\" srcset=\"https:\/\/aeroclubparana.org.ar\/web\/wp-content\/uploads\/2020\/12\/escuadrilla_ochentosa.jpg 720w, https:\/\/aeroclubparana.org.ar\/web\/wp-content\/uploads\/2020\/12\/escuadrilla_ochentosa-225x300.jpg 225w\" sizes=\"auto, (max-width: 720px) 100vw, 720px\" \/><\/figure><\/div>\n\n\n\n<figure class=\"wp-block-image size-large is-style-default\"><img loading=\"lazy\" decoding=\"async\" width=\"1024\" height=\"701\" src=\"https:\/\/aeroclubparana.org.ar\/web\/wp-content\/uploads\/2020\/12\/ochentosos-1024x701.jpeg\" alt=\"\" class=\"wp-image-361\" srcset=\"https:\/\/aeroclubparana.org.ar\/web\/wp-content\/uploads\/2020\/12\/ochentosos-1024x701.jpeg 1024w, https:\/\/aeroclubparana.org.ar\/web\/wp-content\/uploads\/2020\/12\/ochentosos-300x205.jpeg 300w, https:\/\/aeroclubparana.org.ar\/web\/wp-content\/uploads\/2020\/12\/ochentosos-768x526.jpeg 768w, https:\/\/aeroclubparana.org.ar\/web\/wp-content\/uploads\/2020\/12\/ochentosos-1080x739.jpeg 1080w, https:\/\/aeroclubparana.org.ar\/web\/wp-content\/uploads\/2020\/12\/ochentosos.jpeg 1280w\" sizes=\"auto, (max-width: 1024px) 100vw, 1024px\" \/><figcaption>@mld_fotograf\u00eda<\/figcaption><\/figure>\n\n\n\n<figure class=\"wp-block-image size-large is-style-default\"><img loading=\"lazy\" decoding=\"async\" width=\"1024\" height=\"262\" src=\"https:\/\/aeroclubparana.org.ar\/web\/wp-content\/uploads\/2020\/12\/aviones-2-1024x262.jpeg\" alt=\"\" class=\"wp-image-363\" srcset=\"https:\/\/aeroclubparana.org.ar\/web\/wp-content\/uploads\/2020\/12\/aviones-2-1024x262.jpeg 1024w, https:\/\/aeroclubparana.org.ar\/web\/wp-content\/uploads\/2020\/12\/aviones-2-300x77.jpeg 300w, https:\/\/aeroclubparana.org.ar\/web\/wp-content\/uploads\/2020\/12\/aviones-2-768x197.jpeg 768w, https:\/\/aeroclubparana.org.ar\/web\/wp-content\/uploads\/2020\/12\/aviones-2-1080x277.jpeg 1080w, https:\/\/aeroclubparana.org.ar\/web\/wp-content\/uploads\/2020\/12\/aviones-2.jpeg 1280w\" sizes=\"auto, (max-width: 1024px) 100vw, 1024px\" \/><figcaption>@mld_fotograf\u00eda<\/figcaption><\/figure>\n\n\n\n<figure class=\"wp-block-gallery columns-3 is-cropped wp-block-gallery-1 is-layout-flex wp-block-gallery-is-layout-flex\"><ul class=\"blocks-gallery-grid\"><li class=\"blocks-gallery-item\"><figure><a href=\"https:\/\/aeroclubparana.org.ar\/web\/wp-content\/uploads\/2020\/12\/mohr_1.jpg\"><img loading=\"lazy\" decoding=\"async\" width=\"1024\" height=\"698\" src=\"https:\/\/aeroclubparana.org.ar\/web\/wp-content\/uploads\/2020\/12\/mohr_1-1024x698.jpg\" alt=\"\" data-id=\"345\" data-full-url=\"https:\/\/aeroclubparana.org.ar\/web\/wp-content\/uploads\/2020\/12\/mohr_1.jpg\" data-link=\"https:\/\/aeroclubparana.org.ar\/web\/?attachment_id=345\" class=\"wp-image-345\" srcset=\"https:\/\/aeroclubparana.org.ar\/web\/wp-content\/uploads\/2020\/12\/mohr_1-1024x698.jpg 1024w, https:\/\/aeroclubparana.org.ar\/web\/wp-content\/uploads\/2020\/12\/mohr_1-300x205.jpg 300w, https:\/\/aeroclubparana.org.ar\/web\/wp-content\/uploads\/2020\/12\/mohr_1-768x524.jpg 768w, https:\/\/aeroclubparana.org.ar\/web\/wp-content\/uploads\/2020\/12\/mohr_1-1536x1048.jpg 1536w, https:\/\/aeroclubparana.org.ar\/web\/wp-content\/uploads\/2020\/12\/mohr_1-2048x1397.jpg 2048w, https:\/\/aeroclubparana.org.ar\/web\/wp-content\/uploads\/2020\/12\/mohr_1-1080x737.jpg 1080w\" sizes=\"auto, (max-width: 1024px) 100vw, 1024px\" \/><\/a><figcaption class=\"blocks-gallery-item__caption\">Ramiro Mohr &#8211; Spotter<\/figcaption><\/figure><\/li><li class=\"blocks-gallery-item\"><figure><a href=\"https:\/\/aeroclubparana.org.ar\/web\/wp-content\/uploads\/2020\/12\/mohr_2.jpg\"><img loading=\"lazy\" decoding=\"async\" width=\"1024\" height=\"698\" src=\"https:\/\/aeroclubparana.org.ar\/web\/wp-content\/uploads\/2020\/12\/mohr_2-1024x698.jpg\" alt=\"\" data-id=\"347\" data-full-url=\"https:\/\/aeroclubparana.org.ar\/web\/wp-content\/uploads\/2020\/12\/mohr_2.jpg\" data-link=\"https:\/\/aeroclubparana.org.ar\/web\/?attachment_id=347\" class=\"wp-image-347\" srcset=\"https:\/\/aeroclubparana.org.ar\/web\/wp-content\/uploads\/2020\/12\/mohr_2-1024x698.jpg 1024w, https:\/\/aeroclubparana.org.ar\/web\/wp-content\/uploads\/2020\/12\/mohr_2-300x205.jpg 300w, https:\/\/aeroclubparana.org.ar\/web\/wp-content\/uploads\/2020\/12\/mohr_2-768x524.jpg 768w, https:\/\/aeroclubparana.org.ar\/web\/wp-content\/uploads\/2020\/12\/mohr_2-1536x1048.jpg 1536w, https:\/\/aeroclubparana.org.ar\/web\/wp-content\/uploads\/2020\/12\/mohr_2-2048x1397.jpg 2048w, https:\/\/aeroclubparana.org.ar\/web\/wp-content\/uploads\/2020\/12\/mohr_2-1080x737.jpg 1080w\" sizes=\"auto, (max-width: 1024px) 100vw, 1024px\" \/><\/a><figcaption class=\"blocks-gallery-item__caption\">Ramiro Mohr &#8211; Spotter<\/figcaption><\/figure><\/li><li class=\"blocks-gallery-item\"><figure><a href=\"https:\/\/aeroclubparana.org.ar\/web\/wp-content\/uploads\/2020\/12\/mohr_3.jpg\"><img loading=\"lazy\" decoding=\"async\" width=\"1024\" height=\"698\" src=\"https:\/\/aeroclubparana.org.ar\/web\/wp-content\/uploads\/2020\/12\/mohr_3-1024x698.jpg\" alt=\"\" data-id=\"348\" data-full-url=\"https:\/\/aeroclubparana.org.ar\/web\/wp-content\/uploads\/2020\/12\/mohr_3.jpg\" data-link=\"https:\/\/aeroclubparana.org.ar\/web\/?attachment_id=348\" class=\"wp-image-348\" srcset=\"https:\/\/aeroclubparana.org.ar\/web\/wp-content\/uploads\/2020\/12\/mohr_3-1024x698.jpg 1024w, https:\/\/aeroclubparana.org.ar\/web\/wp-content\/uploads\/2020\/12\/mohr_3-300x205.jpg 300w, https:\/\/aeroclubparana.org.ar\/web\/wp-content\/uploads\/2020\/12\/mohr_3-768x524.jpg 768w, https:\/\/aeroclubparana.org.ar\/web\/wp-content\/uploads\/2020\/12\/mohr_3-1536x1048.jpg 1536w, https:\/\/aeroclubparana.org.ar\/web\/wp-content\/uploads\/2020\/12\/mohr_3-2048x1397.jpg 2048w, https:\/\/aeroclubparana.org.ar\/web\/wp-content\/uploads\/2020\/12\/mohr_3-1080x737.jpg 1080w\" sizes=\"auto, (max-width: 1024px) 100vw, 1024px\" \/><\/a><figcaption class=\"blocks-gallery-item__caption\">Ramiro Mohr &#8211; Spotter<\/figcaption><\/figure><\/li><li class=\"blocks-gallery-item\"><figure><a href=\"https:\/\/aeroclubparana.org.ar\/web\/wp-content\/uploads\/2020\/12\/FACIL_1.jpg\"><img loading=\"lazy\" decoding=\"async\" width=\"960\" height=\"655\" src=\"https:\/\/aeroclubparana.org.ar\/web\/wp-content\/uploads\/2020\/12\/FACIL_1.jpg\" alt=\"\" data-id=\"359\" data-full-url=\"https:\/\/aeroclubparana.org.ar\/web\/wp-content\/uploads\/2020\/12\/FACIL_1.jpg\" data-link=\"https:\/\/aeroclubparana.org.ar\/web\/?attachment_id=359\" class=\"wp-image-359\" srcset=\"https:\/\/aeroclubparana.org.ar\/web\/wp-content\/uploads\/2020\/12\/FACIL_1.jpg 960w, https:\/\/aeroclubparana.org.ar\/web\/wp-content\/uploads\/2020\/12\/FACIL_1-300x205.jpg 300w, https:\/\/aeroclubparana.org.ar\/web\/wp-content\/uploads\/2020\/12\/FACIL_1-768x524.jpg 768w\" sizes=\"auto, (max-width: 960px) 100vw, 960px\" \/><\/a><figcaption class=\"blocks-gallery-item__caption\">Ramiro Mohr &#8211; Spotter<\/figcaption><\/figure><\/li><li class=\"blocks-gallery-item\"><figure><a href=\"https:\/\/aeroclubparana.org.ar\/web\/wp-content\/uploads\/2020\/12\/mohr_5.jpg\"><img loading=\"lazy\" decoding=\"async\" width=\"1024\" height=\"698\" src=\"https:\/\/aeroclubparana.org.ar\/web\/wp-content\/uploads\/2020\/12\/mohr_5-1024x698.jpg\" alt=\"\" data-id=\"350\" data-full-url=\"https:\/\/aeroclubparana.org.ar\/web\/wp-content\/uploads\/2020\/12\/mohr_5.jpg\" data-link=\"https:\/\/aeroclubparana.org.ar\/web\/?attachment_id=350\" class=\"wp-image-350\" srcset=\"https:\/\/aeroclubparana.org.ar\/web\/wp-content\/uploads\/2020\/12\/mohr_5-1024x698.jpg 1024w, https:\/\/aeroclubparana.org.ar\/web\/wp-content\/uploads\/2020\/12\/mohr_5-300x205.jpg 300w, https:\/\/aeroclubparana.org.ar\/web\/wp-content\/uploads\/2020\/12\/mohr_5-768x524.jpg 768w, https:\/\/aeroclubparana.org.ar\/web\/wp-content\/uploads\/2020\/12\/mohr_5-1536x1048.jpg 1536w, https:\/\/aeroclubparana.org.ar\/web\/wp-content\/uploads\/2020\/12\/mohr_5-2048x1397.jpg 2048w, https:\/\/aeroclubparana.org.ar\/web\/wp-content\/uploads\/2020\/12\/mohr_5-1080x737.jpg 1080w\" sizes=\"auto, (max-width: 1024px) 100vw, 1024px\" \/><\/a><figcaption class=\"blocks-gallery-item__caption\">Ramiro Mohr &#8211; Spotter<\/figcaption><\/figure><\/li><li class=\"blocks-gallery-item\"><figure><a href=\"https:\/\/aeroclubparana.org.ar\/web\/wp-content\/uploads\/2020\/12\/mohr_4.jpg\"><img loading=\"lazy\" decoding=\"async\" width=\"1024\" height=\"698\" src=\"https:\/\/aeroclubparana.org.ar\/web\/wp-content\/uploads\/2020\/12\/mohr_4-1024x698.jpg\" alt=\"\" data-id=\"349\" data-full-url=\"https:\/\/aeroclubparana.org.ar\/web\/wp-content\/uploads\/2020\/12\/mohr_4.jpg\" data-link=\"https:\/\/aeroclubparana.org.ar\/web\/?attachment_id=349\" class=\"wp-image-349\" srcset=\"https:\/\/aeroclubparana.org.ar\/web\/wp-content\/uploads\/2020\/12\/mohr_4-1024x698.jpg 1024w, https:\/\/aeroclubparana.org.ar\/web\/wp-content\/uploads\/2020\/12\/mohr_4-300x205.jpg 300w, https:\/\/aeroclubparana.org.ar\/web\/wp-content\/uploads\/2020\/12\/mohr_4-768x524.jpg 768w, https:\/\/aeroclubparana.org.ar\/web\/wp-content\/uploads\/2020\/12\/mohr_4-1536x1048.jpg 1536w, https:\/\/aeroclubparana.org.ar\/web\/wp-content\/uploads\/2020\/12\/mohr_4-2048x1397.jpg 2048w, https:\/\/aeroclubparana.org.ar\/web\/wp-content\/uploads\/2020\/12\/mohr_4-1080x737.jpg 1080w\" sizes=\"auto, (max-width: 1024px) 100vw, 1024px\" \/><\/a><figcaption class=\"blocks-gallery-item__caption\">Ramiro Mohr &#8211; Spotter<\/figcaption><\/figure><\/li><li class=\"blocks-gallery-item\"><figure><a href=\"https:\/\/aeroclubparana.org.ar\/web\/wp-content\/uploads\/2020\/12\/mohr_6.jpg\"><img loading=\"lazy\" decoding=\"async\" width=\"1024\" height=\"698\" src=\"https:\/\/aeroclubparana.org.ar\/web\/wp-content\/uploads\/2020\/12\/mohr_6-1024x698.jpg\" alt=\"\" data-id=\"351\" data-full-url=\"https:\/\/aeroclubparana.org.ar\/web\/wp-content\/uploads\/2020\/12\/mohr_6.jpg\" data-link=\"https:\/\/aeroclubparana.org.ar\/web\/?attachment_id=351\" class=\"wp-image-351\" srcset=\"https:\/\/aeroclubparana.org.ar\/web\/wp-content\/uploads\/2020\/12\/mohr_6-1024x698.jpg 1024w, https:\/\/aeroclubparana.org.ar\/web\/wp-content\/uploads\/2020\/12\/mohr_6-300x205.jpg 300w, https:\/\/aeroclubparana.org.ar\/web\/wp-content\/uploads\/2020\/12\/mohr_6-768x524.jpg 768w, https:\/\/aeroclubparana.org.ar\/web\/wp-content\/uploads\/2020\/12\/mohr_6-1536x1048.jpg 1536w, https:\/\/aeroclubparana.org.ar\/web\/wp-content\/uploads\/2020\/12\/mohr_6-2048x1397.jpg 2048w, https:\/\/aeroclubparana.org.ar\/web\/wp-content\/uploads\/2020\/12\/mohr_6-1080x737.jpg 1080w\" sizes=\"auto, (max-width: 1024px) 100vw, 1024px\" \/><\/a><figcaption class=\"blocks-gallery-item__caption\">Ramiro Mohr &#8211; Spotter<\/figcaption><\/figure><\/li><li class=\"blocks-gallery-item\"><figure><a href=\"https:\/\/aeroclubparana.org.ar\/web\/wp-content\/uploads\/2020\/12\/mohr_99.jpg\"><img loading=\"lazy\" decoding=\"async\" width=\"1024\" height=\"698\" src=\"https:\/\/aeroclubparana.org.ar\/web\/wp-content\/uploads\/2020\/12\/mohr_99-1024x698.jpg\" alt=\"\" data-id=\"355\" data-full-url=\"https:\/\/aeroclubparana.org.ar\/web\/wp-content\/uploads\/2020\/12\/mohr_99.jpg\" data-link=\"https:\/\/aeroclubparana.org.ar\/web\/?attachment_id=355\" class=\"wp-image-355\" srcset=\"https:\/\/aeroclubparana.org.ar\/web\/wp-content\/uploads\/2020\/12\/mohr_99-1024x698.jpg 1024w, https:\/\/aeroclubparana.org.ar\/web\/wp-content\/uploads\/2020\/12\/mohr_99-300x205.jpg 300w, https:\/\/aeroclubparana.org.ar\/web\/wp-content\/uploads\/2020\/12\/mohr_99-768x524.jpg 768w, https:\/\/aeroclubparana.org.ar\/web\/wp-content\/uploads\/2020\/12\/mohr_99-1536x1048.jpg 1536w, https:\/\/aeroclubparana.org.ar\/web\/wp-content\/uploads\/2020\/12\/mohr_99-2048x1397.jpg 2048w, https:\/\/aeroclubparana.org.ar\/web\/wp-content\/uploads\/2020\/12\/mohr_99-1080x737.jpg 1080w\" sizes=\"auto, (max-width: 1024px) 100vw, 1024px\" \/><\/a><figcaption class=\"blocks-gallery-item__caption\">Ramiro Mohr &#8211; Spotter<\/figcaption><\/figure><\/li><li class=\"blocks-gallery-item\"><figure><a href=\"https:\/\/aeroclubparana.org.ar\/web\/wp-content\/uploads\/2020\/12\/mohr_9.jpg\"><img loading=\"lazy\" decoding=\"async\" width=\"1024\" height=\"698\" src=\"https:\/\/aeroclubparana.org.ar\/web\/wp-content\/uploads\/2020\/12\/mohr_9-1024x698.jpg\" alt=\"\" data-id=\"354\" data-full-url=\"https:\/\/aeroclubparana.org.ar\/web\/wp-content\/uploads\/2020\/12\/mohr_9.jpg\" data-link=\"https:\/\/aeroclubparana.org.ar\/web\/?attachment_id=354\" class=\"wp-image-354\" srcset=\"https:\/\/aeroclubparana.org.ar\/web\/wp-content\/uploads\/2020\/12\/mohr_9-1024x698.jpg 1024w, https:\/\/aeroclubparana.org.ar\/web\/wp-content\/uploads\/2020\/12\/mohr_9-300x205.jpg 300w, https:\/\/aeroclubparana.org.ar\/web\/wp-content\/uploads\/2020\/12\/mohr_9-768x524.jpg 768w, https:\/\/aeroclubparana.org.ar\/web\/wp-content\/uploads\/2020\/12\/mohr_9-1536x1048.jpg 1536w, https:\/\/aeroclubparana.org.ar\/web\/wp-content\/uploads\/2020\/12\/mohr_9-2048x1397.jpg 2048w, https:\/\/aeroclubparana.org.ar\/web\/wp-content\/uploads\/2020\/12\/mohr_9-1080x737.jpg 1080w\" sizes=\"auto, (max-width: 1024px) 100vw, 1024px\" \/><\/a><figcaption class=\"blocks-gallery-item__caption\">Ramiro Mohr &#8211; Spotter<\/figcaption><\/figure><\/li><li class=\"blocks-gallery-item\"><figure><a href=\"https:\/\/aeroclubparana.org.ar\/web\/wp-content\/uploads\/2020\/12\/mohr_8.jpg\"><img loading=\"lazy\" decoding=\"async\" width=\"1024\" height=\"698\" src=\"https:\/\/aeroclubparana.org.ar\/web\/wp-content\/uploads\/2020\/12\/mohr_8-1024x698.jpg\" alt=\"\" data-id=\"353\" data-full-url=\"https:\/\/aeroclubparana.org.ar\/web\/wp-content\/uploads\/2020\/12\/mohr_8.jpg\" data-link=\"https:\/\/aeroclubparana.org.ar\/web\/?attachment_id=353\" class=\"wp-image-353\" srcset=\"https:\/\/aeroclubparana.org.ar\/web\/wp-content\/uploads\/2020\/12\/mohr_8-1024x698.jpg 1024w, https:\/\/aeroclubparana.org.ar\/web\/wp-content\/uploads\/2020\/12\/mohr_8-300x205.jpg 300w, https:\/\/aeroclubparana.org.ar\/web\/wp-content\/uploads\/2020\/12\/mohr_8-768x524.jpg 768w, https:\/\/aeroclubparana.org.ar\/web\/wp-content\/uploads\/2020\/12\/mohr_8-1536x1048.jpg 1536w, https:\/\/aeroclubparana.org.ar\/web\/wp-content\/uploads\/2020\/12\/mohr_8-2048x1397.jpg 2048w, https:\/\/aeroclubparana.org.ar\/web\/wp-content\/uploads\/2020\/12\/mohr_8-1080x737.jpg 1080w\" sizes=\"auto, (max-width: 1024px) 100vw, 1024px\" \/><\/a><figcaption class=\"blocks-gallery-item__caption\">Ramiro Mohr &#8211; Spotter<\/figcaption><\/figure><\/li><li class=\"blocks-gallery-item\"><figure><a href=\"https:\/\/aeroclubparana.org.ar\/web\/wp-content\/uploads\/2020\/12\/mohr_7.jpg\"><img loading=\"lazy\" decoding=\"async\" width=\"1024\" height=\"698\" src=\"https:\/\/aeroclubparana.org.ar\/web\/wp-content\/uploads\/2020\/12\/mohr_7-1024x698.jpg\" alt=\"\" data-id=\"352\" data-full-url=\"https:\/\/aeroclubparana.org.ar\/web\/wp-content\/uploads\/2020\/12\/mohr_7.jpg\" data-link=\"https:\/\/aeroclubparana.org.ar\/web\/?attachment_id=352\" class=\"wp-image-352\" srcset=\"https:\/\/aeroclubparana.org.ar\/web\/wp-content\/uploads\/2020\/12\/mohr_7-1024x698.jpg 1024w, https:\/\/aeroclubparana.org.ar\/web\/wp-content\/uploads\/2020\/12\/mohr_7-300x205.jpg 300w, https:\/\/aeroclubparana.org.ar\/web\/wp-content\/uploads\/2020\/12\/mohr_7-768x524.jpg 768w, https:\/\/aeroclubparana.org.ar\/web\/wp-content\/uploads\/2020\/12\/mohr_7-1536x1048.jpg 1536w, https:\/\/aeroclubparana.org.ar\/web\/wp-content\/uploads\/2020\/12\/mohr_7-2048x1397.jpg 2048w, https:\/\/aeroclubparana.org.ar\/web\/wp-content\/uploads\/2020\/12\/mohr_7-1080x737.jpg 1080w\" sizes=\"auto, (max-width: 1024px) 100vw, 1024px\" \/><\/a><figcaption class=\"blocks-gallery-item__caption\">Ramiro Mohr &#8211; Spotter<\/figcaption><\/figure><\/li><li class=\"blocks-gallery-item\"><figure><a href=\"https:\/\/aeroclubparana.org.ar\/web\/wp-content\/uploads\/2020\/12\/radio_2.jpeg\"><img loading=\"lazy\" decoding=\"async\" width=\"1024\" height=\"682\" src=\"https:\/\/aeroclubparana.org.ar\/web\/wp-content\/uploads\/2020\/12\/radio_2-1024x682.jpeg\" alt=\"\" data-id=\"357\" data-full-url=\"https:\/\/aeroclubparana.org.ar\/web\/wp-content\/uploads\/2020\/12\/radio_2.jpeg\" data-link=\"https:\/\/aeroclubparana.org.ar\/web\/?attachment_id=357\" class=\"wp-image-357\" srcset=\"https:\/\/aeroclubparana.org.ar\/web\/wp-content\/uploads\/2020\/12\/radio_2-1024x682.jpeg 1024w, https:\/\/aeroclubparana.org.ar\/web\/wp-content\/uploads\/2020\/12\/radio_2-300x200.jpeg 300w, https:\/\/aeroclubparana.org.ar\/web\/wp-content\/uploads\/2020\/12\/radio_2-768x512.jpeg 768w, https:\/\/aeroclubparana.org.ar\/web\/wp-content\/uploads\/2020\/12\/radio_2-1080x720.jpeg 1080w, https:\/\/aeroclubparana.org.ar\/web\/wp-content\/uploads\/2020\/12\/radio_2.jpeg 1280w\" sizes=\"auto, (max-width: 1024px) 100vw, 1024px\" \/><\/a><figcaption class=\"blocks-gallery-item__caption\">Sergio Niz &#8211; Radio OnLine Paran\u00e1<\/figcaption><\/figure><\/li><li class=\"blocks-gallery-item\"><figure><a href=\"https:\/\/aeroclubparana.org.ar\/web\/wp-content\/uploads\/2020\/12\/radio_1.jpeg\"><img loading=\"lazy\" decoding=\"async\" width=\"1024\" height=\"682\" src=\"https:\/\/aeroclubparana.org.ar\/web\/wp-content\/uploads\/2020\/12\/radio_1-1024x682.jpeg\" alt=\"\" data-id=\"356\" data-full-url=\"https:\/\/aeroclubparana.org.ar\/web\/wp-content\/uploads\/2020\/12\/radio_1.jpeg\" data-link=\"https:\/\/aeroclubparana.org.ar\/web\/?attachment_id=356\" class=\"wp-image-356\" srcset=\"https:\/\/aeroclubparana.org.ar\/web\/wp-content\/uploads\/2020\/12\/radio_1-1024x682.jpeg 1024w, https:\/\/aeroclubparana.org.ar\/web\/wp-content\/uploads\/2020\/12\/radio_1-300x200.jpeg 300w, https:\/\/aeroclubparana.org.ar\/web\/wp-content\/uploads\/2020\/12\/radio_1-768x512.jpeg 768w, https:\/\/aeroclubparana.org.ar\/web\/wp-content\/uploads\/2020\/12\/radio_1-1080x720.jpeg 1080w, https:\/\/aeroclubparana.org.ar\/web\/wp-content\/uploads\/2020\/12\/radio_1.jpeg 1280w\" sizes=\"auto, (max-width: 1024px) 100vw, 1024px\" \/><\/a><figcaption class=\"blocks-gallery-item__caption\">Sergio Niz &#8211; Radio OnLine Paran\u00e1<\/figcaption><\/figure><\/li><\/ul><\/figure>\n","protected":false},"excerpt":{"rendered":"<p>En el d\u00eda de ayer, y a 48 horas del 80\u00b0 Aniversario de nuestro Aeroclub, queremos agradecer y destacar el gesto de nuestros Pilotos que decidieron participar de la \u00abEscuadrilla Ochentosa\u00bb que no fue otra cosa que una suma de voluntades y sentido de pertenencia, para dejar registrada una fecha y un recuerdo m\u00e1s all\u00e1 [&hellip;]<\/p>\n","protected":false},"author":2,"featured_media":367,"comment_status":"open","ping_status":"open","sticky":false,"template":"","format":"standard","meta":{"_et_pb_use_builder":"","_et_pb_old_content":"","_et_gb_content_width":"","footnotes":""},"categories":[1],"tags":[],"class_list":["post-344","post","type-post","status-publish","format-standard","has-post-thumbnail","hentry","category-uncategorized","et-has-post-format-content","et_post_format-et-post-format-standard"],"yoast_head":"<!-- This site is optimized with the Yoast SEO plugin v22.8 - https:\/\/yoast.com\/wordpress\/plugins\/seo\/ -->\n<title>Cerramos el mes aniversario en la costanera y a puro vuelo. - Aeroclub Ciudad de Paran\u00e1<\/title>\n<meta name=\"robots\" content=\"index, follow, max-snippet:-1, max-image-preview:large, max-video-preview:-1\" \/>\n<link rel=\"canonical\" href=\"https:\/\/aeroclubparana.org.ar\/web\/index.php\/2020\/12\/28\/cerramos-el-mes-aniversario-en-la-costanera-y-a-puro-vuelo\/\" \/>\n<meta property=\"og:locale\" content=\"es_ES\" \/>\n<meta property=\"og:type\" content=\"article\" \/>\n<meta property=\"og:title\" content=\"Cerramos el mes aniversario en la costanera y a puro vuelo. - Aeroclub Ciudad de Paran\u00e1\" \/>\n<meta property=\"og:description\" content=\"En el d\u00eda de ayer, y a 48 horas del 80\u00b0 Aniversario de nuestro Aeroclub, queremos agradecer y destacar el gesto de nuestros Pilotos que decidieron participar de la \u00abEscuadrilla Ochentosa\u00bb que no fue otra cosa que una suma de voluntades y sentido de pertenencia, para dejar registrada una fecha y un recuerdo m\u00e1s all\u00e1 [&hellip;]\" \/>\n<meta property=\"og:url\" content=\"https:\/\/aeroclubparana.org.ar\/web\/index.php\/2020\/12\/28\/cerramos-el-mes-aniversario-en-la-costanera-y-a-puro-vuelo\/\" \/>\n<meta property=\"og:site_name\" content=\"Aeroclub Ciudad de Paran\u00e1\" \/>\n<meta property=\"article:published_time\" content=\"2020-12-28T17:27:44+00:00\" \/>\n<meta property=\"article:modified_time\" content=\"2020-12-28T17:54:42+00:00\" \/>\n<meta property=\"og:image\" content=\"https:\/\/aeroclubparana.org.ar\/web\/wp-content\/uploads\/2020\/12\/aviones_1.jpeg\" \/>\n\t<meta property=\"og:image:width\" content=\"1280\" \/>\n\t<meta property=\"og:image:height\" content=\"853\" \/>\n\t<meta property=\"og:image:type\" content=\"image\/jpeg\" \/>\n<meta name=\"author\" content=\"Aeroclub Paran\u00e1\" \/>\n<meta name=\"twitter:card\" content=\"summary_large_image\" \/>\n<meta name=\"twitter:label1\" content=\"Escrito por\" \/>\n\t<meta name=\"twitter:data1\" content=\"Aeroclub Paran\u00e1\" \/>\n\t<meta name=\"twitter:label2\" content=\"Tiempo de lectura\" \/>\n\t<meta name=\"twitter:data2\" content=\"2 minutos\" \/>\n<script type=\"application\/ld+json\" class=\"yoast-schema-graph\">{\"@context\":\"https:\/\/schema.org\",\"@graph\":[{\"@type\":\"WebPage\",\"@id\":\"https:\/\/aeroclubparana.org.ar\/web\/index.php\/2020\/12\/28\/cerramos-el-mes-aniversario-en-la-costanera-y-a-puro-vuelo\/\",\"url\":\"https:\/\/aeroclubparana.org.ar\/web\/index.php\/2020\/12\/28\/cerramos-el-mes-aniversario-en-la-costanera-y-a-puro-vuelo\/\",\"name\":\"Cerramos el mes aniversario en la costanera y a puro vuelo. - Aeroclub Ciudad de Paran\u00e1\",\"isPartOf\":{\"@id\":\"https:\/\/aeroclubparana.org.ar\/web\/#website\"},\"primaryImageOfPage\":{\"@id\":\"https:\/\/aeroclubparana.org.ar\/web\/index.php\/2020\/12\/28\/cerramos-el-mes-aniversario-en-la-costanera-y-a-puro-vuelo\/#primaryimage\"},\"image\":{\"@id\":\"https:\/\/aeroclubparana.org.ar\/web\/index.php\/2020\/12\/28\/cerramos-el-mes-aniversario-en-la-costanera-y-a-puro-vuelo\/#primaryimage\"},\"thumbnailUrl\":\"https:\/\/aeroclubparana.org.ar\/web\/wp-content\/uploads\/2020\/12\/aviones_1.jpeg\",\"datePublished\":\"2020-12-28T17:27:44+00:00\",\"dateModified\":\"2020-12-28T17:54:42+00:00\",\"author\":{\"@id\":\"https:\/\/aeroclubparana.org.ar\/web\/#\/schema\/person\/30f08c2720d348886b3c95c716eda4ee\"},\"breadcrumb\":{\"@id\":\"https:\/\/aeroclubparana.org.ar\/web\/index.php\/2020\/12\/28\/cerramos-el-mes-aniversario-en-la-costanera-y-a-puro-vuelo\/#breadcrumb\"},\"inLanguage\":\"es\",\"potentialAction\":[{\"@type\":\"ReadAction\",\"target\":[\"https:\/\/aeroclubparana.org.ar\/web\/index.php\/2020\/12\/28\/cerramos-el-mes-aniversario-en-la-costanera-y-a-puro-vuelo\/\"]}]},{\"@type\":\"ImageObject\",\"inLanguage\":\"es\",\"@id\":\"https:\/\/aeroclubparana.org.ar\/web\/index.php\/2020\/12\/28\/cerramos-el-mes-aniversario-en-la-costanera-y-a-puro-vuelo\/#primaryimage\",\"url\":\"https:\/\/aeroclubparana.org.ar\/web\/wp-content\/uploads\/2020\/12\/aviones_1.jpeg\",\"contentUrl\":\"https:\/\/aeroclubparana.org.ar\/web\/wp-content\/uploads\/2020\/12\/aviones_1.jpeg\",\"width\":1280,\"height\":853},{\"@type\":\"BreadcrumbList\",\"@id\":\"https:\/\/aeroclubparana.org.ar\/web\/index.php\/2020\/12\/28\/cerramos-el-mes-aniversario-en-la-costanera-y-a-puro-vuelo\/#breadcrumb\",\"itemListElement\":[{\"@type\":\"ListItem\",\"position\":1,\"name\":\"Home\",\"item\":\"https:\/\/aeroclubparana.org.ar\/web\/\"},{\"@type\":\"ListItem\",\"position\":2,\"name\":\"Cerramos el mes aniversario en la costanera y a puro vuelo.\"}]},{\"@type\":\"WebSite\",\"@id\":\"https:\/\/aeroclubparana.org.ar\/web\/#website\",\"url\":\"https:\/\/aeroclubparana.org.ar\/web\/\",\"name\":\"Aeroclub Ciudad de Paran\u00e1\",\"description\":\"\",\"potentialAction\":[{\"@type\":\"SearchAction\",\"target\":{\"@type\":\"EntryPoint\",\"urlTemplate\":\"https:\/\/aeroclubparana.org.ar\/web\/?s={search_term_string}\"},\"query-input\":\"required name=search_term_string\"}],\"inLanguage\":\"es\"},{\"@type\":\"Person\",\"@id\":\"https:\/\/aeroclubparana.org.ar\/web\/#\/schema\/person\/30f08c2720d348886b3c95c716eda4ee\",\"name\":\"Aeroclub Paran\u00e1\",\"image\":{\"@type\":\"ImageObject\",\"inLanguage\":\"es\",\"@id\":\"https:\/\/aeroclubparana.org.ar\/web\/#\/schema\/person\/image\/\",\"url\":\"https:\/\/secure.gravatar.com\/avatar\/bf5974e327a751bee34ee94520c70420?s=96&d=mm&r=g\",\"contentUrl\":\"https:\/\/secure.gravatar.com\/avatar\/bf5974e327a751bee34ee94520c70420?s=96&d=mm&r=g\",\"caption\":\"Aeroclub Paran\u00e1\"},\"url\":\"https:\/\/aeroclubparana.org.ar\/web\/index.php\/author\/aeroclubparana\/\"}]}<\/script>\n<!-- \/ Yoast SEO plugin. -->","yoast_head_json":{"title":"Cerramos el mes aniversario en la costanera y a puro vuelo. - Aeroclub Ciudad de Paran\u00e1","robots":{"index":"index","follow":"follow","max-snippet":"max-snippet:-1","max-image-preview":"max-image-preview:large","max-video-preview":"max-video-preview:-1"},"canonical":"https:\/\/aeroclubparana.org.ar\/web\/index.php\/2020\/12\/28\/cerramos-el-mes-aniversario-en-la-costanera-y-a-puro-vuelo\/","og_locale":"es_ES","og_type":"article","og_title":"Cerramos el mes aniversario en la costanera y a puro vuelo. - Aeroclub Ciudad de Paran\u00e1","og_description":"En el d\u00eda de ayer, y a 48 horas del 80\u00b0 Aniversario de nuestro Aeroclub, queremos agradecer y destacar el gesto de nuestros Pilotos que decidieron participar de la \u00abEscuadrilla Ochentosa\u00bb que no fue otra cosa que una suma de voluntades y sentido de pertenencia, para dejar registrada una fecha y un recuerdo m\u00e1s all\u00e1 [&hellip;]","og_url":"https:\/\/aeroclubparana.org.ar\/web\/index.php\/2020\/12\/28\/cerramos-el-mes-aniversario-en-la-costanera-y-a-puro-vuelo\/","og_site_name":"Aeroclub Ciudad de Paran\u00e1","article_published_time":"2020-12-28T17:27:44+00:00","article_modified_time":"2020-12-28T17:54:42+00:00","og_image":[{"width":1280,"height":853,"url":"https:\/\/aeroclubparana.org.ar\/web\/wp-content\/uploads\/2020\/12\/aviones_1.jpeg","type":"image\/jpeg"}],"author":"Aeroclub Paran\u00e1","twitter_card":"summary_large_image","twitter_misc":{"Escrito por":"Aeroclub Paran\u00e1","Tiempo de lectura":"2 minutos"},"schema":{"@context":"https:\/\/schema.org","@graph":[{"@type":"WebPage","@id":"https:\/\/aeroclubparana.org.ar\/web\/index.php\/2020\/12\/28\/cerramos-el-mes-aniversario-en-la-costanera-y-a-puro-vuelo\/","url":"https:\/\/aeroclubparana.org.ar\/web\/index.php\/2020\/12\/28\/cerramos-el-mes-aniversario-en-la-costanera-y-a-puro-vuelo\/","name":"Cerramos el mes aniversario en la costanera y a puro vuelo. - Aeroclub Ciudad de Paran\u00e1","isPartOf":{"@id":"https:\/\/aeroclubparana.org.ar\/web\/#website"},"primaryImageOfPage":{"@id":"https:\/\/aeroclubparana.org.ar\/web\/index.php\/2020\/12\/28\/cerramos-el-mes-aniversario-en-la-costanera-y-a-puro-vuelo\/#primaryimage"},"image":{"@id":"https:\/\/aeroclubparana.org.ar\/web\/index.php\/2020\/12\/28\/cerramos-el-mes-aniversario-en-la-costanera-y-a-puro-vuelo\/#primaryimage"},"thumbnailUrl":"https:\/\/aeroclubparana.org.ar\/web\/wp-content\/uploads\/2020\/12\/aviones_1.jpeg","datePublished":"2020-12-28T17:27:44+00:00","dateModified":"2020-12-28T17:54:42+00:00","author":{"@id":"https:\/\/aeroclubparana.org.ar\/web\/#\/schema\/person\/30f08c2720d348886b3c95c716eda4ee"},"breadcrumb":{"@id":"https:\/\/aeroclubparana.org.ar\/web\/index.php\/2020\/12\/28\/cerramos-el-mes-aniversario-en-la-costanera-y-a-puro-vuelo\/#breadcrumb"},"inLanguage":"es","potentialAction":[{"@type":"ReadAction","target":["https:\/\/aeroclubparana.org.ar\/web\/index.php\/2020\/12\/28\/cerramos-el-mes-aniversario-en-la-costanera-y-a-puro-vuelo\/"]}]},{"@type":"ImageObject","inLanguage":"es","@id":"https:\/\/aeroclubparana.org.ar\/web\/index.php\/2020\/12\/28\/cerramos-el-mes-aniversario-en-la-costanera-y-a-puro-vuelo\/#primaryimage","url":"https:\/\/aeroclubparana.org.ar\/web\/wp-content\/uploads\/2020\/12\/aviones_1.jpeg","contentUrl":"https:\/\/aeroclubparana.org.ar\/web\/wp-content\/uploads\/2020\/12\/aviones_1.jpeg","width":1280,"height":853},{"@type":"BreadcrumbList","@id":"https:\/\/aeroclubparana.org.ar\/web\/index.php\/2020\/12\/28\/cerramos-el-mes-aniversario-en-la-costanera-y-a-puro-vuelo\/#breadcrumb","itemListElement":[{"@type":"ListItem","position":1,"name":"Home","item":"https:\/\/aeroclubparana.org.ar\/web\/"},{"@type":"ListItem","position":2,"name":"Cerramos el mes aniversario en la costanera y a puro vuelo."}]},{"@type":"WebSite","@id":"https:\/\/aeroclubparana.org.ar\/web\/#website","url":"https:\/\/aeroclubparana.org.ar\/web\/","name":"Aeroclub Ciudad de Paran\u00e1","description":"","potentialAction":[{"@type":"SearchAction","target":{"@type":"EntryPoint","urlTemplate":"https:\/\/aeroclubparana.org.ar\/web\/?s={search_term_string}"},"query-input":"required name=search_term_string"}],"inLanguage":"es"},{"@type":"Person","@id":"https:\/\/aeroclubparana.org.ar\/web\/#\/schema\/person\/30f08c2720d348886b3c95c716eda4ee","name":"Aeroclub Paran\u00e1","image":{"@type":"ImageObject","inLanguage":"es","@id":"https:\/\/aeroclubparana.org.ar\/web\/#\/schema\/person\/image\/","url":"https:\/\/secure.gravatar.com\/avatar\/bf5974e327a751bee34ee94520c70420?s=96&d=mm&r=g","contentUrl":"https:\/\/secure.gravatar.com\/avatar\/bf5974e327a751bee34ee94520c70420?s=96&d=mm&r=g","caption":"Aeroclub Paran\u00e1"},"url":"https:\/\/aeroclubparana.org.ar\/web\/index.php\/author\/aeroclubparana\/"}]}},"_links":{"self":[{"href":"https:\/\/aeroclubparana.org.ar\/web\/index.php\/wp-json\/wp\/v2\/posts\/344","targetHints":{"allow":["GET"]}}],"collection":[{"href":"https:\/\/aeroclubparana.org.ar\/web\/index.php\/wp-json\/wp\/v2\/posts"}],"about":[{"href":"https:\/\/aeroclubparana.org.ar\/web\/index.php\/wp-json\/wp\/v2\/types\/post"}],"author":[{"embeddable":true,"href":"https:\/\/aeroclubparana.org.ar\/web\/index.php\/wp-json\/wp\/v2\/users\/2"}],"replies":[{"embeddable":true,"href":"https:\/\/aeroclubparana.org.ar\/web\/index.php\/wp-json\/wp\/v2\/comments?post=344"}],"version-history":[{"count":4,"href":"https:\/\/aeroclubparana.org.ar\/web\/index.php\/wp-json\/wp\/v2\/posts\/344\/revisions"}],"predecessor-version":[{"id":369,"href":"https:\/\/aeroclubparana.org.ar\/web\/index.php\/wp-json\/wp\/v2\/posts\/344\/revisions\/369"}],"wp:featuredmedia":[{"embeddable":true,"href":"https:\/\/aeroclubparana.org.ar\/web\/index.php\/wp-json\/wp\/v2\/media\/367"}],"wp:attachment":[{"href":"https:\/\/aeroclubparana.org.ar\/web\/index.php\/wp-json\/wp\/v2\/media?parent=344"}],"wp:term":[{"taxonomy":"category","embeddable":true,"href":"https:\/\/aeroclubparana.org.ar\/web\/index.php\/wp-json\/wp\/v2\/categories?post=344"},{"taxonomy":"post_tag","embeddable":true,"href":"https:\/\/aeroclubparana.org.ar\/web\/index.php\/wp-json\/wp\/v2\/tags?post=344"}],"curies":[{"name":"wp","href":"https:\/\/api.w.org\/{rel}","templated":true}]}}