{"id":305,"date":"2020-12-13T00:05:10","date_gmt":"2020-12-13T00:05:10","guid":{"rendered":"https:\/\/aeroclubparana.org.ar\/web\/?p=305"},"modified":"2020-12-13T00:19:54","modified_gmt":"2020-12-13T00:19:54","slug":"charla-sobre-comunicaciones-aeronauticas","status":"publish","type":"post","link":"https:\/\/aeroclubparana.org.ar\/web\/index.php\/2020\/12\/13\/charla-sobre-comunicaciones-aeronauticas\/","title":{"rendered":"Charla sobre \u00abComunicaciones Aeron\u00e1uticas\u00bb."},"content":{"rendered":"\n<p><span class=\"has-inline-color has-black-color\">En la desapacible ma\u00f1ana de hoy S\u00e1bado 12 de Diciembre, pero que le di\u00f3 el marco ideal para capacitarnos, se llev\u00f3 a cabo en nuestro Aeroclub la charla \u00abComunicaciones Aeron\u00e1uticas\u00bb a cargo del personal de EANA TWR PAR. En un ambiente distendido y propicio para incorporar o refrescar conocimientos, aquellos alumnos y pilotos que siempre los escuchan a los operadores por frecuencia, tuvieron la oportunidad de conocerlos \u00aben vivo\u00bb a quienes se desempe\u00f1an en la Torre del Aeropuerto Paran\u00e1.<\/span><\/p>\n\n\n\n<p><span class=\"has-inline-color has-black-color\">Esta charla tuvo la particularidad que a los conceptos te\u00f3ricos y reglamentarios del tema, se le sum\u00f3 un \u00absimulador\u00bb prolijamente preparado por los docentes, en donde se fueron volcando las distintas situaciones que se dan a diario, pero analizados y compartidos por todos los asistentes, generando un interesante ida y vuelta de preguntas y respuestas.<\/span><\/p>\n\n\n\n<p><span class=\"has-inline-color has-black-color\">La simulaci\u00f3n la realizaron entre 4 pilotos, cada uno \u00aboperando\u00bb su aeronave y en comunicaci\u00f3n con la Torre, en una secuencia que abarc\u00f3 la fraseolog\u00eda desde la autorizaci\u00f3n para la puesta en marcha, rodaje a cabecera en uso hasta la espera, ingreso, despegue y posterior inicio de ruta, emergencia, fallas en las comunicaciones, y tambi\u00e9n no menos importante el Plan de Vuelo, ventajas y desventajas (para el piloto) de abrirlo en vuelo o presentarlo v\u00eda mail (acpar@eana.com.ar), entre otros temas relacionados.<\/span><\/p>\n\n\n\n<p><span class=\"has-inline-color has-black-color\">Claramente, esto no ser\u00eda posible sin la excelente predisposici\u00f3n, voluntad y esp\u00edritu docente del personal de EANA TWR PAR. Desde nuestro Aeroclub, hemos aceptado el compromiso de continuar generando este tipo de reuniones enfocados a los Pilotos, pero fundamentalmente a los Alumnos PPA, en el convencimiento que cuanto mayor acceso a la informaci\u00f3n provista por los profesionales de EANA, redundar\u00e1 necesariamente en una mejora de la Seguridad Operacional de nuestra actividad.<\/span><\/p>\n\n\n\n<p><span class=\"has-inline-color has-black-color\">Desde el Aeroclub, queremos agradecer a nuestros Alumnos PPA y Pilotos: Lucas Aspillaga, Fernando Baz\u00e1n, Eduardo Blochinger, Arturo Cassano, Ramiro Silveyra D\u00e1vila, Misael D\u00edaz, Jos\u00e9 Lu\u00eds Diaz, Alejo Ferreira Gallegos, Javier Gassman, V\u00edctor Manuel Hermosid, Marcelo Karst, Sebastian Marizza, Cristian Reynoso, Candela Rodriguez Signes, Oscar Zubielqui, Enzo Zandomeni y Daniel Mangia, por haber dispuesto de una ma\u00f1ana para acompa\u00f1ar este iniciativa que reiteramos, fue la primera de otras que organizaremos<\/span>.<\/p>\n\n\n\n<p><span class=\"has-inline-color has-black-color\">A Viviana Angelino, Luis Bifiguer y Daniel Buiatti, ante todo, amigos de la casa, pero adem\u00e1s, excelentes docentes que demuestran su vocaci\u00f3n de servicio puesto de manifiesto en el mejoramiento de todo el sistema del cual somos parte, MUCHAS GRACIAS, por el invaluable aporte. Hasta la pr\u00f3xima..!<\/span><\/p>\n\n\n\n<figure class=\"wp-block-gallery columns-3 is-cropped wp-block-gallery-1 is-layout-flex wp-block-gallery-is-layout-flex\"><ul class=\"blocks-gallery-grid\"><li class=\"blocks-gallery-item\"><figure><a href=\"https:\/\/aeroclubparana.org.ar\/web\/wp-content\/uploads\/2020\/12\/salon_2.jpeg\"><img loading=\"lazy\" decoding=\"async\" width=\"150\" height=\"150\" src=\"https:\/\/aeroclubparana.org.ar\/web\/wp-content\/uploads\/2020\/12\/salon_2-150x150.jpeg\" alt=\"\" data-id=\"308\" data-full-url=\"https:\/\/aeroclubparana.org.ar\/web\/wp-content\/uploads\/2020\/12\/salon_2.jpeg\" data-link=\"https:\/\/aeroclubparana.org.ar\/web\/?attachment_id=308\" class=\"wp-image-308\" srcset=\"https:\/\/aeroclubparana.org.ar\/web\/wp-content\/uploads\/2020\/12\/salon_2-150x150.jpeg 150w, https:\/\/aeroclubparana.org.ar\/web\/wp-content\/uploads\/2020\/12\/salon_2-440x440.jpeg 440w\" sizes=\"auto, (max-width: 150px) 100vw, 150px\" \/><\/a><\/figure><\/li><li class=\"blocks-gallery-item\"><figure><a href=\"https:\/\/aeroclubparana.org.ar\/web\/wp-content\/uploads\/2020\/12\/J3.jpeg\"><img loading=\"lazy\" decoding=\"async\" width=\"150\" height=\"150\" src=\"https:\/\/aeroclubparana.org.ar\/web\/wp-content\/uploads\/2020\/12\/J3-150x150.jpeg\" alt=\"\" data-id=\"307\" data-full-url=\"https:\/\/aeroclubparana.org.ar\/web\/wp-content\/uploads\/2020\/12\/J3.jpeg\" data-link=\"https:\/\/aeroclubparana.org.ar\/web\/?attachment_id=307\" class=\"wp-image-307\" srcset=\"https:\/\/aeroclubparana.org.ar\/web\/wp-content\/uploads\/2020\/12\/J3-150x150.jpeg 150w, https:\/\/aeroclubparana.org.ar\/web\/wp-content\/uploads\/2020\/12\/J3-440x440.jpeg 440w\" sizes=\"auto, (max-width: 150px) 100vw, 150px\" \/><\/a><\/figure><\/li><li class=\"blocks-gallery-item\"><figure><a href=\"https:\/\/aeroclubparana.org.ar\/web\/wp-content\/uploads\/2020\/12\/simu_1.jpeg\"><img loading=\"lazy\" decoding=\"async\" width=\"150\" height=\"150\" src=\"https:\/\/aeroclubparana.org.ar\/web\/wp-content\/uploads\/2020\/12\/simu_1-150x150.jpeg\" alt=\"\" data-id=\"309\" data-full-url=\"https:\/\/aeroclubparana.org.ar\/web\/wp-content\/uploads\/2020\/12\/simu_1.jpeg\" data-link=\"https:\/\/aeroclubparana.org.ar\/web\/?attachment_id=309\" class=\"wp-image-309\" srcset=\"https:\/\/aeroclubparana.org.ar\/web\/wp-content\/uploads\/2020\/12\/simu_1-150x150.jpeg 150w, https:\/\/aeroclubparana.org.ar\/web\/wp-content\/uploads\/2020\/12\/simu_1-440x440.jpeg 440w\" sizes=\"auto, (max-width: 150px) 100vw, 150px\" \/><\/a><\/figure><\/li><li class=\"blocks-gallery-item\"><figure><a href=\"https:\/\/aeroclubparana.org.ar\/web\/wp-content\/uploads\/2020\/12\/hangar_2.jpeg\"><img loading=\"lazy\" decoding=\"async\" width=\"150\" height=\"150\" src=\"https:\/\/aeroclubparana.org.ar\/web\/wp-content\/uploads\/2020\/12\/hangar_2-150x150.jpeg\" alt=\"\" data-id=\"306\" data-full-url=\"https:\/\/aeroclubparana.org.ar\/web\/wp-content\/uploads\/2020\/12\/hangar_2.jpeg\" data-link=\"https:\/\/aeroclubparana.org.ar\/web\/?attachment_id=306\" class=\"wp-image-306\" srcset=\"https:\/\/aeroclubparana.org.ar\/web\/wp-content\/uploads\/2020\/12\/hangar_2-150x150.jpeg 150w, https:\/\/aeroclubparana.org.ar\/web\/wp-content\/uploads\/2020\/12\/hangar_2-440x440.jpeg 440w\" sizes=\"auto, (max-width: 150px) 100vw, 150px\" \/><\/a><\/figure><\/li><\/ul><\/figure>\n\n\n\n<p><\/p>\n","protected":false},"excerpt":{"rendered":"<p>En la desapacible ma\u00f1ana de hoy S\u00e1bado 12 de Diciembre, pero que le di\u00f3 el marco ideal para capacitarnos, se llev\u00f3 a cabo en nuestro Aeroclub la charla \u00abComunicaciones Aeron\u00e1uticas\u00bb a cargo del personal de EANA TWR PAR. En un ambiente distendido y propicio para incorporar o refrescar conocimientos, aquellos alumnos y pilotos que siempre [&hellip;]<\/p>\n","protected":false},"author":2,"featured_media":311,"comment_status":"open","ping_status":"open","sticky":false,"template":"","format":"standard","meta":{"_et_pb_use_builder":"","_et_pb_old_content":"","_et_gb_content_width":"","footnotes":""},"categories":[1],"tags":[],"class_list":["post-305","post","type-post","status-publish","format-standard","has-post-thumbnail","hentry","category-uncategorized","et-has-post-format-content","et_post_format-et-post-format-standard"],"yoast_head":"<!-- This site is optimized with the Yoast SEO plugin v22.8 - https:\/\/yoast.com\/wordpress\/plugins\/seo\/ -->\n<title>Charla sobre &quot;Comunicaciones Aeron\u00e1uticas&quot;. - Aeroclub Ciudad de Paran\u00e1<\/title>\n<meta name=\"robots\" content=\"index, follow, max-snippet:-1, max-image-preview:large, max-video-preview:-1\" \/>\n<link rel=\"canonical\" href=\"https:\/\/aeroclubparana.org.ar\/web\/index.php\/2020\/12\/13\/charla-sobre-comunicaciones-aeronauticas\/\" \/>\n<meta property=\"og:locale\" content=\"es_ES\" \/>\n<meta property=\"og:type\" content=\"article\" \/>\n<meta property=\"og:title\" content=\"Charla sobre &quot;Comunicaciones Aeron\u00e1uticas&quot;. - Aeroclub Ciudad de Paran\u00e1\" \/>\n<meta property=\"og:description\" content=\"En la desapacible ma\u00f1ana de hoy S\u00e1bado 12 de Diciembre, pero que le di\u00f3 el marco ideal para capacitarnos, se llev\u00f3 a cabo en nuestro Aeroclub la charla \u00abComunicaciones Aeron\u00e1uticas\u00bb a cargo del personal de EANA TWR PAR. En un ambiente distendido y propicio para incorporar o refrescar conocimientos, aquellos alumnos y pilotos que siempre [&hellip;]\" \/>\n<meta property=\"og:url\" content=\"https:\/\/aeroclubparana.org.ar\/web\/index.php\/2020\/12\/13\/charla-sobre-comunicaciones-aeronauticas\/\" \/>\n<meta property=\"og:site_name\" content=\"Aeroclub Ciudad de Paran\u00e1\" \/>\n<meta property=\"article:published_time\" content=\"2020-12-13T00:05:10+00:00\" \/>\n<meta property=\"article:modified_time\" content=\"2020-12-13T00:19:54+00:00\" \/>\n<meta property=\"og:image\" content=\"https:\/\/aeroclubparana.org.ar\/web\/wp-content\/uploads\/2020\/12\/hangar_1.jpeg\" \/>\n\t<meta property=\"og:image:width\" content=\"1280\" \/>\n\t<meta property=\"og:image:height\" content=\"622\" \/>\n\t<meta property=\"og:image:type\" content=\"image\/jpeg\" \/>\n<meta name=\"author\" content=\"Aeroclub Paran\u00e1\" \/>\n<meta name=\"twitter:card\" content=\"summary_large_image\" \/>\n<meta name=\"twitter:label1\" content=\"Escrito por\" \/>\n\t<meta name=\"twitter:data1\" content=\"Aeroclub Paran\u00e1\" \/>\n\t<meta name=\"twitter:label2\" content=\"Tiempo de lectura\" \/>\n\t<meta name=\"twitter:data2\" content=\"2 minutos\" \/>\n<script type=\"application\/ld+json\" class=\"yoast-schema-graph\">{\"@context\":\"https:\/\/schema.org\",\"@graph\":[{\"@type\":\"WebPage\",\"@id\":\"https:\/\/aeroclubparana.org.ar\/web\/index.php\/2020\/12\/13\/charla-sobre-comunicaciones-aeronauticas\/\",\"url\":\"https:\/\/aeroclubparana.org.ar\/web\/index.php\/2020\/12\/13\/charla-sobre-comunicaciones-aeronauticas\/\",\"name\":\"Charla sobre \\\"Comunicaciones Aeron\u00e1uticas\\\". - Aeroclub Ciudad de Paran\u00e1\",\"isPartOf\":{\"@id\":\"https:\/\/aeroclubparana.org.ar\/web\/#website\"},\"primaryImageOfPage\":{\"@id\":\"https:\/\/aeroclubparana.org.ar\/web\/index.php\/2020\/12\/13\/charla-sobre-comunicaciones-aeronauticas\/#primaryimage\"},\"image\":{\"@id\":\"https:\/\/aeroclubparana.org.ar\/web\/index.php\/2020\/12\/13\/charla-sobre-comunicaciones-aeronauticas\/#primaryimage\"},\"thumbnailUrl\":\"https:\/\/aeroclubparana.org.ar\/web\/wp-content\/uploads\/2020\/12\/hangar_1.jpeg\",\"datePublished\":\"2020-12-13T00:05:10+00:00\",\"dateModified\":\"2020-12-13T00:19:54+00:00\",\"author\":{\"@id\":\"https:\/\/aeroclubparana.org.ar\/web\/#\/schema\/person\/30f08c2720d348886b3c95c716eda4ee\"},\"breadcrumb\":{\"@id\":\"https:\/\/aeroclubparana.org.ar\/web\/index.php\/2020\/12\/13\/charla-sobre-comunicaciones-aeronauticas\/#breadcrumb\"},\"inLanguage\":\"es\",\"potentialAction\":[{\"@type\":\"ReadAction\",\"target\":[\"https:\/\/aeroclubparana.org.ar\/web\/index.php\/2020\/12\/13\/charla-sobre-comunicaciones-aeronauticas\/\"]}]},{\"@type\":\"ImageObject\",\"inLanguage\":\"es\",\"@id\":\"https:\/\/aeroclubparana.org.ar\/web\/index.php\/2020\/12\/13\/charla-sobre-comunicaciones-aeronauticas\/#primaryimage\",\"url\":\"https:\/\/aeroclubparana.org.ar\/web\/wp-content\/uploads\/2020\/12\/hangar_1.jpeg\",\"contentUrl\":\"https:\/\/aeroclubparana.org.ar\/web\/wp-content\/uploads\/2020\/12\/hangar_1.jpeg\",\"width\":1280,\"height\":622},{\"@type\":\"BreadcrumbList\",\"@id\":\"https:\/\/aeroclubparana.org.ar\/web\/index.php\/2020\/12\/13\/charla-sobre-comunicaciones-aeronauticas\/#breadcrumb\",\"itemListElement\":[{\"@type\":\"ListItem\",\"position\":1,\"name\":\"Home\",\"item\":\"https:\/\/aeroclubparana.org.ar\/web\/\"},{\"@type\":\"ListItem\",\"position\":2,\"name\":\"Charla sobre \u00abComunicaciones Aeron\u00e1uticas\u00bb.\"}]},{\"@type\":\"WebSite\",\"@id\":\"https:\/\/aeroclubparana.org.ar\/web\/#website\",\"url\":\"https:\/\/aeroclubparana.org.ar\/web\/\",\"name\":\"Aeroclub Ciudad de Paran\u00e1\",\"description\":\"\",\"potentialAction\":[{\"@type\":\"SearchAction\",\"target\":{\"@type\":\"EntryPoint\",\"urlTemplate\":\"https:\/\/aeroclubparana.org.ar\/web\/?s={search_term_string}\"},\"query-input\":\"required name=search_term_string\"}],\"inLanguage\":\"es\"},{\"@type\":\"Person\",\"@id\":\"https:\/\/aeroclubparana.org.ar\/web\/#\/schema\/person\/30f08c2720d348886b3c95c716eda4ee\",\"name\":\"Aeroclub Paran\u00e1\",\"image\":{\"@type\":\"ImageObject\",\"inLanguage\":\"es\",\"@id\":\"https:\/\/aeroclubparana.org.ar\/web\/#\/schema\/person\/image\/\",\"url\":\"https:\/\/secure.gravatar.com\/avatar\/bf5974e327a751bee34ee94520c70420?s=96&d=mm&r=g\",\"contentUrl\":\"https:\/\/secure.gravatar.com\/avatar\/bf5974e327a751bee34ee94520c70420?s=96&d=mm&r=g\",\"caption\":\"Aeroclub Paran\u00e1\"},\"url\":\"https:\/\/aeroclubparana.org.ar\/web\/index.php\/author\/aeroclubparana\/\"}]}<\/script>\n<!-- \/ Yoast SEO plugin. -->","yoast_head_json":{"title":"Charla sobre \"Comunicaciones Aeron\u00e1uticas\". - Aeroclub Ciudad de Paran\u00e1","robots":{"index":"index","follow":"follow","max-snippet":"max-snippet:-1","max-image-preview":"max-image-preview:large","max-video-preview":"max-video-preview:-1"},"canonical":"https:\/\/aeroclubparana.org.ar\/web\/index.php\/2020\/12\/13\/charla-sobre-comunicaciones-aeronauticas\/","og_locale":"es_ES","og_type":"article","og_title":"Charla sobre \"Comunicaciones Aeron\u00e1uticas\". - Aeroclub Ciudad de Paran\u00e1","og_description":"En la desapacible ma\u00f1ana de hoy S\u00e1bado 12 de Diciembre, pero que le di\u00f3 el marco ideal para capacitarnos, se llev\u00f3 a cabo en nuestro Aeroclub la charla \u00abComunicaciones Aeron\u00e1uticas\u00bb a cargo del personal de EANA TWR PAR. En un ambiente distendido y propicio para incorporar o refrescar conocimientos, aquellos alumnos y pilotos que siempre [&hellip;]","og_url":"https:\/\/aeroclubparana.org.ar\/web\/index.php\/2020\/12\/13\/charla-sobre-comunicaciones-aeronauticas\/","og_site_name":"Aeroclub Ciudad de Paran\u00e1","article_published_time":"2020-12-13T00:05:10+00:00","article_modified_time":"2020-12-13T00:19:54+00:00","og_image":[{"width":1280,"height":622,"url":"https:\/\/aeroclubparana.org.ar\/web\/wp-content\/uploads\/2020\/12\/hangar_1.jpeg","type":"image\/jpeg"}],"author":"Aeroclub Paran\u00e1","twitter_card":"summary_large_image","twitter_misc":{"Escrito por":"Aeroclub Paran\u00e1","Tiempo de lectura":"2 minutos"},"schema":{"@context":"https:\/\/schema.org","@graph":[{"@type":"WebPage","@id":"https:\/\/aeroclubparana.org.ar\/web\/index.php\/2020\/12\/13\/charla-sobre-comunicaciones-aeronauticas\/","url":"https:\/\/aeroclubparana.org.ar\/web\/index.php\/2020\/12\/13\/charla-sobre-comunicaciones-aeronauticas\/","name":"Charla sobre \"Comunicaciones Aeron\u00e1uticas\". - Aeroclub Ciudad de Paran\u00e1","isPartOf":{"@id":"https:\/\/aeroclubparana.org.ar\/web\/#website"},"primaryImageOfPage":{"@id":"https:\/\/aeroclubparana.org.ar\/web\/index.php\/2020\/12\/13\/charla-sobre-comunicaciones-aeronauticas\/#primaryimage"},"image":{"@id":"https:\/\/aeroclubparana.org.ar\/web\/index.php\/2020\/12\/13\/charla-sobre-comunicaciones-aeronauticas\/#primaryimage"},"thumbnailUrl":"https:\/\/aeroclubparana.org.ar\/web\/wp-content\/uploads\/2020\/12\/hangar_1.jpeg","datePublished":"2020-12-13T00:05:10+00:00","dateModified":"2020-12-13T00:19:54+00:00","author":{"@id":"https:\/\/aeroclubparana.org.ar\/web\/#\/schema\/person\/30f08c2720d348886b3c95c716eda4ee"},"breadcrumb":{"@id":"https:\/\/aeroclubparana.org.ar\/web\/index.php\/2020\/12\/13\/charla-sobre-comunicaciones-aeronauticas\/#breadcrumb"},"inLanguage":"es","potentialAction":[{"@type":"ReadAction","target":["https:\/\/aeroclubparana.org.ar\/web\/index.php\/2020\/12\/13\/charla-sobre-comunicaciones-aeronauticas\/"]}]},{"@type":"ImageObject","inLanguage":"es","@id":"https:\/\/aeroclubparana.org.ar\/web\/index.php\/2020\/12\/13\/charla-sobre-comunicaciones-aeronauticas\/#primaryimage","url":"https:\/\/aeroclubparana.org.ar\/web\/wp-content\/uploads\/2020\/12\/hangar_1.jpeg","contentUrl":"https:\/\/aeroclubparana.org.ar\/web\/wp-content\/uploads\/2020\/12\/hangar_1.jpeg","width":1280,"height":622},{"@type":"BreadcrumbList","@id":"https:\/\/aeroclubparana.org.ar\/web\/index.php\/2020\/12\/13\/charla-sobre-comunicaciones-aeronauticas\/#breadcrumb","itemListElement":[{"@type":"ListItem","position":1,"name":"Home","item":"https:\/\/aeroclubparana.org.ar\/web\/"},{"@type":"ListItem","position":2,"name":"Charla sobre \u00abComunicaciones Aeron\u00e1uticas\u00bb."}]},{"@type":"WebSite","@id":"https:\/\/aeroclubparana.org.ar\/web\/#website","url":"https:\/\/aeroclubparana.org.ar\/web\/","name":"Aeroclub Ciudad de Paran\u00e1","description":"","potentialAction":[{"@type":"SearchAction","target":{"@type":"EntryPoint","urlTemplate":"https:\/\/aeroclubparana.org.ar\/web\/?s={search_term_string}"},"query-input":"required name=search_term_string"}],"inLanguage":"es"},{"@type":"Person","@id":"https:\/\/aeroclubparana.org.ar\/web\/#\/schema\/person\/30f08c2720d348886b3c95c716eda4ee","name":"Aeroclub Paran\u00e1","image":{"@type":"ImageObject","inLanguage":"es","@id":"https:\/\/aeroclubparana.org.ar\/web\/#\/schema\/person\/image\/","url":"https:\/\/secure.gravatar.com\/avatar\/bf5974e327a751bee34ee94520c70420?s=96&d=mm&r=g","contentUrl":"https:\/\/secure.gravatar.com\/avatar\/bf5974e327a751bee34ee94520c70420?s=96&d=mm&r=g","caption":"Aeroclub Paran\u00e1"},"url":"https:\/\/aeroclubparana.org.ar\/web\/index.php\/author\/aeroclubparana\/"}]}},"_links":{"self":[{"href":"https:\/\/aeroclubparana.org.ar\/web\/index.php\/wp-json\/wp\/v2\/posts\/305","targetHints":{"allow":["GET"]}}],"collection":[{"href":"https:\/\/aeroclubparana.org.ar\/web\/index.php\/wp-json\/wp\/v2\/posts"}],"about":[{"href":"https:\/\/aeroclubparana.org.ar\/web\/index.php\/wp-json\/wp\/v2\/types\/post"}],"author":[{"embeddable":true,"href":"https:\/\/aeroclubparana.org.ar\/web\/index.php\/wp-json\/wp\/v2\/users\/2"}],"replies":[{"embeddable":true,"href":"https:\/\/aeroclubparana.org.ar\/web\/index.php\/wp-json\/wp\/v2\/comments?post=305"}],"version-history":[{"count":5,"href":"https:\/\/aeroclubparana.org.ar\/web\/index.php\/wp-json\/wp\/v2\/posts\/305\/revisions"}],"predecessor-version":[{"id":317,"href":"https:\/\/aeroclubparana.org.ar\/web\/index.php\/wp-json\/wp\/v2\/posts\/305\/revisions\/317"}],"wp:featuredmedia":[{"embeddable":true,"href":"https:\/\/aeroclubparana.org.ar\/web\/index.php\/wp-json\/wp\/v2\/media\/311"}],"wp:attachment":[{"href":"https:\/\/aeroclubparana.org.ar\/web\/index.php\/wp-json\/wp\/v2\/media?parent=305"}],"wp:term":[{"taxonomy":"category","embeddable":true,"href":"https:\/\/aeroclubparana.org.ar\/web\/index.php\/wp-json\/wp\/v2\/categories?post=305"},{"taxonomy":"post_tag","embeddable":true,"href":"https:\/\/aeroclubparana.org.ar\/web\/index.php\/wp-json\/wp\/v2\/tags?post=305"}],"curies":[{"name":"wp","href":"https:\/\/api.w.org\/{rel}","templated":true}]}}