{"id":290,"date":"2020-11-24T21:14:32","date_gmt":"2020-11-24T21:14:32","guid":{"rendered":"https:\/\/aeroclubparana.org.ar\/web\/?p=290"},"modified":"2020-11-24T21:14:36","modified_gmt":"2020-11-24T21:14:36","slug":"jorge-johnston-su-fallecimiento","status":"publish","type":"post","link":"https:\/\/aeroclubparana.org.ar\/web\/index.php\/2020\/11\/24\/jorge-johnston-su-fallecimiento\/","title":{"rendered":"Jorge Johnston. Su fallecimiento."},"content":{"rendered":"\n<p><span class=\"has-inline-color has-black-color\">La familia del Aeroclub Ciudad de Paran\u00e1, ha perdido f\u00edsicamente a un icono del aerodeporte local, provincial y nacional. Ha partido en vuelo eterno nuestro socio Jorge Johnston.<br>Su apellido est\u00e1 \u00edntimamente relacionado con la historia de nuestra instituci\u00f3n, de ah\u00ed, la sorpresa y la tristeza por la p\u00e9rdida, pero a\u00fan con el dolor que significa su partida, ha dejado en nuestro ambiente, claro, muy claro lo que significa la pasi\u00f3n por su aerodeporte. El Aeromodelismo.<br>Due\u00f1o de un car\u00e1cter \u00fanico, amigo de sus amigos, estudioso de sus proyectos, todas caracter\u00edsticas que tenemos la obligaci\u00f3n de mostrar y ense\u00f1ar a los chicos que reci\u00e9n se inician en este deporte-ciencia.<br>All\u00e1 parti\u00f3 Jorge. Seguramente sobre un modelo dise\u00f1ado o que podr\u00e1 moldear a su gusto. Las nubes\u2026<br>Hasta siempre Jorge. Te vamos a extra\u00f1ar\u2026<\/span><\/p>\n","protected":false},"excerpt":{"rendered":"<p>La familia del Aeroclub Ciudad de Paran\u00e1, ha perdido f\u00edsicamente a un icono del aerodeporte local, provincial y nacional. Ha partido en vuelo eterno nuestro socio Jorge Johnston.Su apellido est\u00e1 \u00edntimamente relacionado con la historia de nuestra instituci\u00f3n, de ah\u00ed, la sorpresa y la tristeza por la p\u00e9rdida, pero a\u00fan con el dolor que significa [&hellip;]<\/p>\n","protected":false},"author":2,"featured_media":291,"comment_status":"open","ping_status":"open","sticky":false,"template":"","format":"standard","meta":{"_et_pb_use_builder":"","_et_pb_old_content":"","_et_gb_content_width":"","footnotes":""},"categories":[1],"tags":[],"class_list":["post-290","post","type-post","status-publish","format-standard","has-post-thumbnail","hentry","category-uncategorized","et-has-post-format-content","et_post_format-et-post-format-standard"],"yoast_head":"<!-- This site is optimized with the Yoast SEO plugin v22.8 - https:\/\/yoast.com\/wordpress\/plugins\/seo\/ -->\n<title>Jorge Johnston. Su fallecimiento. - Aeroclub Ciudad de Paran\u00e1<\/title>\n<meta name=\"robots\" content=\"index, follow, max-snippet:-1, max-image-preview:large, max-video-preview:-1\" \/>\n<link rel=\"canonical\" href=\"https:\/\/aeroclubparana.org.ar\/web\/index.php\/2020\/11\/24\/jorge-johnston-su-fallecimiento\/\" \/>\n<meta property=\"og:locale\" content=\"es_ES\" \/>\n<meta property=\"og:type\" content=\"article\" \/>\n<meta property=\"og:title\" content=\"Jorge Johnston. Su fallecimiento. - Aeroclub Ciudad de Paran\u00e1\" \/>\n<meta property=\"og:description\" content=\"La familia del Aeroclub Ciudad de Paran\u00e1, ha perdido f\u00edsicamente a un icono del aerodeporte local, provincial y nacional. Ha partido en vuelo eterno nuestro socio Jorge Johnston.Su apellido est\u00e1 \u00edntimamente relacionado con la historia de nuestra instituci\u00f3n, de ah\u00ed, la sorpresa y la tristeza por la p\u00e9rdida, pero a\u00fan con el dolor que significa [&hellip;]\" \/>\n<meta property=\"og:url\" content=\"https:\/\/aeroclubparana.org.ar\/web\/index.php\/2020\/11\/24\/jorge-johnston-su-fallecimiento\/\" \/>\n<meta property=\"og:site_name\" content=\"Aeroclub Ciudad de Paran\u00e1\" \/>\n<meta property=\"article:published_time\" content=\"2020-11-24T21:14:32+00:00\" \/>\n<meta property=\"article:modified_time\" content=\"2020-11-24T21:14:36+00:00\" \/>\n<meta property=\"og:image\" content=\"https:\/\/aeroclubparana.org.ar\/web\/wp-content\/uploads\/2020\/11\/jorge_johnston.jpg\" \/>\n\t<meta property=\"og:image:width\" content=\"2048\" \/>\n\t<meta property=\"og:image:height\" content=\"1536\" \/>\n\t<meta property=\"og:image:type\" content=\"image\/jpeg\" \/>\n<meta name=\"author\" content=\"Aeroclub Paran\u00e1\" \/>\n<meta name=\"twitter:card\" content=\"summary_large_image\" \/>\n<meta name=\"twitter:label1\" content=\"Escrito por\" \/>\n\t<meta name=\"twitter:data1\" content=\"Aeroclub Paran\u00e1\" \/>\n\t<meta name=\"twitter:label2\" content=\"Tiempo de lectura\" \/>\n\t<meta name=\"twitter:data2\" content=\"1 minuto\" \/>\n<script type=\"application\/ld+json\" class=\"yoast-schema-graph\">{\"@context\":\"https:\/\/schema.org\",\"@graph\":[{\"@type\":\"WebPage\",\"@id\":\"https:\/\/aeroclubparana.org.ar\/web\/index.php\/2020\/11\/24\/jorge-johnston-su-fallecimiento\/\",\"url\":\"https:\/\/aeroclubparana.org.ar\/web\/index.php\/2020\/11\/24\/jorge-johnston-su-fallecimiento\/\",\"name\":\"Jorge Johnston. Su fallecimiento. - Aeroclub Ciudad de Paran\u00e1\",\"isPartOf\":{\"@id\":\"https:\/\/aeroclubparana.org.ar\/web\/#website\"},\"primaryImageOfPage\":{\"@id\":\"https:\/\/aeroclubparana.org.ar\/web\/index.php\/2020\/11\/24\/jorge-johnston-su-fallecimiento\/#primaryimage\"},\"image\":{\"@id\":\"https:\/\/aeroclubparana.org.ar\/web\/index.php\/2020\/11\/24\/jorge-johnston-su-fallecimiento\/#primaryimage\"},\"thumbnailUrl\":\"https:\/\/aeroclubparana.org.ar\/web\/wp-content\/uploads\/2020\/11\/jorge_johnston.jpg\",\"datePublished\":\"2020-11-24T21:14:32+00:00\",\"dateModified\":\"2020-11-24T21:14:36+00:00\",\"author\":{\"@id\":\"https:\/\/aeroclubparana.org.ar\/web\/#\/schema\/person\/30f08c2720d348886b3c95c716eda4ee\"},\"breadcrumb\":{\"@id\":\"https:\/\/aeroclubparana.org.ar\/web\/index.php\/2020\/11\/24\/jorge-johnston-su-fallecimiento\/#breadcrumb\"},\"inLanguage\":\"es\",\"potentialAction\":[{\"@type\":\"ReadAction\",\"target\":[\"https:\/\/aeroclubparana.org.ar\/web\/index.php\/2020\/11\/24\/jorge-johnston-su-fallecimiento\/\"]}]},{\"@type\":\"ImageObject\",\"inLanguage\":\"es\",\"@id\":\"https:\/\/aeroclubparana.org.ar\/web\/index.php\/2020\/11\/24\/jorge-johnston-su-fallecimiento\/#primaryimage\",\"url\":\"https:\/\/aeroclubparana.org.ar\/web\/wp-content\/uploads\/2020\/11\/jorge_johnston.jpg\",\"contentUrl\":\"https:\/\/aeroclubparana.org.ar\/web\/wp-content\/uploads\/2020\/11\/jorge_johnston.jpg\",\"width\":2048,\"height\":1536},{\"@type\":\"BreadcrumbList\",\"@id\":\"https:\/\/aeroclubparana.org.ar\/web\/index.php\/2020\/11\/24\/jorge-johnston-su-fallecimiento\/#breadcrumb\",\"itemListElement\":[{\"@type\":\"ListItem\",\"position\":1,\"name\":\"Home\",\"item\":\"https:\/\/aeroclubparana.org.ar\/web\/\"},{\"@type\":\"ListItem\",\"position\":2,\"name\":\"Jorge Johnston. Su fallecimiento.\"}]},{\"@type\":\"WebSite\",\"@id\":\"https:\/\/aeroclubparana.org.ar\/web\/#website\",\"url\":\"https:\/\/aeroclubparana.org.ar\/web\/\",\"name\":\"Aeroclub Ciudad de Paran\u00e1\",\"description\":\"\",\"potentialAction\":[{\"@type\":\"SearchAction\",\"target\":{\"@type\":\"EntryPoint\",\"urlTemplate\":\"https:\/\/aeroclubparana.org.ar\/web\/?s={search_term_string}\"},\"query-input\":\"required name=search_term_string\"}],\"inLanguage\":\"es\"},{\"@type\":\"Person\",\"@id\":\"https:\/\/aeroclubparana.org.ar\/web\/#\/schema\/person\/30f08c2720d348886b3c95c716eda4ee\",\"name\":\"Aeroclub Paran\u00e1\",\"image\":{\"@type\":\"ImageObject\",\"inLanguage\":\"es\",\"@id\":\"https:\/\/aeroclubparana.org.ar\/web\/#\/schema\/person\/image\/\",\"url\":\"https:\/\/secure.gravatar.com\/avatar\/bf5974e327a751bee34ee94520c70420?s=96&d=mm&r=g\",\"contentUrl\":\"https:\/\/secure.gravatar.com\/avatar\/bf5974e327a751bee34ee94520c70420?s=96&d=mm&r=g\",\"caption\":\"Aeroclub Paran\u00e1\"},\"url\":\"https:\/\/aeroclubparana.org.ar\/web\/index.php\/author\/aeroclubparana\/\"}]}<\/script>\n<!-- \/ Yoast SEO plugin. -->","yoast_head_json":{"title":"Jorge Johnston. Su fallecimiento. - Aeroclub Ciudad de Paran\u00e1","robots":{"index":"index","follow":"follow","max-snippet":"max-snippet:-1","max-image-preview":"max-image-preview:large","max-video-preview":"max-video-preview:-1"},"canonical":"https:\/\/aeroclubparana.org.ar\/web\/index.php\/2020\/11\/24\/jorge-johnston-su-fallecimiento\/","og_locale":"es_ES","og_type":"article","og_title":"Jorge Johnston. Su fallecimiento. - Aeroclub Ciudad de Paran\u00e1","og_description":"La familia del Aeroclub Ciudad de Paran\u00e1, ha perdido f\u00edsicamente a un icono del aerodeporte local, provincial y nacional. Ha partido en vuelo eterno nuestro socio Jorge Johnston.Su apellido est\u00e1 \u00edntimamente relacionado con la historia de nuestra instituci\u00f3n, de ah\u00ed, la sorpresa y la tristeza por la p\u00e9rdida, pero a\u00fan con el dolor que significa [&hellip;]","og_url":"https:\/\/aeroclubparana.org.ar\/web\/index.php\/2020\/11\/24\/jorge-johnston-su-fallecimiento\/","og_site_name":"Aeroclub Ciudad de Paran\u00e1","article_published_time":"2020-11-24T21:14:32+00:00","article_modified_time":"2020-11-24T21:14:36+00:00","og_image":[{"width":2048,"height":1536,"url":"https:\/\/aeroclubparana.org.ar\/web\/wp-content\/uploads\/2020\/11\/jorge_johnston.jpg","type":"image\/jpeg"}],"author":"Aeroclub Paran\u00e1","twitter_card":"summary_large_image","twitter_misc":{"Escrito por":"Aeroclub Paran\u00e1","Tiempo de lectura":"1 minuto"},"schema":{"@context":"https:\/\/schema.org","@graph":[{"@type":"WebPage","@id":"https:\/\/aeroclubparana.org.ar\/web\/index.php\/2020\/11\/24\/jorge-johnston-su-fallecimiento\/","url":"https:\/\/aeroclubparana.org.ar\/web\/index.php\/2020\/11\/24\/jorge-johnston-su-fallecimiento\/","name":"Jorge Johnston. Su fallecimiento. - Aeroclub Ciudad de Paran\u00e1","isPartOf":{"@id":"https:\/\/aeroclubparana.org.ar\/web\/#website"},"primaryImageOfPage":{"@id":"https:\/\/aeroclubparana.org.ar\/web\/index.php\/2020\/11\/24\/jorge-johnston-su-fallecimiento\/#primaryimage"},"image":{"@id":"https:\/\/aeroclubparana.org.ar\/web\/index.php\/2020\/11\/24\/jorge-johnston-su-fallecimiento\/#primaryimage"},"thumbnailUrl":"https:\/\/aeroclubparana.org.ar\/web\/wp-content\/uploads\/2020\/11\/jorge_johnston.jpg","datePublished":"2020-11-24T21:14:32+00:00","dateModified":"2020-11-24T21:14:36+00:00","author":{"@id":"https:\/\/aeroclubparana.org.ar\/web\/#\/schema\/person\/30f08c2720d348886b3c95c716eda4ee"},"breadcrumb":{"@id":"https:\/\/aeroclubparana.org.ar\/web\/index.php\/2020\/11\/24\/jorge-johnston-su-fallecimiento\/#breadcrumb"},"inLanguage":"es","potentialAction":[{"@type":"ReadAction","target":["https:\/\/aeroclubparana.org.ar\/web\/index.php\/2020\/11\/24\/jorge-johnston-su-fallecimiento\/"]}]},{"@type":"ImageObject","inLanguage":"es","@id":"https:\/\/aeroclubparana.org.ar\/web\/index.php\/2020\/11\/24\/jorge-johnston-su-fallecimiento\/#primaryimage","url":"https:\/\/aeroclubparana.org.ar\/web\/wp-content\/uploads\/2020\/11\/jorge_johnston.jpg","contentUrl":"https:\/\/aeroclubparana.org.ar\/web\/wp-content\/uploads\/2020\/11\/jorge_johnston.jpg","width":2048,"height":1536},{"@type":"BreadcrumbList","@id":"https:\/\/aeroclubparana.org.ar\/web\/index.php\/2020\/11\/24\/jorge-johnston-su-fallecimiento\/#breadcrumb","itemListElement":[{"@type":"ListItem","position":1,"name":"Home","item":"https:\/\/aeroclubparana.org.ar\/web\/"},{"@type":"ListItem","position":2,"name":"Jorge Johnston. Su fallecimiento."}]},{"@type":"WebSite","@id":"https:\/\/aeroclubparana.org.ar\/web\/#website","url":"https:\/\/aeroclubparana.org.ar\/web\/","name":"Aeroclub Ciudad de Paran\u00e1","description":"","potentialAction":[{"@type":"SearchAction","target":{"@type":"EntryPoint","urlTemplate":"https:\/\/aeroclubparana.org.ar\/web\/?s={search_term_string}"},"query-input":"required name=search_term_string"}],"inLanguage":"es"},{"@type":"Person","@id":"https:\/\/aeroclubparana.org.ar\/web\/#\/schema\/person\/30f08c2720d348886b3c95c716eda4ee","name":"Aeroclub Paran\u00e1","image":{"@type":"ImageObject","inLanguage":"es","@id":"https:\/\/aeroclubparana.org.ar\/web\/#\/schema\/person\/image\/","url":"https:\/\/secure.gravatar.com\/avatar\/bf5974e327a751bee34ee94520c70420?s=96&d=mm&r=g","contentUrl":"https:\/\/secure.gravatar.com\/avatar\/bf5974e327a751bee34ee94520c70420?s=96&d=mm&r=g","caption":"Aeroclub Paran\u00e1"},"url":"https:\/\/aeroclubparana.org.ar\/web\/index.php\/author\/aeroclubparana\/"}]}},"_links":{"self":[{"href":"https:\/\/aeroclubparana.org.ar\/web\/index.php\/wp-json\/wp\/v2\/posts\/290","targetHints":{"allow":["GET"]}}],"collection":[{"href":"https:\/\/aeroclubparana.org.ar\/web\/index.php\/wp-json\/wp\/v2\/posts"}],"about":[{"href":"https:\/\/aeroclubparana.org.ar\/web\/index.php\/wp-json\/wp\/v2\/types\/post"}],"author":[{"embeddable":true,"href":"https:\/\/aeroclubparana.org.ar\/web\/index.php\/wp-json\/wp\/v2\/users\/2"}],"replies":[{"embeddable":true,"href":"https:\/\/aeroclubparana.org.ar\/web\/index.php\/wp-json\/wp\/v2\/comments?post=290"}],"version-history":[{"count":2,"href":"https:\/\/aeroclubparana.org.ar\/web\/index.php\/wp-json\/wp\/v2\/posts\/290\/revisions"}],"predecessor-version":[{"id":293,"href":"https:\/\/aeroclubparana.org.ar\/web\/index.php\/wp-json\/wp\/v2\/posts\/290\/revisions\/293"}],"wp:featuredmedia":[{"embeddable":true,"href":"https:\/\/aeroclubparana.org.ar\/web\/index.php\/wp-json\/wp\/v2\/media\/291"}],"wp:attachment":[{"href":"https:\/\/aeroclubparana.org.ar\/web\/index.php\/wp-json\/wp\/v2\/media?parent=290"}],"wp:term":[{"taxonomy":"category","embeddable":true,"href":"https:\/\/aeroclubparana.org.ar\/web\/index.php\/wp-json\/wp\/v2\/categories?post=290"},{"taxonomy":"post_tag","embeddable":true,"href":"https:\/\/aeroclubparana.org.ar\/web\/index.php\/wp-json\/wp\/v2\/tags?post=290"}],"curies":[{"name":"wp","href":"https:\/\/api.w.org\/{rel}","templated":true}]}}