{"id":283,"date":"2020-11-12T12:52:25","date_gmt":"2020-11-12T12:52:25","guid":{"rendered":"https:\/\/aeroclubparana.org.ar\/web\/?p=283"},"modified":"2020-11-12T12:52:29","modified_gmt":"2020-11-12T12:52:29","slug":"a-44-emergencia-sanitaria-covid-19-recaudos-para-desarrollar-actividades-aeronauticas-de-aviacion-general-aerodeportivas-y-de-trabajo-aereo-en-zona-dispo","status":"publish","type":"post","link":"https:\/\/aeroclubparana.org.ar\/web\/index.php\/2020\/11\/12\/a-44-emergencia-sanitaria-covid-19-recaudos-para-desarrollar-actividades-aeronauticas-de-aviacion-general-aerodeportivas-y-de-trabajo-aereo-en-zona-dispo\/","title":{"rendered":"A 44. EMERGENCIA SANITARIA (COVID-19) &#8211; RECAUDOS PARA DESARROLLAR ACTIVIDADES AERON\u00c1UTICAS DE AVIACI\u00d3N GENERAL, AERODEPORTIVAS Y DE TRABAJO A\u00c9REO EN ZONA DISPO"},"content":{"rendered":"\n<p class=\"has-black-color has-text-color\">En las zonas de Distanciamiento Social, Preventivo y Obligatorio (DISPO), conforme lo determina el Decreto de Necesidad y Urgencia N\u00ba 875 del 7 de noviembre de 2020 y\/o las normas que en el futuro lo reemplacen o modifiquen, las actividades aeron\u00e1uticas de aviaci\u00f3n general, aerodeportivas y de trabajo a\u00e9reo ser\u00e1n llevadas a cabo cumpliendo los recaudos que en materia sanitaria son impuestos para evitar la propagaci\u00f3n del virus SARS-CoV-2.<\/p>\n\n\n\n<p class=\"has-black-color has-text-color\">Al efecto se recuerda que los interesados deber\u00e1n poseer un protocolo de funcionamiento aprobado por la autoridad sanitaria provincial o de la Ciudad Aut\u00f3noma de Buenos Aires que contemple la totalidad de las recomendaciones e instrucciones de la autoridad sanitaria nacional.<\/p>\n\n\n\n<p class=\"has-black-color has-text-color\">Las autoridades provinciales y de la Ciudad Aut\u00f3noma de Buenos Aires, en atenci\u00f3n a las condiciones epidemiol\u00f3gicas y a la evaluaci\u00f3n de riesgo en los distintos aglomerados, departamentos o partidos de la jurisdicci\u00f3n a su cargo, podr\u00e1n reglamentar d\u00edas y horas para la realizaci\u00f3n de determinadas actividades y establecer requisitos adicionales para su realizaci\u00f3n, con la finalidad de prevenir la circulaci\u00f3n del virus SARS-CoV-2.<\/p>\n\n\n\n<p class=\"has-black-color has-text-color\">En lugares cerrados se debe limitar la densidad de ocupaci\u00f3n de espacios (salas de reuni\u00f3n, oficinas, comedor, cocina, vestuarios, etc\u00e9tera) a UNA (1) persona cada DOS (2) metros cuadrados de espacio circulable.<\/p>\n\n\n\n<p class=\"has-black-color has-text-color\">En todos los casos se encuentra prohibida la circulaci\u00f3n de las personas por fuera del l\u00edmite del departamento o partido donde residan, salvo que posean el \u201cCertificado \u00danico Habilitante para Circulaci\u00f3n &#8211; Emergencia COVID-19\u201d que los habilite a tal efecto.<\/p>\n\n\n\n<p class=\"has-black-color has-text-color\">En virtud de las restricciones impuestas por el citado Decreto, se recomienda que las actividades aeron\u00e1uticas de aviaci\u00f3n general, aerodeportivas y de trabajo a\u00e9reo en las zonas de DISPO se realicen con vuelos locales (dentro del ATZ o en sectores de vuelo asignados al aer\u00f3dromo) y con vuelos de navegaci\u00f3n con origen y destino en el mismo aer\u00f3dromo. Para el caso de necesitar realizar escala t\u00e9cnica en un AD situado en otra jurisdicci\u00f3n, el piloto deber\u00e1 contar con el permiso de la jurisdicci\u00f3n correspondiente.<\/p>\n\n\n\n<p class=\"has-black-color has-text-color\">En ning\u00fan caso podr\u00e1n circular las personas que revistan la condici\u00f3n de \u201ccaso sospechoso\u201d o la condici\u00f3n de \u201ccaso confirmado\u201d de COVID-19, conforme definiciones establecidas por la autoridad sanitaria nacional, ni quienes deban cumplir aislamiento en los t\u00e9rminos del Decreto N\u00b0 260\/20, su modificatorio y normas complementarias.<\/p>\n\n\n\n<p class=\"has-black-color has-text-color\">Cabe destacar que, por la din\u00e1mica propia de la propagaci\u00f3n del virus, las medidas pueden variar en funci\u00f3n de la evoluci\u00f3n de la epidemia en las distintas jurisdicciones y de acuerdo a los par\u00e1metros definidos (tiempo de duplicaci\u00f3n de casos, presencia de transmisi\u00f3n comunitaria, sistema sanitario), previendo que se puede transitar entre \u201cASPO\u201d y \u201cDISPO\u201d, seg\u00fan la situaci\u00f3n particular de cada aglomerado urbano, departamento o partido. En ese sentido, las provincias y la Ciudad Aut\u00f3noma de Buenos Aires, en forma conjunta con el Ministerio de Salud de la Naci\u00f3n, realizar\u00e1n el monitoreo de la evoluci\u00f3n epidemiol\u00f3gica y de las condiciones sanitarias.<\/p>\n\n\n\n<p class=\"has-black-color has-text-color\">Finalmente se recuerda que, como regla general durante la vigencia del \u201cdistanciamiento social, preventivo y obligatorio\u201d, las personas deber\u00e1n mantener entre ellas una distancia m\u00ednima de DOS (2) metros, utilizar tapabocas en espacios compartidos, higienizarse asiduamente las manos, toser en el pliegue del codo, desinfectar las superficies, ventilar los ambientes, evitar una concurrencia superior a DIEZ (10) personas cuando se realicen en lugares cerrados y dar estricto cumplimiento a los protocolos de actividades y a las recomendaciones e instrucciones de las autoridades sanitarias provinciales, de la Ciudad Aut\u00f3noma de Buenos Aires y de la Naci\u00f3n.<\/p>\n\n\n\n<p class=\"has-black-color has-text-color\">Cancela AIC A 31 \/ 2020<\/p>\n","protected":false},"excerpt":{"rendered":"<p>En las zonas de Distanciamiento Social, Preventivo y Obligatorio (DISPO), conforme lo determina el Decreto de Necesidad y Urgencia N\u00ba 875 del 7 de noviembre de 2020 y\/o las normas que en el futuro lo reemplacen o modifiquen, las actividades aeron\u00e1uticas de aviaci\u00f3n general, aerodeportivas y de trabajo a\u00e9reo ser\u00e1n llevadas a cabo cumpliendo los [&hellip;]<\/p>\n","protected":false},"author":2,"featured_media":285,"comment_status":"open","ping_status":"open","sticky":false,"template":"","format":"standard","meta":{"_et_pb_use_builder":"","_et_pb_old_content":"","_et_gb_content_width":"","footnotes":""},"categories":[1],"tags":[],"class_list":["post-283","post","type-post","status-publish","format-standard","has-post-thumbnail","hentry","category-uncategorized","et-has-post-format-content","et_post_format-et-post-format-standard"],"yoast_head":"<!-- This site is optimized with the Yoast SEO plugin v22.8 - https:\/\/yoast.com\/wordpress\/plugins\/seo\/ -->\n<title>A 44. EMERGENCIA SANITARIA (COVID-19) - RECAUDOS PARA DESARROLLAR ACTIVIDADES AERON\u00c1UTICAS DE AVIACI\u00d3N GENERAL, AERODEPORTIVAS Y DE TRABAJO A\u00c9REO EN ZONA DISPO - Aeroclub Ciudad de Paran\u00e1<\/title>\n<meta name=\"robots\" content=\"index, follow, max-snippet:-1, max-image-preview:large, max-video-preview:-1\" \/>\n<link rel=\"canonical\" href=\"https:\/\/aeroclubparana.org.ar\/web\/index.php\/2020\/11\/12\/a-44-emergencia-sanitaria-covid-19-recaudos-para-desarrollar-actividades-aeronauticas-de-aviacion-general-aerodeportivas-y-de-trabajo-aereo-en-zona-dispo\/\" \/>\n<meta property=\"og:locale\" content=\"es_ES\" \/>\n<meta property=\"og:type\" content=\"article\" \/>\n<meta property=\"og:title\" content=\"A 44. EMERGENCIA SANITARIA (COVID-19) - RECAUDOS PARA DESARROLLAR ACTIVIDADES AERON\u00c1UTICAS DE AVIACI\u00d3N GENERAL, AERODEPORTIVAS Y DE TRABAJO A\u00c9REO EN ZONA DISPO - Aeroclub Ciudad de Paran\u00e1\" \/>\n<meta property=\"og:description\" content=\"En las zonas de Distanciamiento Social, Preventivo y Obligatorio (DISPO), conforme lo determina el Decreto de Necesidad y Urgencia N\u00ba 875 del 7 de noviembre de 2020 y\/o las normas que en el futuro lo reemplacen o modifiquen, las actividades aeron\u00e1uticas de aviaci\u00f3n general, aerodeportivas y de trabajo a\u00e9reo ser\u00e1n llevadas a cabo cumpliendo los [&hellip;]\" \/>\n<meta property=\"og:url\" content=\"https:\/\/aeroclubparana.org.ar\/web\/index.php\/2020\/11\/12\/a-44-emergencia-sanitaria-covid-19-recaudos-para-desarrollar-actividades-aeronauticas-de-aviacion-general-aerodeportivas-y-de-trabajo-aereo-en-zona-dispo\/\" \/>\n<meta property=\"og:site_name\" content=\"Aeroclub Ciudad de Paran\u00e1\" \/>\n<meta property=\"article:published_time\" content=\"2020-11-12T12:52:25+00:00\" \/>\n<meta property=\"article:modified_time\" content=\"2020-11-12T12:52:29+00:00\" \/>\n<meta property=\"og:image\" content=\"https:\/\/aeroclubparana.org.ar\/web\/wp-content\/uploads\/2020\/11\/AIC_A44.jpg\" \/>\n\t<meta property=\"og:image:width\" content=\"795\" \/>\n\t<meta property=\"og:image:height\" content=\"217\" \/>\n\t<meta property=\"og:image:type\" content=\"image\/jpeg\" \/>\n<meta name=\"author\" content=\"Aeroclub Paran\u00e1\" \/>\n<meta name=\"twitter:card\" content=\"summary_large_image\" \/>\n<meta name=\"twitter:label1\" content=\"Escrito por\" \/>\n\t<meta name=\"twitter:data1\" content=\"Aeroclub Paran\u00e1\" \/>\n\t<meta name=\"twitter:label2\" content=\"Tiempo de lectura\" \/>\n\t<meta name=\"twitter:data2\" content=\"3 minutos\" \/>\n<script type=\"application\/ld+json\" class=\"yoast-schema-graph\">{\"@context\":\"https:\/\/schema.org\",\"@graph\":[{\"@type\":\"WebPage\",\"@id\":\"https:\/\/aeroclubparana.org.ar\/web\/index.php\/2020\/11\/12\/a-44-emergencia-sanitaria-covid-19-recaudos-para-desarrollar-actividades-aeronauticas-de-aviacion-general-aerodeportivas-y-de-trabajo-aereo-en-zona-dispo\/\",\"url\":\"https:\/\/aeroclubparana.org.ar\/web\/index.php\/2020\/11\/12\/a-44-emergencia-sanitaria-covid-19-recaudos-para-desarrollar-actividades-aeronauticas-de-aviacion-general-aerodeportivas-y-de-trabajo-aereo-en-zona-dispo\/\",\"name\":\"A 44. EMERGENCIA SANITARIA (COVID-19) - RECAUDOS PARA DESARROLLAR ACTIVIDADES AERON\u00c1UTICAS DE AVIACI\u00d3N GENERAL, AERODEPORTIVAS Y DE TRABAJO A\u00c9REO EN ZONA DISPO - Aeroclub Ciudad de Paran\u00e1\",\"isPartOf\":{\"@id\":\"https:\/\/aeroclubparana.org.ar\/web\/#website\"},\"primaryImageOfPage\":{\"@id\":\"https:\/\/aeroclubparana.org.ar\/web\/index.php\/2020\/11\/12\/a-44-emergencia-sanitaria-covid-19-recaudos-para-desarrollar-actividades-aeronauticas-de-aviacion-general-aerodeportivas-y-de-trabajo-aereo-en-zona-dispo\/#primaryimage\"},\"image\":{\"@id\":\"https:\/\/aeroclubparana.org.ar\/web\/index.php\/2020\/11\/12\/a-44-emergencia-sanitaria-covid-19-recaudos-para-desarrollar-actividades-aeronauticas-de-aviacion-general-aerodeportivas-y-de-trabajo-aereo-en-zona-dispo\/#primaryimage\"},\"thumbnailUrl\":\"https:\/\/aeroclubparana.org.ar\/web\/wp-content\/uploads\/2020\/11\/AIC_A44.jpg\",\"datePublished\":\"2020-11-12T12:52:25+00:00\",\"dateModified\":\"2020-11-12T12:52:29+00:00\",\"author\":{\"@id\":\"https:\/\/aeroclubparana.org.ar\/web\/#\/schema\/person\/30f08c2720d348886b3c95c716eda4ee\"},\"breadcrumb\":{\"@id\":\"https:\/\/aeroclubparana.org.ar\/web\/index.php\/2020\/11\/12\/a-44-emergencia-sanitaria-covid-19-recaudos-para-desarrollar-actividades-aeronauticas-de-aviacion-general-aerodeportivas-y-de-trabajo-aereo-en-zona-dispo\/#breadcrumb\"},\"inLanguage\":\"es\",\"potentialAction\":[{\"@type\":\"ReadAction\",\"target\":[\"https:\/\/aeroclubparana.org.ar\/web\/index.php\/2020\/11\/12\/a-44-emergencia-sanitaria-covid-19-recaudos-para-desarrollar-actividades-aeronauticas-de-aviacion-general-aerodeportivas-y-de-trabajo-aereo-en-zona-dispo\/\"]}]},{\"@type\":\"ImageObject\",\"inLanguage\":\"es\",\"@id\":\"https:\/\/aeroclubparana.org.ar\/web\/index.php\/2020\/11\/12\/a-44-emergencia-sanitaria-covid-19-recaudos-para-desarrollar-actividades-aeronauticas-de-aviacion-general-aerodeportivas-y-de-trabajo-aereo-en-zona-dispo\/#primaryimage\",\"url\":\"https:\/\/aeroclubparana.org.ar\/web\/wp-content\/uploads\/2020\/11\/AIC_A44.jpg\",\"contentUrl\":\"https:\/\/aeroclubparana.org.ar\/web\/wp-content\/uploads\/2020\/11\/AIC_A44.jpg\",\"width\":795,\"height\":217},{\"@type\":\"BreadcrumbList\",\"@id\":\"https:\/\/aeroclubparana.org.ar\/web\/index.php\/2020\/11\/12\/a-44-emergencia-sanitaria-covid-19-recaudos-para-desarrollar-actividades-aeronauticas-de-aviacion-general-aerodeportivas-y-de-trabajo-aereo-en-zona-dispo\/#breadcrumb\",\"itemListElement\":[{\"@type\":\"ListItem\",\"position\":1,\"name\":\"Home\",\"item\":\"https:\/\/aeroclubparana.org.ar\/web\/\"},{\"@type\":\"ListItem\",\"position\":2,\"name\":\"A 44. EMERGENCIA SANITARIA (COVID-19) &#8211; RECAUDOS PARA DESARROLLAR ACTIVIDADES AERON\u00c1UTICAS DE AVIACI\u00d3N GENERAL, AERODEPORTIVAS Y DE TRABAJO A\u00c9REO EN ZONA DISPO\"}]},{\"@type\":\"WebSite\",\"@id\":\"https:\/\/aeroclubparana.org.ar\/web\/#website\",\"url\":\"https:\/\/aeroclubparana.org.ar\/web\/\",\"name\":\"Aeroclub Ciudad de Paran\u00e1\",\"description\":\"\",\"potentialAction\":[{\"@type\":\"SearchAction\",\"target\":{\"@type\":\"EntryPoint\",\"urlTemplate\":\"https:\/\/aeroclubparana.org.ar\/web\/?s={search_term_string}\"},\"query-input\":\"required name=search_term_string\"}],\"inLanguage\":\"es\"},{\"@type\":\"Person\",\"@id\":\"https:\/\/aeroclubparana.org.ar\/web\/#\/schema\/person\/30f08c2720d348886b3c95c716eda4ee\",\"name\":\"Aeroclub Paran\u00e1\",\"image\":{\"@type\":\"ImageObject\",\"inLanguage\":\"es\",\"@id\":\"https:\/\/aeroclubparana.org.ar\/web\/#\/schema\/person\/image\/\",\"url\":\"https:\/\/secure.gravatar.com\/avatar\/bf5974e327a751bee34ee94520c70420?s=96&d=mm&r=g\",\"contentUrl\":\"https:\/\/secure.gravatar.com\/avatar\/bf5974e327a751bee34ee94520c70420?s=96&d=mm&r=g\",\"caption\":\"Aeroclub Paran\u00e1\"},\"url\":\"https:\/\/aeroclubparana.org.ar\/web\/index.php\/author\/aeroclubparana\/\"}]}<\/script>\n<!-- \/ Yoast SEO plugin. -->","yoast_head_json":{"title":"A 44. EMERGENCIA SANITARIA (COVID-19) - RECAUDOS PARA DESARROLLAR ACTIVIDADES AERON\u00c1UTICAS DE AVIACI\u00d3N GENERAL, AERODEPORTIVAS Y DE TRABAJO A\u00c9REO EN ZONA DISPO - Aeroclub Ciudad de Paran\u00e1","robots":{"index":"index","follow":"follow","max-snippet":"max-snippet:-1","max-image-preview":"max-image-preview:large","max-video-preview":"max-video-preview:-1"},"canonical":"https:\/\/aeroclubparana.org.ar\/web\/index.php\/2020\/11\/12\/a-44-emergencia-sanitaria-covid-19-recaudos-para-desarrollar-actividades-aeronauticas-de-aviacion-general-aerodeportivas-y-de-trabajo-aereo-en-zona-dispo\/","og_locale":"es_ES","og_type":"article","og_title":"A 44. EMERGENCIA SANITARIA (COVID-19) - RECAUDOS PARA DESARROLLAR ACTIVIDADES AERON\u00c1UTICAS DE AVIACI\u00d3N GENERAL, AERODEPORTIVAS Y DE TRABAJO A\u00c9REO EN ZONA DISPO - Aeroclub Ciudad de Paran\u00e1","og_description":"En las zonas de Distanciamiento Social, Preventivo y Obligatorio (DISPO), conforme lo determina el Decreto de Necesidad y Urgencia N\u00ba 875 del 7 de noviembre de 2020 y\/o las normas que en el futuro lo reemplacen o modifiquen, las actividades aeron\u00e1uticas de aviaci\u00f3n general, aerodeportivas y de trabajo a\u00e9reo ser\u00e1n llevadas a cabo cumpliendo los [&hellip;]","og_url":"https:\/\/aeroclubparana.org.ar\/web\/index.php\/2020\/11\/12\/a-44-emergencia-sanitaria-covid-19-recaudos-para-desarrollar-actividades-aeronauticas-de-aviacion-general-aerodeportivas-y-de-trabajo-aereo-en-zona-dispo\/","og_site_name":"Aeroclub Ciudad de Paran\u00e1","article_published_time":"2020-11-12T12:52:25+00:00","article_modified_time":"2020-11-12T12:52:29+00:00","og_image":[{"width":795,"height":217,"url":"https:\/\/aeroclubparana.org.ar\/web\/wp-content\/uploads\/2020\/11\/AIC_A44.jpg","type":"image\/jpeg"}],"author":"Aeroclub Paran\u00e1","twitter_card":"summary_large_image","twitter_misc":{"Escrito por":"Aeroclub Paran\u00e1","Tiempo de lectura":"3 minutos"},"schema":{"@context":"https:\/\/schema.org","@graph":[{"@type":"WebPage","@id":"https:\/\/aeroclubparana.org.ar\/web\/index.php\/2020\/11\/12\/a-44-emergencia-sanitaria-covid-19-recaudos-para-desarrollar-actividades-aeronauticas-de-aviacion-general-aerodeportivas-y-de-trabajo-aereo-en-zona-dispo\/","url":"https:\/\/aeroclubparana.org.ar\/web\/index.php\/2020\/11\/12\/a-44-emergencia-sanitaria-covid-19-recaudos-para-desarrollar-actividades-aeronauticas-de-aviacion-general-aerodeportivas-y-de-trabajo-aereo-en-zona-dispo\/","name":"A 44. EMERGENCIA SANITARIA (COVID-19) - RECAUDOS PARA DESARROLLAR ACTIVIDADES AERON\u00c1UTICAS DE AVIACI\u00d3N GENERAL, AERODEPORTIVAS Y DE TRABAJO A\u00c9REO EN ZONA DISPO - Aeroclub Ciudad de Paran\u00e1","isPartOf":{"@id":"https:\/\/aeroclubparana.org.ar\/web\/#website"},"primaryImageOfPage":{"@id":"https:\/\/aeroclubparana.org.ar\/web\/index.php\/2020\/11\/12\/a-44-emergencia-sanitaria-covid-19-recaudos-para-desarrollar-actividades-aeronauticas-de-aviacion-general-aerodeportivas-y-de-trabajo-aereo-en-zona-dispo\/#primaryimage"},"image":{"@id":"https:\/\/aeroclubparana.org.ar\/web\/index.php\/2020\/11\/12\/a-44-emergencia-sanitaria-covid-19-recaudos-para-desarrollar-actividades-aeronauticas-de-aviacion-general-aerodeportivas-y-de-trabajo-aereo-en-zona-dispo\/#primaryimage"},"thumbnailUrl":"https:\/\/aeroclubparana.org.ar\/web\/wp-content\/uploads\/2020\/11\/AIC_A44.jpg","datePublished":"2020-11-12T12:52:25+00:00","dateModified":"2020-11-12T12:52:29+00:00","author":{"@id":"https:\/\/aeroclubparana.org.ar\/web\/#\/schema\/person\/30f08c2720d348886b3c95c716eda4ee"},"breadcrumb":{"@id":"https:\/\/aeroclubparana.org.ar\/web\/index.php\/2020\/11\/12\/a-44-emergencia-sanitaria-covid-19-recaudos-para-desarrollar-actividades-aeronauticas-de-aviacion-general-aerodeportivas-y-de-trabajo-aereo-en-zona-dispo\/#breadcrumb"},"inLanguage":"es","potentialAction":[{"@type":"ReadAction","target":["https:\/\/aeroclubparana.org.ar\/web\/index.php\/2020\/11\/12\/a-44-emergencia-sanitaria-covid-19-recaudos-para-desarrollar-actividades-aeronauticas-de-aviacion-general-aerodeportivas-y-de-trabajo-aereo-en-zona-dispo\/"]}]},{"@type":"ImageObject","inLanguage":"es","@id":"https:\/\/aeroclubparana.org.ar\/web\/index.php\/2020\/11\/12\/a-44-emergencia-sanitaria-covid-19-recaudos-para-desarrollar-actividades-aeronauticas-de-aviacion-general-aerodeportivas-y-de-trabajo-aereo-en-zona-dispo\/#primaryimage","url":"https:\/\/aeroclubparana.org.ar\/web\/wp-content\/uploads\/2020\/11\/AIC_A44.jpg","contentUrl":"https:\/\/aeroclubparana.org.ar\/web\/wp-content\/uploads\/2020\/11\/AIC_A44.jpg","width":795,"height":217},{"@type":"BreadcrumbList","@id":"https:\/\/aeroclubparana.org.ar\/web\/index.php\/2020\/11\/12\/a-44-emergencia-sanitaria-covid-19-recaudos-para-desarrollar-actividades-aeronauticas-de-aviacion-general-aerodeportivas-y-de-trabajo-aereo-en-zona-dispo\/#breadcrumb","itemListElement":[{"@type":"ListItem","position":1,"name":"Home","item":"https:\/\/aeroclubparana.org.ar\/web\/"},{"@type":"ListItem","position":2,"name":"A 44. EMERGENCIA SANITARIA (COVID-19) &#8211; RECAUDOS PARA DESARROLLAR ACTIVIDADES AERON\u00c1UTICAS DE AVIACI\u00d3N GENERAL, AERODEPORTIVAS Y DE TRABAJO A\u00c9REO EN ZONA DISPO"}]},{"@type":"WebSite","@id":"https:\/\/aeroclubparana.org.ar\/web\/#website","url":"https:\/\/aeroclubparana.org.ar\/web\/","name":"Aeroclub Ciudad de Paran\u00e1","description":"","potentialAction":[{"@type":"SearchAction","target":{"@type":"EntryPoint","urlTemplate":"https:\/\/aeroclubparana.org.ar\/web\/?s={search_term_string}"},"query-input":"required name=search_term_string"}],"inLanguage":"es"},{"@type":"Person","@id":"https:\/\/aeroclubparana.org.ar\/web\/#\/schema\/person\/30f08c2720d348886b3c95c716eda4ee","name":"Aeroclub Paran\u00e1","image":{"@type":"ImageObject","inLanguage":"es","@id":"https:\/\/aeroclubparana.org.ar\/web\/#\/schema\/person\/image\/","url":"https:\/\/secure.gravatar.com\/avatar\/bf5974e327a751bee34ee94520c70420?s=96&d=mm&r=g","contentUrl":"https:\/\/secure.gravatar.com\/avatar\/bf5974e327a751bee34ee94520c70420?s=96&d=mm&r=g","caption":"Aeroclub Paran\u00e1"},"url":"https:\/\/aeroclubparana.org.ar\/web\/index.php\/author\/aeroclubparana\/"}]}},"_links":{"self":[{"href":"https:\/\/aeroclubparana.org.ar\/web\/index.php\/wp-json\/wp\/v2\/posts\/283","targetHints":{"allow":["GET"]}}],"collection":[{"href":"https:\/\/aeroclubparana.org.ar\/web\/index.php\/wp-json\/wp\/v2\/posts"}],"about":[{"href":"https:\/\/aeroclubparana.org.ar\/web\/index.php\/wp-json\/wp\/v2\/types\/post"}],"author":[{"embeddable":true,"href":"https:\/\/aeroclubparana.org.ar\/web\/index.php\/wp-json\/wp\/v2\/users\/2"}],"replies":[{"embeddable":true,"href":"https:\/\/aeroclubparana.org.ar\/web\/index.php\/wp-json\/wp\/v2\/comments?post=283"}],"version-history":[{"count":1,"href":"https:\/\/aeroclubparana.org.ar\/web\/index.php\/wp-json\/wp\/v2\/posts\/283\/revisions"}],"predecessor-version":[{"id":284,"href":"https:\/\/aeroclubparana.org.ar\/web\/index.php\/wp-json\/wp\/v2\/posts\/283\/revisions\/284"}],"wp:featuredmedia":[{"embeddable":true,"href":"https:\/\/aeroclubparana.org.ar\/web\/index.php\/wp-json\/wp\/v2\/media\/285"}],"wp:attachment":[{"href":"https:\/\/aeroclubparana.org.ar\/web\/index.php\/wp-json\/wp\/v2\/media?parent=283"}],"wp:term":[{"taxonomy":"category","embeddable":true,"href":"https:\/\/aeroclubparana.org.ar\/web\/index.php\/wp-json\/wp\/v2\/categories?post=283"},{"taxonomy":"post_tag","embeddable":true,"href":"https:\/\/aeroclubparana.org.ar\/web\/index.php\/wp-json\/wp\/v2\/tags?post=283"}],"curies":[{"name":"wp","href":"https:\/\/api.w.org\/{rel}","templated":true}]}}