{"id":252,"date":"2020-11-07T23:26:46","date_gmt":"2020-11-07T23:26:46","guid":{"rendered":"https:\/\/aeroclubparana.org.ar\/web\/?p=252"},"modified":"2020-11-07T23:50:50","modified_gmt":"2020-11-07T23:50:50","slug":"agradecimiento-a-la-municipalidad-de-colonia-avellaneda","status":"publish","type":"post","link":"https:\/\/aeroclubparana.org.ar\/web\/index.php\/2020\/11\/07\/agradecimiento-a-la-municipalidad-de-colonia-avellaneda\/","title":{"rendered":"Agradecimiento a la Municipalidad de Colonia Avellaneda."},"content":{"rendered":"\n<p class=\"has-black-color has-text-color\">La Comisi\u00f3n Directiva de nuestra Instituci\u00f3n, desea expresar el agradecimiento al se\u00f1or Intendente Ariel Weiss por la colaboraci\u00f3n prestada ante nuestro requerimiento de un hidro-elevador, para la instalaci\u00f3n de la nueva manga de viento en el campo de vuelo.<br>Este elemento es de vital importancia para la operaci\u00f3n segura de las aeronaves, no solamente de nuestro parque a\u00e9reo, sino de aquellas que provienen de distintos lugares del pa\u00eds. De esta forma, trabajamos para mejorar todos los d\u00edas, la Seguridad Operacional en nuestra Aviaci\u00f3n General.<br>Muchas gracias Intendente..!<\/p>\n\n\n\n<p><\/p>\n\n\n\n<div class=\"wp-block-image is-style-default\"><figure class=\"aligncenter size-large is-resized\"><img loading=\"lazy\" decoding=\"async\" src=\"https:\/\/aeroclubparana.org.ar\/web\/wp-content\/uploads\/2020\/11\/manga_viento-498x1024.jpeg\" alt=\"\" class=\"wp-image-253\" width=\"374\" height=\"768\" srcset=\"https:\/\/aeroclubparana.org.ar\/web\/wp-content\/uploads\/2020\/11\/manga_viento-498x1024.jpeg 498w, https:\/\/aeroclubparana.org.ar\/web\/wp-content\/uploads\/2020\/11\/manga_viento-146x300.jpeg 146w\" sizes=\"auto, (max-width: 374px) 100vw, 374px\" \/><\/figure><\/div>\n","protected":false},"excerpt":{"rendered":"<p>La Comisi\u00f3n Directiva de nuestra Instituci\u00f3n, desea expresar el agradecimiento al se\u00f1or Intendente Ariel Weiss por la colaboraci\u00f3n prestada ante nuestro requerimiento de un hidro-elevador, para la instalaci\u00f3n de la nueva manga de viento en el campo de vuelo.Este elemento es de vital importancia para la operaci\u00f3n segura de las aeronaves, no solamente de nuestro [&hellip;]<\/p>\n","protected":false},"author":2,"featured_media":254,"comment_status":"open","ping_status":"open","sticky":false,"template":"","format":"standard","meta":{"_et_pb_use_builder":"","_et_pb_old_content":"","_et_gb_content_width":"","footnotes":""},"categories":[1],"tags":[],"class_list":["post-252","post","type-post","status-publish","format-standard","has-post-thumbnail","hentry","category-uncategorized","et-has-post-format-content","et_post_format-et-post-format-standard"],"yoast_head":"<!-- This site is optimized with the Yoast SEO plugin v22.8 - https:\/\/yoast.com\/wordpress\/plugins\/seo\/ -->\n<title>Agradecimiento a la Municipalidad de Colonia Avellaneda. - Aeroclub Ciudad de Paran\u00e1<\/title>\n<meta name=\"robots\" content=\"index, follow, max-snippet:-1, max-image-preview:large, max-video-preview:-1\" \/>\n<link rel=\"canonical\" href=\"https:\/\/aeroclubparana.org.ar\/web\/index.php\/2020\/11\/07\/agradecimiento-a-la-municipalidad-de-colonia-avellaneda\/\" \/>\n<meta property=\"og:locale\" content=\"es_ES\" \/>\n<meta property=\"og:type\" content=\"article\" \/>\n<meta property=\"og:title\" content=\"Agradecimiento a la Municipalidad de Colonia Avellaneda. - Aeroclub Ciudad de Paran\u00e1\" \/>\n<meta property=\"og:description\" content=\"La Comisi\u00f3n Directiva de nuestra Instituci\u00f3n, desea expresar el agradecimiento al se\u00f1or Intendente Ariel Weiss por la colaboraci\u00f3n prestada ante nuestro requerimiento de un hidro-elevador, para la instalaci\u00f3n de la nueva manga de viento en el campo de vuelo.Este elemento es de vital importancia para la operaci\u00f3n segura de las aeronaves, no solamente de nuestro [&hellip;]\" \/>\n<meta property=\"og:url\" content=\"https:\/\/aeroclubparana.org.ar\/web\/index.php\/2020\/11\/07\/agradecimiento-a-la-municipalidad-de-colonia-avellaneda\/\" \/>\n<meta property=\"og:site_name\" content=\"Aeroclub Ciudad de Paran\u00e1\" \/>\n<meta property=\"article:published_time\" content=\"2020-11-07T23:26:46+00:00\" \/>\n<meta property=\"article:modified_time\" content=\"2020-11-07T23:50:50+00:00\" \/>\n<meta property=\"og:image\" content=\"https:\/\/aeroclubparana.org.ar\/web\/wp-content\/uploads\/2020\/11\/muni_colonia.jpg\" \/>\n\t<meta property=\"og:image:width\" content=\"640\" \/>\n\t<meta property=\"og:image:height\" content=\"427\" \/>\n\t<meta property=\"og:image:type\" content=\"image\/jpeg\" \/>\n<meta name=\"author\" content=\"Aeroclub Paran\u00e1\" \/>\n<meta name=\"twitter:card\" content=\"summary_large_image\" \/>\n<meta name=\"twitter:label1\" content=\"Escrito por\" \/>\n\t<meta name=\"twitter:data1\" content=\"Aeroclub Paran\u00e1\" \/>\n<script type=\"application\/ld+json\" class=\"yoast-schema-graph\">{\"@context\":\"https:\/\/schema.org\",\"@graph\":[{\"@type\":\"WebPage\",\"@id\":\"https:\/\/aeroclubparana.org.ar\/web\/index.php\/2020\/11\/07\/agradecimiento-a-la-municipalidad-de-colonia-avellaneda\/\",\"url\":\"https:\/\/aeroclubparana.org.ar\/web\/index.php\/2020\/11\/07\/agradecimiento-a-la-municipalidad-de-colonia-avellaneda\/\",\"name\":\"Agradecimiento a la Municipalidad de Colonia Avellaneda. - Aeroclub Ciudad de Paran\u00e1\",\"isPartOf\":{\"@id\":\"https:\/\/aeroclubparana.org.ar\/web\/#website\"},\"primaryImageOfPage\":{\"@id\":\"https:\/\/aeroclubparana.org.ar\/web\/index.php\/2020\/11\/07\/agradecimiento-a-la-municipalidad-de-colonia-avellaneda\/#primaryimage\"},\"image\":{\"@id\":\"https:\/\/aeroclubparana.org.ar\/web\/index.php\/2020\/11\/07\/agradecimiento-a-la-municipalidad-de-colonia-avellaneda\/#primaryimage\"},\"thumbnailUrl\":\"https:\/\/aeroclubparana.org.ar\/web\/wp-content\/uploads\/2020\/11\/muni_colonia.jpg\",\"datePublished\":\"2020-11-07T23:26:46+00:00\",\"dateModified\":\"2020-11-07T23:50:50+00:00\",\"author\":{\"@id\":\"https:\/\/aeroclubparana.org.ar\/web\/#\/schema\/person\/30f08c2720d348886b3c95c716eda4ee\"},\"breadcrumb\":{\"@id\":\"https:\/\/aeroclubparana.org.ar\/web\/index.php\/2020\/11\/07\/agradecimiento-a-la-municipalidad-de-colonia-avellaneda\/#breadcrumb\"},\"inLanguage\":\"es\",\"potentialAction\":[{\"@type\":\"ReadAction\",\"target\":[\"https:\/\/aeroclubparana.org.ar\/web\/index.php\/2020\/11\/07\/agradecimiento-a-la-municipalidad-de-colonia-avellaneda\/\"]}]},{\"@type\":\"ImageObject\",\"inLanguage\":\"es\",\"@id\":\"https:\/\/aeroclubparana.org.ar\/web\/index.php\/2020\/11\/07\/agradecimiento-a-la-municipalidad-de-colonia-avellaneda\/#primaryimage\",\"url\":\"https:\/\/aeroclubparana.org.ar\/web\/wp-content\/uploads\/2020\/11\/muni_colonia.jpg\",\"contentUrl\":\"https:\/\/aeroclubparana.org.ar\/web\/wp-content\/uploads\/2020\/11\/muni_colonia.jpg\",\"width\":640,\"height\":427},{\"@type\":\"BreadcrumbList\",\"@id\":\"https:\/\/aeroclubparana.org.ar\/web\/index.php\/2020\/11\/07\/agradecimiento-a-la-municipalidad-de-colonia-avellaneda\/#breadcrumb\",\"itemListElement\":[{\"@type\":\"ListItem\",\"position\":1,\"name\":\"Home\",\"item\":\"https:\/\/aeroclubparana.org.ar\/web\/\"},{\"@type\":\"ListItem\",\"position\":2,\"name\":\"Agradecimiento a la Municipalidad de Colonia Avellaneda.\"}]},{\"@type\":\"WebSite\",\"@id\":\"https:\/\/aeroclubparana.org.ar\/web\/#website\",\"url\":\"https:\/\/aeroclubparana.org.ar\/web\/\",\"name\":\"Aeroclub Ciudad de Paran\u00e1\",\"description\":\"\",\"potentialAction\":[{\"@type\":\"SearchAction\",\"target\":{\"@type\":\"EntryPoint\",\"urlTemplate\":\"https:\/\/aeroclubparana.org.ar\/web\/?s={search_term_string}\"},\"query-input\":\"required name=search_term_string\"}],\"inLanguage\":\"es\"},{\"@type\":\"Person\",\"@id\":\"https:\/\/aeroclubparana.org.ar\/web\/#\/schema\/person\/30f08c2720d348886b3c95c716eda4ee\",\"name\":\"Aeroclub Paran\u00e1\",\"image\":{\"@type\":\"ImageObject\",\"inLanguage\":\"es\",\"@id\":\"https:\/\/aeroclubparana.org.ar\/web\/#\/schema\/person\/image\/\",\"url\":\"https:\/\/secure.gravatar.com\/avatar\/bf5974e327a751bee34ee94520c70420?s=96&d=mm&r=g\",\"contentUrl\":\"https:\/\/secure.gravatar.com\/avatar\/bf5974e327a751bee34ee94520c70420?s=96&d=mm&r=g\",\"caption\":\"Aeroclub Paran\u00e1\"},\"url\":\"https:\/\/aeroclubparana.org.ar\/web\/index.php\/author\/aeroclubparana\/\"}]}<\/script>\n<!-- \/ Yoast SEO plugin. -->","yoast_head_json":{"title":"Agradecimiento a la Municipalidad de Colonia Avellaneda. - Aeroclub Ciudad de Paran\u00e1","robots":{"index":"index","follow":"follow","max-snippet":"max-snippet:-1","max-image-preview":"max-image-preview:large","max-video-preview":"max-video-preview:-1"},"canonical":"https:\/\/aeroclubparana.org.ar\/web\/index.php\/2020\/11\/07\/agradecimiento-a-la-municipalidad-de-colonia-avellaneda\/","og_locale":"es_ES","og_type":"article","og_title":"Agradecimiento a la Municipalidad de Colonia Avellaneda. - Aeroclub Ciudad de Paran\u00e1","og_description":"La Comisi\u00f3n Directiva de nuestra Instituci\u00f3n, desea expresar el agradecimiento al se\u00f1or Intendente Ariel Weiss por la colaboraci\u00f3n prestada ante nuestro requerimiento de un hidro-elevador, para la instalaci\u00f3n de la nueva manga de viento en el campo de vuelo.Este elemento es de vital importancia para la operaci\u00f3n segura de las aeronaves, no solamente de nuestro [&hellip;]","og_url":"https:\/\/aeroclubparana.org.ar\/web\/index.php\/2020\/11\/07\/agradecimiento-a-la-municipalidad-de-colonia-avellaneda\/","og_site_name":"Aeroclub Ciudad de Paran\u00e1","article_published_time":"2020-11-07T23:26:46+00:00","article_modified_time":"2020-11-07T23:50:50+00:00","og_image":[{"width":640,"height":427,"url":"https:\/\/aeroclubparana.org.ar\/web\/wp-content\/uploads\/2020\/11\/muni_colonia.jpg","type":"image\/jpeg"}],"author":"Aeroclub Paran\u00e1","twitter_card":"summary_large_image","twitter_misc":{"Escrito por":"Aeroclub Paran\u00e1"},"schema":{"@context":"https:\/\/schema.org","@graph":[{"@type":"WebPage","@id":"https:\/\/aeroclubparana.org.ar\/web\/index.php\/2020\/11\/07\/agradecimiento-a-la-municipalidad-de-colonia-avellaneda\/","url":"https:\/\/aeroclubparana.org.ar\/web\/index.php\/2020\/11\/07\/agradecimiento-a-la-municipalidad-de-colonia-avellaneda\/","name":"Agradecimiento a la Municipalidad de Colonia Avellaneda. - Aeroclub Ciudad de Paran\u00e1","isPartOf":{"@id":"https:\/\/aeroclubparana.org.ar\/web\/#website"},"primaryImageOfPage":{"@id":"https:\/\/aeroclubparana.org.ar\/web\/index.php\/2020\/11\/07\/agradecimiento-a-la-municipalidad-de-colonia-avellaneda\/#primaryimage"},"image":{"@id":"https:\/\/aeroclubparana.org.ar\/web\/index.php\/2020\/11\/07\/agradecimiento-a-la-municipalidad-de-colonia-avellaneda\/#primaryimage"},"thumbnailUrl":"https:\/\/aeroclubparana.org.ar\/web\/wp-content\/uploads\/2020\/11\/muni_colonia.jpg","datePublished":"2020-11-07T23:26:46+00:00","dateModified":"2020-11-07T23:50:50+00:00","author":{"@id":"https:\/\/aeroclubparana.org.ar\/web\/#\/schema\/person\/30f08c2720d348886b3c95c716eda4ee"},"breadcrumb":{"@id":"https:\/\/aeroclubparana.org.ar\/web\/index.php\/2020\/11\/07\/agradecimiento-a-la-municipalidad-de-colonia-avellaneda\/#breadcrumb"},"inLanguage":"es","potentialAction":[{"@type":"ReadAction","target":["https:\/\/aeroclubparana.org.ar\/web\/index.php\/2020\/11\/07\/agradecimiento-a-la-municipalidad-de-colonia-avellaneda\/"]}]},{"@type":"ImageObject","inLanguage":"es","@id":"https:\/\/aeroclubparana.org.ar\/web\/index.php\/2020\/11\/07\/agradecimiento-a-la-municipalidad-de-colonia-avellaneda\/#primaryimage","url":"https:\/\/aeroclubparana.org.ar\/web\/wp-content\/uploads\/2020\/11\/muni_colonia.jpg","contentUrl":"https:\/\/aeroclubparana.org.ar\/web\/wp-content\/uploads\/2020\/11\/muni_colonia.jpg","width":640,"height":427},{"@type":"BreadcrumbList","@id":"https:\/\/aeroclubparana.org.ar\/web\/index.php\/2020\/11\/07\/agradecimiento-a-la-municipalidad-de-colonia-avellaneda\/#breadcrumb","itemListElement":[{"@type":"ListItem","position":1,"name":"Home","item":"https:\/\/aeroclubparana.org.ar\/web\/"},{"@type":"ListItem","position":2,"name":"Agradecimiento a la Municipalidad de Colonia Avellaneda."}]},{"@type":"WebSite","@id":"https:\/\/aeroclubparana.org.ar\/web\/#website","url":"https:\/\/aeroclubparana.org.ar\/web\/","name":"Aeroclub Ciudad de Paran\u00e1","description":"","potentialAction":[{"@type":"SearchAction","target":{"@type":"EntryPoint","urlTemplate":"https:\/\/aeroclubparana.org.ar\/web\/?s={search_term_string}"},"query-input":"required name=search_term_string"}],"inLanguage":"es"},{"@type":"Person","@id":"https:\/\/aeroclubparana.org.ar\/web\/#\/schema\/person\/30f08c2720d348886b3c95c716eda4ee","name":"Aeroclub Paran\u00e1","image":{"@type":"ImageObject","inLanguage":"es","@id":"https:\/\/aeroclubparana.org.ar\/web\/#\/schema\/person\/image\/","url":"https:\/\/secure.gravatar.com\/avatar\/bf5974e327a751bee34ee94520c70420?s=96&d=mm&r=g","contentUrl":"https:\/\/secure.gravatar.com\/avatar\/bf5974e327a751bee34ee94520c70420?s=96&d=mm&r=g","caption":"Aeroclub Paran\u00e1"},"url":"https:\/\/aeroclubparana.org.ar\/web\/index.php\/author\/aeroclubparana\/"}]}},"_links":{"self":[{"href":"https:\/\/aeroclubparana.org.ar\/web\/index.php\/wp-json\/wp\/v2\/posts\/252","targetHints":{"allow":["GET"]}}],"collection":[{"href":"https:\/\/aeroclubparana.org.ar\/web\/index.php\/wp-json\/wp\/v2\/posts"}],"about":[{"href":"https:\/\/aeroclubparana.org.ar\/web\/index.php\/wp-json\/wp\/v2\/types\/post"}],"author":[{"embeddable":true,"href":"https:\/\/aeroclubparana.org.ar\/web\/index.php\/wp-json\/wp\/v2\/users\/2"}],"replies":[{"embeddable":true,"href":"https:\/\/aeroclubparana.org.ar\/web\/index.php\/wp-json\/wp\/v2\/comments?post=252"}],"version-history":[{"count":7,"href":"https:\/\/aeroclubparana.org.ar\/web\/index.php\/wp-json\/wp\/v2\/posts\/252\/revisions"}],"predecessor-version":[{"id":265,"href":"https:\/\/aeroclubparana.org.ar\/web\/index.php\/wp-json\/wp\/v2\/posts\/252\/revisions\/265"}],"wp:featuredmedia":[{"embeddable":true,"href":"https:\/\/aeroclubparana.org.ar\/web\/index.php\/wp-json\/wp\/v2\/media\/254"}],"wp:attachment":[{"href":"https:\/\/aeroclubparana.org.ar\/web\/index.php\/wp-json\/wp\/v2\/media?parent=252"}],"wp:term":[{"taxonomy":"category","embeddable":true,"href":"https:\/\/aeroclubparana.org.ar\/web\/index.php\/wp-json\/wp\/v2\/categories?post=252"},{"taxonomy":"post_tag","embeddable":true,"href":"https:\/\/aeroclubparana.org.ar\/web\/index.php\/wp-json\/wp\/v2\/tags?post=252"}],"curies":[{"name":"wp","href":"https:\/\/api.w.org\/{rel}","templated":true}]}}