{"id":159,"date":"2020-08-11T01:03:53","date_gmt":"2020-08-11T01:03:53","guid":{"rendered":"https:\/\/aeroclubparana.org.ar\/web\/?p=159"},"modified":"2020-08-11T01:06:16","modified_gmt":"2020-08-11T01:06:16","slug":"se-llevo-a-cabo-la-asamblea-general-ordinaria","status":"publish","type":"post","link":"https:\/\/aeroclubparana.org.ar\/web\/index.php\/2020\/08\/11\/se-llevo-a-cabo-la-asamblea-general-ordinaria\/","title":{"rendered":"Se llev\u00f3 a cabo la Asamblea General Ordinaria."},"content":{"rendered":"\n<p>Tal como fuera anunciado a trav\u00e9s de las vias establecidad en nuestro Estatuto Social, se llev\u00f3 a cabo en la tarde del d\u00eda Domingo 9 de Agosto, la Asamblea General Ordinaria, conforme a lo establecido en en la Res. N\u00b0 055 de la DIPJ de la provincia de Entre R\u00edos, utilizando para ello la plataforma Zoom mediante el ID de la sala que fuera informado a los socios, oportunamente.<br>Del resultado de este acto, qued\u00f3 conformada la siguiente Comisi\u00f3n Directiva con los siguientes socios:<\/p>\n\n\n\n<p class=\"has-text-align-center\"><strong>Presidente:<\/strong> Fabricio HEYDA<br><strong>Vicepresidente:<\/strong> Juli\u00e1n GOTTIG<br><strong>Secretario:<\/strong> Diego MARTINEZ<br><strong>Pro-Secretario:<\/strong> Eduardo DOMINGUEZ<br><strong>Tesorero:<\/strong> Jos\u00e9 Lu\u00eds DIAZ<br><strong>Pro-Tesorero:<\/strong> Norbert BRENNER<br><strong>Vocal Titular 1\u00b0:<\/strong> Mariano GANDOLFO<br><strong>Vocal Titular 2\u00b0:<\/strong> Enzo ZANDOMENI<br><strong>Vocal Titular 3\u00b0:<\/strong> Patricio CEPELLOTTI<br><strong>Vocal Suplente 1\u00b0:<\/strong> Misael DIAZ<br><strong>Vocal Suplente 2\u00b0: <\/strong>Fabi\u00e1n FIGUEROA<br><strong>Vocal Suplente 3\u00b0:<\/strong> Brian LEON<br><strong>Revisor de Cuentas:<\/strong> Eduardo FONTANA<br><strong>Revisor de Cuentas:<\/strong> Nelson STURTZ<\/p>\n","protected":false},"excerpt":{"rendered":"<p>Tal como fuera anunciado a trav\u00e9s de las vias establecidad en nuestro Estatuto Social, se llev\u00f3 a cabo en la tarde del d\u00eda Domingo 9 de Agosto, la Asamblea General Ordinaria, conforme a lo establecido en en la Res. N\u00b0 055 de la DIPJ de la provincia de Entre R\u00edos, utilizando para ello la plataforma [&hellip;]<\/p>\n","protected":false},"author":2,"featured_media":160,"comment_status":"open","ping_status":"open","sticky":false,"template":"","format":"standard","meta":{"_et_pb_use_builder":"","_et_pb_old_content":"","_et_gb_content_width":"","footnotes":""},"categories":[1],"tags":[],"class_list":["post-159","post","type-post","status-publish","format-standard","has-post-thumbnail","hentry","category-uncategorized","et-has-post-format-content","et_post_format-et-post-format-standard"],"yoast_head":"<!-- This site is optimized with the Yoast SEO plugin v22.8 - https:\/\/yoast.com\/wordpress\/plugins\/seo\/ -->\n<title>Se llev\u00f3 a cabo la Asamblea General Ordinaria. - Aeroclub Ciudad de Paran\u00e1<\/title>\n<meta name=\"robots\" content=\"index, follow, max-snippet:-1, max-image-preview:large, max-video-preview:-1\" \/>\n<link rel=\"canonical\" href=\"https:\/\/aeroclubparana.org.ar\/web\/index.php\/2020\/08\/11\/se-llevo-a-cabo-la-asamblea-general-ordinaria\/\" \/>\n<meta property=\"og:locale\" content=\"es_ES\" \/>\n<meta property=\"og:type\" content=\"article\" \/>\n<meta property=\"og:title\" content=\"Se llev\u00f3 a cabo la Asamblea General Ordinaria. - Aeroclub Ciudad de Paran\u00e1\" \/>\n<meta property=\"og:description\" content=\"Tal como fuera anunciado a trav\u00e9s de las vias establecidad en nuestro Estatuto Social, se llev\u00f3 a cabo en la tarde del d\u00eda Domingo 9 de Agosto, la Asamblea General Ordinaria, conforme a lo establecido en en la Res. N\u00b0 055 de la DIPJ de la provincia de Entre R\u00edos, utilizando para ello la plataforma [&hellip;]\" \/>\n<meta property=\"og:url\" content=\"https:\/\/aeroclubparana.org.ar\/web\/index.php\/2020\/08\/11\/se-llevo-a-cabo-la-asamblea-general-ordinaria\/\" \/>\n<meta property=\"og:site_name\" content=\"Aeroclub Ciudad de Paran\u00e1\" \/>\n<meta property=\"article:published_time\" content=\"2020-08-11T01:03:53+00:00\" \/>\n<meta property=\"article:modified_time\" content=\"2020-08-11T01:06:16+00:00\" \/>\n<meta property=\"og:image\" content=\"https:\/\/aeroclubparana.org.ar\/web\/wp-content\/uploads\/2020\/08\/proyecto_eduardo.jpeg\" \/>\n\t<meta property=\"og:image:width\" content=\"1280\" \/>\n\t<meta property=\"og:image:height\" content=\"720\" \/>\n\t<meta property=\"og:image:type\" content=\"image\/jpeg\" \/>\n<meta name=\"author\" content=\"Aeroclub Paran\u00e1\" \/>\n<meta name=\"twitter:card\" content=\"summary_large_image\" \/>\n<meta name=\"twitter:label1\" content=\"Escrito por\" \/>\n\t<meta name=\"twitter:data1\" content=\"Aeroclub Paran\u00e1\" \/>\n\t<meta name=\"twitter:label2\" content=\"Tiempo de lectura\" \/>\n\t<meta name=\"twitter:data2\" content=\"1 minuto\" \/>\n<script type=\"application\/ld+json\" class=\"yoast-schema-graph\">{\"@context\":\"https:\/\/schema.org\",\"@graph\":[{\"@type\":\"WebPage\",\"@id\":\"https:\/\/aeroclubparana.org.ar\/web\/index.php\/2020\/08\/11\/se-llevo-a-cabo-la-asamblea-general-ordinaria\/\",\"url\":\"https:\/\/aeroclubparana.org.ar\/web\/index.php\/2020\/08\/11\/se-llevo-a-cabo-la-asamblea-general-ordinaria\/\",\"name\":\"Se llev\u00f3 a cabo la Asamblea General Ordinaria. - Aeroclub Ciudad de Paran\u00e1\",\"isPartOf\":{\"@id\":\"https:\/\/aeroclubparana.org.ar\/web\/#website\"},\"primaryImageOfPage\":{\"@id\":\"https:\/\/aeroclubparana.org.ar\/web\/index.php\/2020\/08\/11\/se-llevo-a-cabo-la-asamblea-general-ordinaria\/#primaryimage\"},\"image\":{\"@id\":\"https:\/\/aeroclubparana.org.ar\/web\/index.php\/2020\/08\/11\/se-llevo-a-cabo-la-asamblea-general-ordinaria\/#primaryimage\"},\"thumbnailUrl\":\"https:\/\/aeroclubparana.org.ar\/web\/wp-content\/uploads\/2020\/08\/proyecto_eduardo.jpeg\",\"datePublished\":\"2020-08-11T01:03:53+00:00\",\"dateModified\":\"2020-08-11T01:06:16+00:00\",\"author\":{\"@id\":\"https:\/\/aeroclubparana.org.ar\/web\/#\/schema\/person\/30f08c2720d348886b3c95c716eda4ee\"},\"breadcrumb\":{\"@id\":\"https:\/\/aeroclubparana.org.ar\/web\/index.php\/2020\/08\/11\/se-llevo-a-cabo-la-asamblea-general-ordinaria\/#breadcrumb\"},\"inLanguage\":\"es\",\"potentialAction\":[{\"@type\":\"ReadAction\",\"target\":[\"https:\/\/aeroclubparana.org.ar\/web\/index.php\/2020\/08\/11\/se-llevo-a-cabo-la-asamblea-general-ordinaria\/\"]}]},{\"@type\":\"ImageObject\",\"inLanguage\":\"es\",\"@id\":\"https:\/\/aeroclubparana.org.ar\/web\/index.php\/2020\/08\/11\/se-llevo-a-cabo-la-asamblea-general-ordinaria\/#primaryimage\",\"url\":\"https:\/\/aeroclubparana.org.ar\/web\/wp-content\/uploads\/2020\/08\/proyecto_eduardo.jpeg\",\"contentUrl\":\"https:\/\/aeroclubparana.org.ar\/web\/wp-content\/uploads\/2020\/08\/proyecto_eduardo.jpeg\",\"width\":1280,\"height\":720},{\"@type\":\"BreadcrumbList\",\"@id\":\"https:\/\/aeroclubparana.org.ar\/web\/index.php\/2020\/08\/11\/se-llevo-a-cabo-la-asamblea-general-ordinaria\/#breadcrumb\",\"itemListElement\":[{\"@type\":\"ListItem\",\"position\":1,\"name\":\"Home\",\"item\":\"https:\/\/aeroclubparana.org.ar\/web\/\"},{\"@type\":\"ListItem\",\"position\":2,\"name\":\"Se llev\u00f3 a cabo la Asamblea General Ordinaria.\"}]},{\"@type\":\"WebSite\",\"@id\":\"https:\/\/aeroclubparana.org.ar\/web\/#website\",\"url\":\"https:\/\/aeroclubparana.org.ar\/web\/\",\"name\":\"Aeroclub Ciudad de Paran\u00e1\",\"description\":\"\",\"potentialAction\":[{\"@type\":\"SearchAction\",\"target\":{\"@type\":\"EntryPoint\",\"urlTemplate\":\"https:\/\/aeroclubparana.org.ar\/web\/?s={search_term_string}\"},\"query-input\":\"required name=search_term_string\"}],\"inLanguage\":\"es\"},{\"@type\":\"Person\",\"@id\":\"https:\/\/aeroclubparana.org.ar\/web\/#\/schema\/person\/30f08c2720d348886b3c95c716eda4ee\",\"name\":\"Aeroclub Paran\u00e1\",\"image\":{\"@type\":\"ImageObject\",\"inLanguage\":\"es\",\"@id\":\"https:\/\/aeroclubparana.org.ar\/web\/#\/schema\/person\/image\/\",\"url\":\"https:\/\/secure.gravatar.com\/avatar\/bf5974e327a751bee34ee94520c70420?s=96&d=mm&r=g\",\"contentUrl\":\"https:\/\/secure.gravatar.com\/avatar\/bf5974e327a751bee34ee94520c70420?s=96&d=mm&r=g\",\"caption\":\"Aeroclub Paran\u00e1\"},\"url\":\"https:\/\/aeroclubparana.org.ar\/web\/index.php\/author\/aeroclubparana\/\"}]}<\/script>\n<!-- \/ Yoast SEO plugin. -->","yoast_head_json":{"title":"Se llev\u00f3 a cabo la Asamblea General Ordinaria. - Aeroclub Ciudad de Paran\u00e1","robots":{"index":"index","follow":"follow","max-snippet":"max-snippet:-1","max-image-preview":"max-image-preview:large","max-video-preview":"max-video-preview:-1"},"canonical":"https:\/\/aeroclubparana.org.ar\/web\/index.php\/2020\/08\/11\/se-llevo-a-cabo-la-asamblea-general-ordinaria\/","og_locale":"es_ES","og_type":"article","og_title":"Se llev\u00f3 a cabo la Asamblea General Ordinaria. - Aeroclub Ciudad de Paran\u00e1","og_description":"Tal como fuera anunciado a trav\u00e9s de las vias establecidad en nuestro Estatuto Social, se llev\u00f3 a cabo en la tarde del d\u00eda Domingo 9 de Agosto, la Asamblea General Ordinaria, conforme a lo establecido en en la Res. N\u00b0 055 de la DIPJ de la provincia de Entre R\u00edos, utilizando para ello la plataforma [&hellip;]","og_url":"https:\/\/aeroclubparana.org.ar\/web\/index.php\/2020\/08\/11\/se-llevo-a-cabo-la-asamblea-general-ordinaria\/","og_site_name":"Aeroclub Ciudad de Paran\u00e1","article_published_time":"2020-08-11T01:03:53+00:00","article_modified_time":"2020-08-11T01:06:16+00:00","og_image":[{"width":1280,"height":720,"url":"https:\/\/aeroclubparana.org.ar\/web\/wp-content\/uploads\/2020\/08\/proyecto_eduardo.jpeg","type":"image\/jpeg"}],"author":"Aeroclub Paran\u00e1","twitter_card":"summary_large_image","twitter_misc":{"Escrito por":"Aeroclub Paran\u00e1","Tiempo de lectura":"1 minuto"},"schema":{"@context":"https:\/\/schema.org","@graph":[{"@type":"WebPage","@id":"https:\/\/aeroclubparana.org.ar\/web\/index.php\/2020\/08\/11\/se-llevo-a-cabo-la-asamblea-general-ordinaria\/","url":"https:\/\/aeroclubparana.org.ar\/web\/index.php\/2020\/08\/11\/se-llevo-a-cabo-la-asamblea-general-ordinaria\/","name":"Se llev\u00f3 a cabo la Asamblea General Ordinaria. - Aeroclub Ciudad de Paran\u00e1","isPartOf":{"@id":"https:\/\/aeroclubparana.org.ar\/web\/#website"},"primaryImageOfPage":{"@id":"https:\/\/aeroclubparana.org.ar\/web\/index.php\/2020\/08\/11\/se-llevo-a-cabo-la-asamblea-general-ordinaria\/#primaryimage"},"image":{"@id":"https:\/\/aeroclubparana.org.ar\/web\/index.php\/2020\/08\/11\/se-llevo-a-cabo-la-asamblea-general-ordinaria\/#primaryimage"},"thumbnailUrl":"https:\/\/aeroclubparana.org.ar\/web\/wp-content\/uploads\/2020\/08\/proyecto_eduardo.jpeg","datePublished":"2020-08-11T01:03:53+00:00","dateModified":"2020-08-11T01:06:16+00:00","author":{"@id":"https:\/\/aeroclubparana.org.ar\/web\/#\/schema\/person\/30f08c2720d348886b3c95c716eda4ee"},"breadcrumb":{"@id":"https:\/\/aeroclubparana.org.ar\/web\/index.php\/2020\/08\/11\/se-llevo-a-cabo-la-asamblea-general-ordinaria\/#breadcrumb"},"inLanguage":"es","potentialAction":[{"@type":"ReadAction","target":["https:\/\/aeroclubparana.org.ar\/web\/index.php\/2020\/08\/11\/se-llevo-a-cabo-la-asamblea-general-ordinaria\/"]}]},{"@type":"ImageObject","inLanguage":"es","@id":"https:\/\/aeroclubparana.org.ar\/web\/index.php\/2020\/08\/11\/se-llevo-a-cabo-la-asamblea-general-ordinaria\/#primaryimage","url":"https:\/\/aeroclubparana.org.ar\/web\/wp-content\/uploads\/2020\/08\/proyecto_eduardo.jpeg","contentUrl":"https:\/\/aeroclubparana.org.ar\/web\/wp-content\/uploads\/2020\/08\/proyecto_eduardo.jpeg","width":1280,"height":720},{"@type":"BreadcrumbList","@id":"https:\/\/aeroclubparana.org.ar\/web\/index.php\/2020\/08\/11\/se-llevo-a-cabo-la-asamblea-general-ordinaria\/#breadcrumb","itemListElement":[{"@type":"ListItem","position":1,"name":"Home","item":"https:\/\/aeroclubparana.org.ar\/web\/"},{"@type":"ListItem","position":2,"name":"Se llev\u00f3 a cabo la Asamblea General Ordinaria."}]},{"@type":"WebSite","@id":"https:\/\/aeroclubparana.org.ar\/web\/#website","url":"https:\/\/aeroclubparana.org.ar\/web\/","name":"Aeroclub Ciudad de Paran\u00e1","description":"","potentialAction":[{"@type":"SearchAction","target":{"@type":"EntryPoint","urlTemplate":"https:\/\/aeroclubparana.org.ar\/web\/?s={search_term_string}"},"query-input":"required name=search_term_string"}],"inLanguage":"es"},{"@type":"Person","@id":"https:\/\/aeroclubparana.org.ar\/web\/#\/schema\/person\/30f08c2720d348886b3c95c716eda4ee","name":"Aeroclub Paran\u00e1","image":{"@type":"ImageObject","inLanguage":"es","@id":"https:\/\/aeroclubparana.org.ar\/web\/#\/schema\/person\/image\/","url":"https:\/\/secure.gravatar.com\/avatar\/bf5974e327a751bee34ee94520c70420?s=96&d=mm&r=g","contentUrl":"https:\/\/secure.gravatar.com\/avatar\/bf5974e327a751bee34ee94520c70420?s=96&d=mm&r=g","caption":"Aeroclub Paran\u00e1"},"url":"https:\/\/aeroclubparana.org.ar\/web\/index.php\/author\/aeroclubparana\/"}]}},"_links":{"self":[{"href":"https:\/\/aeroclubparana.org.ar\/web\/index.php\/wp-json\/wp\/v2\/posts\/159","targetHints":{"allow":["GET"]}}],"collection":[{"href":"https:\/\/aeroclubparana.org.ar\/web\/index.php\/wp-json\/wp\/v2\/posts"}],"about":[{"href":"https:\/\/aeroclubparana.org.ar\/web\/index.php\/wp-json\/wp\/v2\/types\/post"}],"author":[{"embeddable":true,"href":"https:\/\/aeroclubparana.org.ar\/web\/index.php\/wp-json\/wp\/v2\/users\/2"}],"replies":[{"embeddable":true,"href":"https:\/\/aeroclubparana.org.ar\/web\/index.php\/wp-json\/wp\/v2\/comments?post=159"}],"version-history":[{"count":2,"href":"https:\/\/aeroclubparana.org.ar\/web\/index.php\/wp-json\/wp\/v2\/posts\/159\/revisions"}],"predecessor-version":[{"id":163,"href":"https:\/\/aeroclubparana.org.ar\/web\/index.php\/wp-json\/wp\/v2\/posts\/159\/revisions\/163"}],"wp:featuredmedia":[{"embeddable":true,"href":"https:\/\/aeroclubparana.org.ar\/web\/index.php\/wp-json\/wp\/v2\/media\/160"}],"wp:attachment":[{"href":"https:\/\/aeroclubparana.org.ar\/web\/index.php\/wp-json\/wp\/v2\/media?parent=159"}],"wp:term":[{"taxonomy":"category","embeddable":true,"href":"https:\/\/aeroclubparana.org.ar\/web\/index.php\/wp-json\/wp\/v2\/categories?post=159"},{"taxonomy":"post_tag","embeddable":true,"href":"https:\/\/aeroclubparana.org.ar\/web\/index.php\/wp-json\/wp\/v2\/tags?post=159"}],"curies":[{"name":"wp","href":"https:\/\/api.w.org\/{rel}","templated":true}]}}