{"id":1555,"date":"2024-01-04T02:03:29","date_gmt":"2024-01-04T02:03:29","guid":{"rendered":"https:\/\/aeroclubparana.org.ar\/web\/?p=1555"},"modified":"2024-01-05T20:58:43","modified_gmt":"2024-01-05T20:58:43","slug":"iniciamos-el-2024-con-nuevas-alas","status":"publish","type":"post","link":"https:\/\/aeroclubparana.org.ar\/web\/index.php\/2024\/01\/04\/iniciamos-el-2024-con-nuevas-alas\/","title":{"rendered":"Iniciamos el 2024 con nuevas alas..!"},"content":{"rendered":"\n<p class=\"has-black-color has-text-color has-link-color wp-elements-c8f2856f3b6e47ca334fcc80e18f63da\">Hoy, 03 de Enero, es un d\u00eda hist\u00f3rico para nuestra Instituci\u00f3n. Nos complace compartir con ustedes el profundo sentimiento de gratitud y satisfacci\u00f3n al celebrar el inicio del a\u00f1o 2024 con nuevas alas desplegadas en nuestro querido Aeroclub Ciudad de Paran\u00e1.<\/p>\n\n\n\n<p class=\"has-black-color has-text-color has-link-color wp-elements-cfbe0a95f22fe6d233eea18925600f9c\">Es un honor compartir la noticia que, tras un per\u00edodo de dedicaci\u00f3n y esfuerzo en nuestro Centro de Instrucci\u00f3n, ocho alumnos han alcanzado el importante logro de recibir su brevet de Piloto Privado de Avi\u00f3n (7) y un Piloto Comercial, de acuerdo con las reglas establecidas por la autoridad aeron\u00e1utica argentina, ANAC. Es particularmente destacable que tres de estos talentosos alumnos sean mujeres, contribuyendo as\u00ed a la diversidad y equidad en nuestro noble campo de la aviaci\u00f3n.<\/p>\n\n\n\n<p class=\"has-black-color has-text-color has-link-color wp-elements-ab0fea9974fc91994e8ac9c70a7c41e3\">Este hito no solo marca el compromiso constante del Aeroclub Paran\u00e1 con la formaci\u00f3n de pilotos aviadores civiles, sino que tambi\u00e9n refleja el excelente trabajo de nuestros instructores, cuyo arduo trabajo y dedicaci\u00f3n han sido fundamentales en el \u00e9xito de nuestros reci\u00e9n egresados. Agradecemos sinceramente a cada uno de nuestros instructores por su compromiso y pasi\u00f3n en la ense\u00f1anza de la aviaci\u00f3n.<\/p>\n\n\n\n<p class=\"has-black-color has-text-color has-link-color wp-elements-a7a11231f5927cddb23725b2f7ae99ae\">A nuestros reci\u00e9n egresados, extendemos nuestras m\u00e1s sinceras felicitaciones y agradecimientos por haber depositado su confianza en nuestro Centro de Instrucci\u00f3n. Vuestra determinaci\u00f3n y dedicaci\u00f3n son inspiradoras, y estamos seguros de que llevar\u00e1n consigo el esp\u00edritu del Aeroclub Paran\u00e1 en cada vuelo que realicen.<\/p>\n\n\n\n<p class=\"has-black-color has-text-color has-link-color wp-elements-6676930ecc7f3d09e0f990b9c9bbf4a0\">En este d\u00eda, vale tambi\u00e9n un agradecimiento al Departamento Control Educativo y la Direcci\u00f3n de Operaciones de Aeronaves de ANAC, que nos allanaron un peque\u00f1o inconveniente administrativo que permiti\u00f3 que uno de nuestros alumnos, pudieran rendir hoy, ante el Inspector actuante, Sr. Alexis Candido. A todos, muchas gracias.<\/p>\n\n\n\n<p class=\"has-black-color has-text-color has-link-color wp-elements-f9cc5c0838dc5e3cb496930588fadd95\">En este momento significativo, tambi\u00e9n es crucial reconocer y expresar nuestra gratitud a todos los que trabajan incansablemente a diario para sostener este Aeroclub. Son ustedes, nuestros colaboradores, socios y simpatizantes, quienes contribuyen a la continuidad y \u00e9xito de esta noble instituci\u00f3n que acaba de cumplir 83 a\u00f1os de vida aeron\u00e1utica.<\/p>\n\n\n\n<p class=\"has-black-color has-text-color has-link-color wp-elements-8b449759b528fdbceba0ccd4e3757bc0\">Que este d\u00eda hist\u00f3rico nos motive a mirar hacia el futuro con renovado entusiasmo y a seguir trabajando juntos para mantener viva la llama de la Aviaci\u00f3n Civil Argentina en el Aeroclub Paran\u00e1. \u00a1Que el cielo siga siendo el l\u00edmite para todos nosotros..!<\/p>\n\n\n\n<p class=\"has-text-align-center has-black-color has-text-color has-link-color wp-elements-96d7a80a09b74d45c99556a9d5172e93\"><strong>NUESTRAS NUEVAS ALAS<\/strong><\/p>\n\n\n\n<p class=\"has-text-align-center has-black-color has-text-color has-link-color wp-elements-38244b8d64fbf8eec96d4cb21052a842\"><strong>PPA<\/strong> <strong>Ramiro Silveyra D\u00e1vila<br><strong>PPA<\/strong><\/strong> <strong>Alberto Antivero<br><strong>PPA<\/strong><\/strong> <strong>Delfina Canga<br><strong>PPA<\/strong><\/strong> <strong>Alejo Ferreira Gallegos<br>Instructor a cargo: Brian Le\u00f3n<br><strong>PPA<\/strong><\/strong> <strong>Ayel\u00e9n Giorgio Miguez<br><strong>PPA<\/strong><\/strong> <strong>Fernanda Helguero<br>Instructor a cargo: Cristian Grecca<br><strong>PPA<\/strong><\/strong> <strong>Francisco Larrosa<br>PC Patricio Cepellotti<br>Instructor a cargo: Enzo Zandomeni<\/strong><\/p>\n\n\n\n<figure class=\"wp-block-gallery has-nested-images columns-default is-cropped wp-block-gallery-1 is-layout-flex wp-block-gallery-is-layout-flex\">\n<figure class=\"wp-block-image size-large\"><a href=\"https:\/\/aeroclubparana.org.ar\/web\/wp-content\/uploads\/2024\/01\/20240103_154148.jpg\"><img loading=\"lazy\" decoding=\"async\" width=\"600\" height=\"800\" data-id=\"1556\" src=\"https:\/\/aeroclubparana.org.ar\/web\/wp-content\/uploads\/2024\/01\/20240103_154148.jpg\" alt=\"\" class=\"wp-image-1556\" srcset=\"https:\/\/aeroclubparana.org.ar\/web\/wp-content\/uploads\/2024\/01\/20240103_154148.jpg 600w, https:\/\/aeroclubparana.org.ar\/web\/wp-content\/uploads\/2024\/01\/20240103_154148-225x300.jpg 225w\" sizes=\"auto, (max-width: 600px) 100vw, 600px\" \/><\/a><\/figure>\n\n\n\n<figure class=\"wp-block-image size-large\"><a href=\"https:\/\/aeroclubparana.org.ar\/web\/wp-content\/uploads\/2024\/01\/brian.jpg\"><img loading=\"lazy\" decoding=\"async\" width=\"800\" height=\"600\" data-id=\"1557\" src=\"https:\/\/aeroclubparana.org.ar\/web\/wp-content\/uploads\/2024\/01\/brian.jpg\" alt=\"\" class=\"wp-image-1557\" srcset=\"https:\/\/aeroclubparana.org.ar\/web\/wp-content\/uploads\/2024\/01\/brian.jpg 800w, https:\/\/aeroclubparana.org.ar\/web\/wp-content\/uploads\/2024\/01\/brian-300x225.jpg 300w, https:\/\/aeroclubparana.org.ar\/web\/wp-content\/uploads\/2024\/01\/brian-768x576.jpg 768w\" sizes=\"auto, (max-width: 800px) 100vw, 800px\" \/><\/a><\/figure>\n\n\n\n<figure class=\"wp-block-image size-large\"><a href=\"https:\/\/aeroclubparana.org.ar\/web\/wp-content\/uploads\/2024\/01\/larrosa.jpeg\"><img loading=\"lazy\" decoding=\"async\" width=\"768\" height=\"1024\" data-id=\"1558\" src=\"https:\/\/aeroclubparana.org.ar\/web\/wp-content\/uploads\/2024\/01\/larrosa-768x1024.jpeg\" alt=\"\" class=\"wp-image-1558\" srcset=\"https:\/\/aeroclubparana.org.ar\/web\/wp-content\/uploads\/2024\/01\/larrosa-768x1024.jpeg 768w, https:\/\/aeroclubparana.org.ar\/web\/wp-content\/uploads\/2024\/01\/larrosa-225x300.jpeg 225w, https:\/\/aeroclubparana.org.ar\/web\/wp-content\/uploads\/2024\/01\/larrosa-1152x1536.jpeg 1152w, https:\/\/aeroclubparana.org.ar\/web\/wp-content\/uploads\/2024\/01\/larrosa-1080x1440.jpeg 1080w, https:\/\/aeroclubparana.org.ar\/web\/wp-content\/uploads\/2024\/01\/larrosa.jpeg 1200w\" sizes=\"auto, (max-width: 768px) 100vw, 768px\" \/><\/a><\/figure>\n\n\n\n<figure class=\"wp-block-image size-large\"><a href=\"https:\/\/aeroclubparana.org.ar\/web\/wp-content\/uploads\/2024\/01\/simu_1.jpg\"><img loading=\"lazy\" decoding=\"async\" width=\"600\" height=\"800\" data-id=\"1559\" src=\"https:\/\/aeroclubparana.org.ar\/web\/wp-content\/uploads\/2024\/01\/simu_1.jpg\" alt=\"\" class=\"wp-image-1559\" srcset=\"https:\/\/aeroclubparana.org.ar\/web\/wp-content\/uploads\/2024\/01\/simu_1.jpg 600w, https:\/\/aeroclubparana.org.ar\/web\/wp-content\/uploads\/2024\/01\/simu_1-225x300.jpg 225w\" sizes=\"auto, (max-width: 600px) 100vw, 600px\" \/><\/a><\/figure>\n\n\n\n<figure class=\"wp-block-image size-large\"><a href=\"https:\/\/aeroclubparana.org.ar\/web\/wp-content\/uploads\/2024\/01\/simu_2.jpg\"><img loading=\"lazy\" decoding=\"async\" width=\"800\" height=\"600\" data-id=\"1560\" src=\"https:\/\/aeroclubparana.org.ar\/web\/wp-content\/uploads\/2024\/01\/simu_2.jpg\" alt=\"\" class=\"wp-image-1560\" srcset=\"https:\/\/aeroclubparana.org.ar\/web\/wp-content\/uploads\/2024\/01\/simu_2.jpg 800w, https:\/\/aeroclubparana.org.ar\/web\/wp-content\/uploads\/2024\/01\/simu_2-300x225.jpg 300w, https:\/\/aeroclubparana.org.ar\/web\/wp-content\/uploads\/2024\/01\/simu_2-768x576.jpg 768w\" sizes=\"auto, (max-width: 800px) 100vw, 800px\" \/><\/a><\/figure>\n\n\n\n<figure class=\"wp-block-image size-large\"><img loading=\"lazy\" decoding=\"async\" width=\"835\" height=\"840\" data-id=\"1564\" src=\"https:\/\/aeroclubparana.org.ar\/web\/wp-content\/uploads\/2024\/01\/delfina.jpeg\" alt=\"\" class=\"wp-image-1564\" srcset=\"https:\/\/aeroclubparana.org.ar\/web\/wp-content\/uploads\/2024\/01\/delfina.jpeg 835w, https:\/\/aeroclubparana.org.ar\/web\/wp-content\/uploads\/2024\/01\/delfina-298x300.jpeg 298w, https:\/\/aeroclubparana.org.ar\/web\/wp-content\/uploads\/2024\/01\/delfina-150x150.jpeg 150w, https:\/\/aeroclubparana.org.ar\/web\/wp-content\/uploads\/2024\/01\/delfina-768x773.jpeg 768w\" sizes=\"auto, (max-width: 835px) 100vw, 835px\" \/><\/figure>\n\n\n\n<figure class=\"wp-block-image size-large\"><img loading=\"lazy\" decoding=\"async\" width=\"834\" height=\"830\" data-id=\"1565\" src=\"https:\/\/aeroclubparana.org.ar\/web\/wp-content\/uploads\/2024\/01\/grupo_2.jpeg\" alt=\"\" class=\"wp-image-1565\" srcset=\"https:\/\/aeroclubparana.org.ar\/web\/wp-content\/uploads\/2024\/01\/grupo_2.jpeg 834w, https:\/\/aeroclubparana.org.ar\/web\/wp-content\/uploads\/2024\/01\/grupo_2-300x300.jpeg 300w, https:\/\/aeroclubparana.org.ar\/web\/wp-content\/uploads\/2024\/01\/grupo_2-150x150.jpeg 150w, https:\/\/aeroclubparana.org.ar\/web\/wp-content\/uploads\/2024\/01\/grupo_2-768x764.jpeg 768w\" sizes=\"auto, (max-width: 834px) 100vw, 834px\" \/><\/figure>\n\n\n\n<figure class=\"wp-block-image size-large\"><img loading=\"lazy\" decoding=\"async\" width=\"461\" height=\"1024\" data-id=\"1570\" src=\"https:\/\/aeroclubparana.org.ar\/web\/wp-content\/uploads\/2024\/01\/alberto_1-461x1024.jpeg\" alt=\"\" class=\"wp-image-1570\" srcset=\"https:\/\/aeroclubparana.org.ar\/web\/wp-content\/uploads\/2024\/01\/alberto_1-461x1024.jpeg 461w, https:\/\/aeroclubparana.org.ar\/web\/wp-content\/uploads\/2024\/01\/alberto_1-135x300.jpeg 135w, https:\/\/aeroclubparana.org.ar\/web\/wp-content\/uploads\/2024\/01\/alberto_1.jpeg 576w\" sizes=\"auto, (max-width: 461px) 100vw, 461px\" \/><\/figure>\n\n\n\n<figure class=\"wp-block-image size-large\"><img loading=\"lazy\" decoding=\"async\" width=\"461\" height=\"1024\" data-id=\"1571\" src=\"https:\/\/aeroclubparana.org.ar\/web\/wp-content\/uploads\/2024\/01\/fer_1-461x1024.jpeg\" alt=\"\" class=\"wp-image-1571\" srcset=\"https:\/\/aeroclubparana.org.ar\/web\/wp-content\/uploads\/2024\/01\/fer_1-461x1024.jpeg 461w, https:\/\/aeroclubparana.org.ar\/web\/wp-content\/uploads\/2024\/01\/fer_1-135x300.jpeg 135w, https:\/\/aeroclubparana.org.ar\/web\/wp-content\/uploads\/2024\/01\/fer_1.jpeg 576w\" sizes=\"auto, (max-width: 461px) 100vw, 461px\" \/><\/figure>\n\n\n\n<figure class=\"wp-block-image size-large\"><img loading=\"lazy\" decoding=\"async\" width=\"461\" height=\"1024\" data-id=\"1572\" src=\"https:\/\/aeroclubparana.org.ar\/web\/wp-content\/uploads\/2024\/01\/trio-461x1024.jpeg\" alt=\"\" class=\"wp-image-1572\" srcset=\"https:\/\/aeroclubparana.org.ar\/web\/wp-content\/uploads\/2024\/01\/trio-461x1024.jpeg 461w, https:\/\/aeroclubparana.org.ar\/web\/wp-content\/uploads\/2024\/01\/trio-135x300.jpeg 135w, https:\/\/aeroclubparana.org.ar\/web\/wp-content\/uploads\/2024\/01\/trio.jpeg 576w\" sizes=\"auto, (max-width: 461px) 100vw, 461px\" \/><\/figure>\n<\/figure>\n\n\n\n<p class=\"has-black-color has-text-color has-link-color wp-elements-14542abfb8df9d176ed54e06c770f23e\">Noticia cubierta por canal 11 en el siguiente link:<\/p>\n\n\n\n<p><a href=\"https:\/\/www.elonce.com\/secciones\/parana\/784458-pasin-por-volar-futuros-pilotos-rindieron-su-examen-en-el-aero-club-paran.htm\">https:\/\/www.elonce.com\/secciones\/parana\/784458-pasin-por-volar-futuros-pilotos-rindieron-su-examen-en-el-aero-club-paran.htm<\/a><\/p>\n","protected":false},"excerpt":{"rendered":"<p>Hoy, 03 de Enero, es un d\u00eda hist\u00f3rico para nuestra Instituci\u00f3n. Nos complace compartir con ustedes el profundo sentimiento de gratitud y satisfacci\u00f3n al celebrar el inicio del a\u00f1o 2024 con nuevas alas desplegadas en nuestro querido Aeroclub Ciudad de Paran\u00e1. Es un honor compartir la noticia que, tras un per\u00edodo de dedicaci\u00f3n y esfuerzo [&hellip;]<\/p>\n","protected":false},"author":2,"featured_media":1565,"comment_status":"open","ping_status":"open","sticky":false,"template":"","format":"standard","meta":{"_et_pb_use_builder":"","_et_pb_old_content":"","_et_gb_content_width":"","footnotes":""},"categories":[1],"tags":[],"class_list":["post-1555","post","type-post","status-publish","format-standard","has-post-thumbnail","hentry","category-uncategorized","et-has-post-format-content","et_post_format-et-post-format-standard"],"yoast_head":"<!-- This site is optimized with the Yoast SEO plugin v22.8 - https:\/\/yoast.com\/wordpress\/plugins\/seo\/ -->\n<title>Iniciamos el 2024 con nuevas alas..! - Aeroclub Ciudad de Paran\u00e1<\/title>\n<meta name=\"robots\" content=\"index, follow, max-snippet:-1, max-image-preview:large, max-video-preview:-1\" \/>\n<link rel=\"canonical\" href=\"https:\/\/aeroclubparana.org.ar\/web\/index.php\/2024\/01\/04\/iniciamos-el-2024-con-nuevas-alas\/\" \/>\n<meta property=\"og:locale\" content=\"es_ES\" \/>\n<meta property=\"og:type\" content=\"article\" \/>\n<meta property=\"og:title\" content=\"Iniciamos el 2024 con nuevas alas..! - Aeroclub Ciudad de Paran\u00e1\" \/>\n<meta property=\"og:description\" content=\"Hoy, 03 de Enero, es un d\u00eda hist\u00f3rico para nuestra Instituci\u00f3n. Nos complace compartir con ustedes el profundo sentimiento de gratitud y satisfacci\u00f3n al celebrar el inicio del a\u00f1o 2024 con nuevas alas desplegadas en nuestro querido Aeroclub Ciudad de Paran\u00e1. Es un honor compartir la noticia que, tras un per\u00edodo de dedicaci\u00f3n y esfuerzo [&hellip;]\" \/>\n<meta property=\"og:url\" content=\"https:\/\/aeroclubparana.org.ar\/web\/index.php\/2024\/01\/04\/iniciamos-el-2024-con-nuevas-alas\/\" \/>\n<meta property=\"og:site_name\" content=\"Aeroclub Ciudad de Paran\u00e1\" \/>\n<meta property=\"article:published_time\" content=\"2024-01-04T02:03:29+00:00\" \/>\n<meta property=\"article:modified_time\" content=\"2024-01-05T20:58:43+00:00\" \/>\n<meta property=\"og:image\" content=\"https:\/\/aeroclubparana.org.ar\/web\/wp-content\/uploads\/2024\/01\/grupo_2.jpeg\" \/>\n\t<meta property=\"og:image:width\" content=\"834\" \/>\n\t<meta property=\"og:image:height\" content=\"830\" \/>\n\t<meta property=\"og:image:type\" content=\"image\/jpeg\" \/>\n<meta name=\"author\" content=\"Aeroclub Paran\u00e1\" \/>\n<meta name=\"twitter:card\" content=\"summary_large_image\" \/>\n<meta name=\"twitter:label1\" content=\"Escrito por\" \/>\n\t<meta name=\"twitter:data1\" content=\"Aeroclub Paran\u00e1\" \/>\n\t<meta name=\"twitter:label2\" content=\"Tiempo de lectura\" \/>\n\t<meta name=\"twitter:data2\" content=\"5 minutos\" \/>\n<script type=\"application\/ld+json\" class=\"yoast-schema-graph\">{\"@context\":\"https:\/\/schema.org\",\"@graph\":[{\"@type\":\"WebPage\",\"@id\":\"https:\/\/aeroclubparana.org.ar\/web\/index.php\/2024\/01\/04\/iniciamos-el-2024-con-nuevas-alas\/\",\"url\":\"https:\/\/aeroclubparana.org.ar\/web\/index.php\/2024\/01\/04\/iniciamos-el-2024-con-nuevas-alas\/\",\"name\":\"Iniciamos el 2024 con nuevas alas..! - Aeroclub Ciudad de Paran\u00e1\",\"isPartOf\":{\"@id\":\"https:\/\/aeroclubparana.org.ar\/web\/#website\"},\"primaryImageOfPage\":{\"@id\":\"https:\/\/aeroclubparana.org.ar\/web\/index.php\/2024\/01\/04\/iniciamos-el-2024-con-nuevas-alas\/#primaryimage\"},\"image\":{\"@id\":\"https:\/\/aeroclubparana.org.ar\/web\/index.php\/2024\/01\/04\/iniciamos-el-2024-con-nuevas-alas\/#primaryimage\"},\"thumbnailUrl\":\"https:\/\/aeroclubparana.org.ar\/web\/wp-content\/uploads\/2024\/01\/grupo_2.jpeg\",\"datePublished\":\"2024-01-04T02:03:29+00:00\",\"dateModified\":\"2024-01-05T20:58:43+00:00\",\"author\":{\"@id\":\"https:\/\/aeroclubparana.org.ar\/web\/#\/schema\/person\/30f08c2720d348886b3c95c716eda4ee\"},\"breadcrumb\":{\"@id\":\"https:\/\/aeroclubparana.org.ar\/web\/index.php\/2024\/01\/04\/iniciamos-el-2024-con-nuevas-alas\/#breadcrumb\"},\"inLanguage\":\"es\",\"potentialAction\":[{\"@type\":\"ReadAction\",\"target\":[\"https:\/\/aeroclubparana.org.ar\/web\/index.php\/2024\/01\/04\/iniciamos-el-2024-con-nuevas-alas\/\"]}]},{\"@type\":\"ImageObject\",\"inLanguage\":\"es\",\"@id\":\"https:\/\/aeroclubparana.org.ar\/web\/index.php\/2024\/01\/04\/iniciamos-el-2024-con-nuevas-alas\/#primaryimage\",\"url\":\"https:\/\/aeroclubparana.org.ar\/web\/wp-content\/uploads\/2024\/01\/grupo_2.jpeg\",\"contentUrl\":\"https:\/\/aeroclubparana.org.ar\/web\/wp-content\/uploads\/2024\/01\/grupo_2.jpeg\",\"width\":834,\"height\":830},{\"@type\":\"BreadcrumbList\",\"@id\":\"https:\/\/aeroclubparana.org.ar\/web\/index.php\/2024\/01\/04\/iniciamos-el-2024-con-nuevas-alas\/#breadcrumb\",\"itemListElement\":[{\"@type\":\"ListItem\",\"position\":1,\"name\":\"Home\",\"item\":\"https:\/\/aeroclubparana.org.ar\/web\/\"},{\"@type\":\"ListItem\",\"position\":2,\"name\":\"Iniciamos el 2024 con nuevas alas..!\"}]},{\"@type\":\"WebSite\",\"@id\":\"https:\/\/aeroclubparana.org.ar\/web\/#website\",\"url\":\"https:\/\/aeroclubparana.org.ar\/web\/\",\"name\":\"Aeroclub Ciudad de Paran\u00e1\",\"description\":\"\",\"potentialAction\":[{\"@type\":\"SearchAction\",\"target\":{\"@type\":\"EntryPoint\",\"urlTemplate\":\"https:\/\/aeroclubparana.org.ar\/web\/?s={search_term_string}\"},\"query-input\":\"required name=search_term_string\"}],\"inLanguage\":\"es\"},{\"@type\":\"Person\",\"@id\":\"https:\/\/aeroclubparana.org.ar\/web\/#\/schema\/person\/30f08c2720d348886b3c95c716eda4ee\",\"name\":\"Aeroclub Paran\u00e1\",\"image\":{\"@type\":\"ImageObject\",\"inLanguage\":\"es\",\"@id\":\"https:\/\/aeroclubparana.org.ar\/web\/#\/schema\/person\/image\/\",\"url\":\"https:\/\/secure.gravatar.com\/avatar\/bf5974e327a751bee34ee94520c70420?s=96&d=mm&r=g\",\"contentUrl\":\"https:\/\/secure.gravatar.com\/avatar\/bf5974e327a751bee34ee94520c70420?s=96&d=mm&r=g\",\"caption\":\"Aeroclub Paran\u00e1\"},\"url\":\"https:\/\/aeroclubparana.org.ar\/web\/index.php\/author\/aeroclubparana\/\"}]}<\/script>\n<!-- \/ Yoast SEO plugin. -->","yoast_head_json":{"title":"Iniciamos el 2024 con nuevas alas..! - Aeroclub Ciudad de Paran\u00e1","robots":{"index":"index","follow":"follow","max-snippet":"max-snippet:-1","max-image-preview":"max-image-preview:large","max-video-preview":"max-video-preview:-1"},"canonical":"https:\/\/aeroclubparana.org.ar\/web\/index.php\/2024\/01\/04\/iniciamos-el-2024-con-nuevas-alas\/","og_locale":"es_ES","og_type":"article","og_title":"Iniciamos el 2024 con nuevas alas..! - Aeroclub Ciudad de Paran\u00e1","og_description":"Hoy, 03 de Enero, es un d\u00eda hist\u00f3rico para nuestra Instituci\u00f3n. Nos complace compartir con ustedes el profundo sentimiento de gratitud y satisfacci\u00f3n al celebrar el inicio del a\u00f1o 2024 con nuevas alas desplegadas en nuestro querido Aeroclub Ciudad de Paran\u00e1. Es un honor compartir la noticia que, tras un per\u00edodo de dedicaci\u00f3n y esfuerzo [&hellip;]","og_url":"https:\/\/aeroclubparana.org.ar\/web\/index.php\/2024\/01\/04\/iniciamos-el-2024-con-nuevas-alas\/","og_site_name":"Aeroclub Ciudad de Paran\u00e1","article_published_time":"2024-01-04T02:03:29+00:00","article_modified_time":"2024-01-05T20:58:43+00:00","og_image":[{"width":834,"height":830,"url":"https:\/\/aeroclubparana.org.ar\/web\/wp-content\/uploads\/2024\/01\/grupo_2.jpeg","type":"image\/jpeg"}],"author":"Aeroclub Paran\u00e1","twitter_card":"summary_large_image","twitter_misc":{"Escrito por":"Aeroclub Paran\u00e1","Tiempo de lectura":"5 minutos"},"schema":{"@context":"https:\/\/schema.org","@graph":[{"@type":"WebPage","@id":"https:\/\/aeroclubparana.org.ar\/web\/index.php\/2024\/01\/04\/iniciamos-el-2024-con-nuevas-alas\/","url":"https:\/\/aeroclubparana.org.ar\/web\/index.php\/2024\/01\/04\/iniciamos-el-2024-con-nuevas-alas\/","name":"Iniciamos el 2024 con nuevas alas..! - Aeroclub Ciudad de Paran\u00e1","isPartOf":{"@id":"https:\/\/aeroclubparana.org.ar\/web\/#website"},"primaryImageOfPage":{"@id":"https:\/\/aeroclubparana.org.ar\/web\/index.php\/2024\/01\/04\/iniciamos-el-2024-con-nuevas-alas\/#primaryimage"},"image":{"@id":"https:\/\/aeroclubparana.org.ar\/web\/index.php\/2024\/01\/04\/iniciamos-el-2024-con-nuevas-alas\/#primaryimage"},"thumbnailUrl":"https:\/\/aeroclubparana.org.ar\/web\/wp-content\/uploads\/2024\/01\/grupo_2.jpeg","datePublished":"2024-01-04T02:03:29+00:00","dateModified":"2024-01-05T20:58:43+00:00","author":{"@id":"https:\/\/aeroclubparana.org.ar\/web\/#\/schema\/person\/30f08c2720d348886b3c95c716eda4ee"},"breadcrumb":{"@id":"https:\/\/aeroclubparana.org.ar\/web\/index.php\/2024\/01\/04\/iniciamos-el-2024-con-nuevas-alas\/#breadcrumb"},"inLanguage":"es","potentialAction":[{"@type":"ReadAction","target":["https:\/\/aeroclubparana.org.ar\/web\/index.php\/2024\/01\/04\/iniciamos-el-2024-con-nuevas-alas\/"]}]},{"@type":"ImageObject","inLanguage":"es","@id":"https:\/\/aeroclubparana.org.ar\/web\/index.php\/2024\/01\/04\/iniciamos-el-2024-con-nuevas-alas\/#primaryimage","url":"https:\/\/aeroclubparana.org.ar\/web\/wp-content\/uploads\/2024\/01\/grupo_2.jpeg","contentUrl":"https:\/\/aeroclubparana.org.ar\/web\/wp-content\/uploads\/2024\/01\/grupo_2.jpeg","width":834,"height":830},{"@type":"BreadcrumbList","@id":"https:\/\/aeroclubparana.org.ar\/web\/index.php\/2024\/01\/04\/iniciamos-el-2024-con-nuevas-alas\/#breadcrumb","itemListElement":[{"@type":"ListItem","position":1,"name":"Home","item":"https:\/\/aeroclubparana.org.ar\/web\/"},{"@type":"ListItem","position":2,"name":"Iniciamos el 2024 con nuevas alas..!"}]},{"@type":"WebSite","@id":"https:\/\/aeroclubparana.org.ar\/web\/#website","url":"https:\/\/aeroclubparana.org.ar\/web\/","name":"Aeroclub Ciudad de Paran\u00e1","description":"","potentialAction":[{"@type":"SearchAction","target":{"@type":"EntryPoint","urlTemplate":"https:\/\/aeroclubparana.org.ar\/web\/?s={search_term_string}"},"query-input":"required name=search_term_string"}],"inLanguage":"es"},{"@type":"Person","@id":"https:\/\/aeroclubparana.org.ar\/web\/#\/schema\/person\/30f08c2720d348886b3c95c716eda4ee","name":"Aeroclub Paran\u00e1","image":{"@type":"ImageObject","inLanguage":"es","@id":"https:\/\/aeroclubparana.org.ar\/web\/#\/schema\/person\/image\/","url":"https:\/\/secure.gravatar.com\/avatar\/bf5974e327a751bee34ee94520c70420?s=96&d=mm&r=g","contentUrl":"https:\/\/secure.gravatar.com\/avatar\/bf5974e327a751bee34ee94520c70420?s=96&d=mm&r=g","caption":"Aeroclub Paran\u00e1"},"url":"https:\/\/aeroclubparana.org.ar\/web\/index.php\/author\/aeroclubparana\/"}]}},"_links":{"self":[{"href":"https:\/\/aeroclubparana.org.ar\/web\/index.php\/wp-json\/wp\/v2\/posts\/1555","targetHints":{"allow":["GET"]}}],"collection":[{"href":"https:\/\/aeroclubparana.org.ar\/web\/index.php\/wp-json\/wp\/v2\/posts"}],"about":[{"href":"https:\/\/aeroclubparana.org.ar\/web\/index.php\/wp-json\/wp\/v2\/types\/post"}],"author":[{"embeddable":true,"href":"https:\/\/aeroclubparana.org.ar\/web\/index.php\/wp-json\/wp\/v2\/users\/2"}],"replies":[{"embeddable":true,"href":"https:\/\/aeroclubparana.org.ar\/web\/index.php\/wp-json\/wp\/v2\/comments?post=1555"}],"version-history":[{"count":6,"href":"https:\/\/aeroclubparana.org.ar\/web\/index.php\/wp-json\/wp\/v2\/posts\/1555\/revisions"}],"predecessor-version":[{"id":1574,"href":"https:\/\/aeroclubparana.org.ar\/web\/index.php\/wp-json\/wp\/v2\/posts\/1555\/revisions\/1574"}],"wp:featuredmedia":[{"embeddable":true,"href":"https:\/\/aeroclubparana.org.ar\/web\/index.php\/wp-json\/wp\/v2\/media\/1565"}],"wp:attachment":[{"href":"https:\/\/aeroclubparana.org.ar\/web\/index.php\/wp-json\/wp\/v2\/media?parent=1555"}],"wp:term":[{"taxonomy":"category","embeddable":true,"href":"https:\/\/aeroclubparana.org.ar\/web\/index.php\/wp-json\/wp\/v2\/categories?post=1555"},{"taxonomy":"post_tag","embeddable":true,"href":"https:\/\/aeroclubparana.org.ar\/web\/index.php\/wp-json\/wp\/v2\/tags?post=1555"}],"curies":[{"name":"wp","href":"https:\/\/api.w.org\/{rel}","templated":true}]}}