{"id":151,"date":"2020-08-10T18:24:14","date_gmt":"2020-08-10T18:24:14","guid":{"rendered":"https:\/\/aeroclubparana.org.ar\/web\/?p=151"},"modified":"2020-08-10T18:36:19","modified_gmt":"2020-08-10T18:36:19","slug":"compartimos-y-adherimos-al-recordatorio-de-un-amigo","status":"publish","type":"post","link":"https:\/\/aeroclubparana.org.ar\/web\/index.php\/2020\/08\/10\/compartimos-y-adherimos-al-recordatorio-de-un-amigo\/","title":{"rendered":"Compartimos y adherimos al recordatorio de un amigo&#8230;"},"content":{"rendered":"\n<p>A los amigos de la Aviaci\u00f3n General.<\/p>\n\n\n\n<p>La Comisi\u00f3n Directiva de la E.A.A. Cap\u00edtulo 1339 \u00abR\u00edo Paran\u00e1\u00bb comunica el inesperado fallecimiento de Edgardo Moreno, Socio Fundador de nuestra Instituci\u00f3n. Su actividad en la aviacion se remonta a 40 a\u00f1os participando del Club de Planeadores Paran\u00e1 donde realiza el curso de piloto e integr\u00f3 en reiteradas ocasiones, la Comisi\u00f3n Directiva. Junto a un numeroso grupo de entusiastas fundan la Asociacion de Aeronaves Experimentales filial 1339 Rio Paran\u00e1. Lleva ese nombre debido a que se conform\u00f3 con aerodeportistas de las dos orillas de nuestro Rio. Santa Fe y Paran\u00e1.<br>Desde siempre se desempe\u00f1\u00f3 como Secretario, desarrollando su tarea con idoneidad y compromiso institucional. Fu\u00e9 integrante de tres equipos de construcci\u00f3n experimental. Su temprano fallecimiento deja su \u00faltimo proyecto. Un avi\u00f3n PIETENPOL, y un sue\u00f1o inconcluso.<\/p>\n\n\n\n<p>Que el Creador lo tenga en la gloria y le de alas para volar mas alto<\/p>\n","protected":false},"excerpt":{"rendered":"<p>A los amigos de la Aviaci\u00f3n General. La Comisi\u00f3n Directiva de la E.A.A. Cap\u00edtulo 1339 \u00abR\u00edo Paran\u00e1\u00bb comunica el inesperado fallecimiento de Edgardo Moreno, Socio Fundador de nuestra Instituci\u00f3n. Su actividad en la aviacion se remonta a 40 a\u00f1os participando del Club de Planeadores Paran\u00e1 donde realiza el curso de piloto e integr\u00f3 en reiteradas [&hellip;]<\/p>\n","protected":false},"author":2,"featured_media":157,"comment_status":"open","ping_status":"open","sticky":false,"template":"","format":"standard","meta":{"_et_pb_use_builder":"","_et_pb_old_content":"","_et_gb_content_width":"","footnotes":""},"categories":[1],"tags":[],"class_list":["post-151","post","type-post","status-publish","format-standard","has-post-thumbnail","hentry","category-uncategorized","et-has-post-format-content","et_post_format-et-post-format-standard"],"yoast_head":"<!-- This site is optimized with the Yoast SEO plugin v22.8 - https:\/\/yoast.com\/wordpress\/plugins\/seo\/ -->\n<title>Compartimos y adherimos al recordatorio de un amigo... - Aeroclub Ciudad de Paran\u00e1<\/title>\n<meta name=\"robots\" content=\"index, follow, max-snippet:-1, max-image-preview:large, max-video-preview:-1\" \/>\n<link rel=\"canonical\" href=\"https:\/\/aeroclubparana.org.ar\/web\/index.php\/2020\/08\/10\/compartimos-y-adherimos-al-recordatorio-de-un-amigo\/\" \/>\n<meta property=\"og:locale\" content=\"es_ES\" \/>\n<meta property=\"og:type\" content=\"article\" \/>\n<meta property=\"og:title\" content=\"Compartimos y adherimos al recordatorio de un amigo... - Aeroclub Ciudad de Paran\u00e1\" \/>\n<meta property=\"og:description\" content=\"A los amigos de la Aviaci\u00f3n General. La Comisi\u00f3n Directiva de la E.A.A. Cap\u00edtulo 1339 \u00abR\u00edo Paran\u00e1\u00bb comunica el inesperado fallecimiento de Edgardo Moreno, Socio Fundador de nuestra Instituci\u00f3n. Su actividad en la aviacion se remonta a 40 a\u00f1os participando del Club de Planeadores Paran\u00e1 donde realiza el curso de piloto e integr\u00f3 en reiteradas [&hellip;]\" \/>\n<meta property=\"og:url\" content=\"https:\/\/aeroclubparana.org.ar\/web\/index.php\/2020\/08\/10\/compartimos-y-adherimos-al-recordatorio-de-un-amigo\/\" \/>\n<meta property=\"og:site_name\" content=\"Aeroclub Ciudad de Paran\u00e1\" \/>\n<meta property=\"article:published_time\" content=\"2020-08-10T18:24:14+00:00\" \/>\n<meta property=\"article:modified_time\" content=\"2020-08-10T18:36:19+00:00\" \/>\n<meta property=\"og:image\" content=\"https:\/\/aeroclubparana.org.ar\/web\/wp-content\/uploads\/2020\/08\/edgardo_moreno_1.jpg\" \/>\n\t<meta property=\"og:image:width\" content=\"721\" \/>\n\t<meta property=\"og:image:height\" content=\"595\" \/>\n\t<meta property=\"og:image:type\" content=\"image\/jpeg\" \/>\n<meta name=\"author\" content=\"Aeroclub Paran\u00e1\" \/>\n<meta name=\"twitter:card\" content=\"summary_large_image\" \/>\n<meta name=\"twitter:label1\" content=\"Escrito por\" \/>\n\t<meta name=\"twitter:data1\" content=\"Aeroclub Paran\u00e1\" \/>\n\t<meta name=\"twitter:label2\" content=\"Tiempo de lectura\" \/>\n\t<meta name=\"twitter:data2\" content=\"1 minuto\" \/>\n<script type=\"application\/ld+json\" class=\"yoast-schema-graph\">{\"@context\":\"https:\/\/schema.org\",\"@graph\":[{\"@type\":\"WebPage\",\"@id\":\"https:\/\/aeroclubparana.org.ar\/web\/index.php\/2020\/08\/10\/compartimos-y-adherimos-al-recordatorio-de-un-amigo\/\",\"url\":\"https:\/\/aeroclubparana.org.ar\/web\/index.php\/2020\/08\/10\/compartimos-y-adherimos-al-recordatorio-de-un-amigo\/\",\"name\":\"Compartimos y adherimos al recordatorio de un amigo... - Aeroclub Ciudad de Paran\u00e1\",\"isPartOf\":{\"@id\":\"https:\/\/aeroclubparana.org.ar\/web\/#website\"},\"primaryImageOfPage\":{\"@id\":\"https:\/\/aeroclubparana.org.ar\/web\/index.php\/2020\/08\/10\/compartimos-y-adherimos-al-recordatorio-de-un-amigo\/#primaryimage\"},\"image\":{\"@id\":\"https:\/\/aeroclubparana.org.ar\/web\/index.php\/2020\/08\/10\/compartimos-y-adherimos-al-recordatorio-de-un-amigo\/#primaryimage\"},\"thumbnailUrl\":\"https:\/\/aeroclubparana.org.ar\/web\/wp-content\/uploads\/2020\/08\/edgardo_moreno_1.jpg\",\"datePublished\":\"2020-08-10T18:24:14+00:00\",\"dateModified\":\"2020-08-10T18:36:19+00:00\",\"author\":{\"@id\":\"https:\/\/aeroclubparana.org.ar\/web\/#\/schema\/person\/30f08c2720d348886b3c95c716eda4ee\"},\"breadcrumb\":{\"@id\":\"https:\/\/aeroclubparana.org.ar\/web\/index.php\/2020\/08\/10\/compartimos-y-adherimos-al-recordatorio-de-un-amigo\/#breadcrumb\"},\"inLanguage\":\"es\",\"potentialAction\":[{\"@type\":\"ReadAction\",\"target\":[\"https:\/\/aeroclubparana.org.ar\/web\/index.php\/2020\/08\/10\/compartimos-y-adherimos-al-recordatorio-de-un-amigo\/\"]}]},{\"@type\":\"ImageObject\",\"inLanguage\":\"es\",\"@id\":\"https:\/\/aeroclubparana.org.ar\/web\/index.php\/2020\/08\/10\/compartimos-y-adherimos-al-recordatorio-de-un-amigo\/#primaryimage\",\"url\":\"https:\/\/aeroclubparana.org.ar\/web\/wp-content\/uploads\/2020\/08\/edgardo_moreno_1.jpg\",\"contentUrl\":\"https:\/\/aeroclubparana.org.ar\/web\/wp-content\/uploads\/2020\/08\/edgardo_moreno_1.jpg\",\"width\":721,\"height\":595},{\"@type\":\"BreadcrumbList\",\"@id\":\"https:\/\/aeroclubparana.org.ar\/web\/index.php\/2020\/08\/10\/compartimos-y-adherimos-al-recordatorio-de-un-amigo\/#breadcrumb\",\"itemListElement\":[{\"@type\":\"ListItem\",\"position\":1,\"name\":\"Home\",\"item\":\"https:\/\/aeroclubparana.org.ar\/web\/\"},{\"@type\":\"ListItem\",\"position\":2,\"name\":\"Compartimos y adherimos al recordatorio de un amigo&#8230;\"}]},{\"@type\":\"WebSite\",\"@id\":\"https:\/\/aeroclubparana.org.ar\/web\/#website\",\"url\":\"https:\/\/aeroclubparana.org.ar\/web\/\",\"name\":\"Aeroclub Ciudad de Paran\u00e1\",\"description\":\"\",\"potentialAction\":[{\"@type\":\"SearchAction\",\"target\":{\"@type\":\"EntryPoint\",\"urlTemplate\":\"https:\/\/aeroclubparana.org.ar\/web\/?s={search_term_string}\"},\"query-input\":\"required name=search_term_string\"}],\"inLanguage\":\"es\"},{\"@type\":\"Person\",\"@id\":\"https:\/\/aeroclubparana.org.ar\/web\/#\/schema\/person\/30f08c2720d348886b3c95c716eda4ee\",\"name\":\"Aeroclub Paran\u00e1\",\"image\":{\"@type\":\"ImageObject\",\"inLanguage\":\"es\",\"@id\":\"https:\/\/aeroclubparana.org.ar\/web\/#\/schema\/person\/image\/\",\"url\":\"https:\/\/secure.gravatar.com\/avatar\/bf5974e327a751bee34ee94520c70420?s=96&d=mm&r=g\",\"contentUrl\":\"https:\/\/secure.gravatar.com\/avatar\/bf5974e327a751bee34ee94520c70420?s=96&d=mm&r=g\",\"caption\":\"Aeroclub Paran\u00e1\"},\"url\":\"https:\/\/aeroclubparana.org.ar\/web\/index.php\/author\/aeroclubparana\/\"}]}<\/script>\n<!-- \/ Yoast SEO plugin. -->","yoast_head_json":{"title":"Compartimos y adherimos al recordatorio de un amigo... - Aeroclub Ciudad de Paran\u00e1","robots":{"index":"index","follow":"follow","max-snippet":"max-snippet:-1","max-image-preview":"max-image-preview:large","max-video-preview":"max-video-preview:-1"},"canonical":"https:\/\/aeroclubparana.org.ar\/web\/index.php\/2020\/08\/10\/compartimos-y-adherimos-al-recordatorio-de-un-amigo\/","og_locale":"es_ES","og_type":"article","og_title":"Compartimos y adherimos al recordatorio de un amigo... - Aeroclub Ciudad de Paran\u00e1","og_description":"A los amigos de la Aviaci\u00f3n General. La Comisi\u00f3n Directiva de la E.A.A. Cap\u00edtulo 1339 \u00abR\u00edo Paran\u00e1\u00bb comunica el inesperado fallecimiento de Edgardo Moreno, Socio Fundador de nuestra Instituci\u00f3n. Su actividad en la aviacion se remonta a 40 a\u00f1os participando del Club de Planeadores Paran\u00e1 donde realiza el curso de piloto e integr\u00f3 en reiteradas [&hellip;]","og_url":"https:\/\/aeroclubparana.org.ar\/web\/index.php\/2020\/08\/10\/compartimos-y-adherimos-al-recordatorio-de-un-amigo\/","og_site_name":"Aeroclub Ciudad de Paran\u00e1","article_published_time":"2020-08-10T18:24:14+00:00","article_modified_time":"2020-08-10T18:36:19+00:00","og_image":[{"width":721,"height":595,"url":"https:\/\/aeroclubparana.org.ar\/web\/wp-content\/uploads\/2020\/08\/edgardo_moreno_1.jpg","type":"image\/jpeg"}],"author":"Aeroclub Paran\u00e1","twitter_card":"summary_large_image","twitter_misc":{"Escrito por":"Aeroclub Paran\u00e1","Tiempo de lectura":"1 minuto"},"schema":{"@context":"https:\/\/schema.org","@graph":[{"@type":"WebPage","@id":"https:\/\/aeroclubparana.org.ar\/web\/index.php\/2020\/08\/10\/compartimos-y-adherimos-al-recordatorio-de-un-amigo\/","url":"https:\/\/aeroclubparana.org.ar\/web\/index.php\/2020\/08\/10\/compartimos-y-adherimos-al-recordatorio-de-un-amigo\/","name":"Compartimos y adherimos al recordatorio de un amigo... - Aeroclub Ciudad de Paran\u00e1","isPartOf":{"@id":"https:\/\/aeroclubparana.org.ar\/web\/#website"},"primaryImageOfPage":{"@id":"https:\/\/aeroclubparana.org.ar\/web\/index.php\/2020\/08\/10\/compartimos-y-adherimos-al-recordatorio-de-un-amigo\/#primaryimage"},"image":{"@id":"https:\/\/aeroclubparana.org.ar\/web\/index.php\/2020\/08\/10\/compartimos-y-adherimos-al-recordatorio-de-un-amigo\/#primaryimage"},"thumbnailUrl":"https:\/\/aeroclubparana.org.ar\/web\/wp-content\/uploads\/2020\/08\/edgardo_moreno_1.jpg","datePublished":"2020-08-10T18:24:14+00:00","dateModified":"2020-08-10T18:36:19+00:00","author":{"@id":"https:\/\/aeroclubparana.org.ar\/web\/#\/schema\/person\/30f08c2720d348886b3c95c716eda4ee"},"breadcrumb":{"@id":"https:\/\/aeroclubparana.org.ar\/web\/index.php\/2020\/08\/10\/compartimos-y-adherimos-al-recordatorio-de-un-amigo\/#breadcrumb"},"inLanguage":"es","potentialAction":[{"@type":"ReadAction","target":["https:\/\/aeroclubparana.org.ar\/web\/index.php\/2020\/08\/10\/compartimos-y-adherimos-al-recordatorio-de-un-amigo\/"]}]},{"@type":"ImageObject","inLanguage":"es","@id":"https:\/\/aeroclubparana.org.ar\/web\/index.php\/2020\/08\/10\/compartimos-y-adherimos-al-recordatorio-de-un-amigo\/#primaryimage","url":"https:\/\/aeroclubparana.org.ar\/web\/wp-content\/uploads\/2020\/08\/edgardo_moreno_1.jpg","contentUrl":"https:\/\/aeroclubparana.org.ar\/web\/wp-content\/uploads\/2020\/08\/edgardo_moreno_1.jpg","width":721,"height":595},{"@type":"BreadcrumbList","@id":"https:\/\/aeroclubparana.org.ar\/web\/index.php\/2020\/08\/10\/compartimos-y-adherimos-al-recordatorio-de-un-amigo\/#breadcrumb","itemListElement":[{"@type":"ListItem","position":1,"name":"Home","item":"https:\/\/aeroclubparana.org.ar\/web\/"},{"@type":"ListItem","position":2,"name":"Compartimos y adherimos al recordatorio de un amigo&#8230;"}]},{"@type":"WebSite","@id":"https:\/\/aeroclubparana.org.ar\/web\/#website","url":"https:\/\/aeroclubparana.org.ar\/web\/","name":"Aeroclub Ciudad de Paran\u00e1","description":"","potentialAction":[{"@type":"SearchAction","target":{"@type":"EntryPoint","urlTemplate":"https:\/\/aeroclubparana.org.ar\/web\/?s={search_term_string}"},"query-input":"required name=search_term_string"}],"inLanguage":"es"},{"@type":"Person","@id":"https:\/\/aeroclubparana.org.ar\/web\/#\/schema\/person\/30f08c2720d348886b3c95c716eda4ee","name":"Aeroclub Paran\u00e1","image":{"@type":"ImageObject","inLanguage":"es","@id":"https:\/\/aeroclubparana.org.ar\/web\/#\/schema\/person\/image\/","url":"https:\/\/secure.gravatar.com\/avatar\/bf5974e327a751bee34ee94520c70420?s=96&d=mm&r=g","contentUrl":"https:\/\/secure.gravatar.com\/avatar\/bf5974e327a751bee34ee94520c70420?s=96&d=mm&r=g","caption":"Aeroclub Paran\u00e1"},"url":"https:\/\/aeroclubparana.org.ar\/web\/index.php\/author\/aeroclubparana\/"}]}},"_links":{"self":[{"href":"https:\/\/aeroclubparana.org.ar\/web\/index.php\/wp-json\/wp\/v2\/posts\/151","targetHints":{"allow":["GET"]}}],"collection":[{"href":"https:\/\/aeroclubparana.org.ar\/web\/index.php\/wp-json\/wp\/v2\/posts"}],"about":[{"href":"https:\/\/aeroclubparana.org.ar\/web\/index.php\/wp-json\/wp\/v2\/types\/post"}],"author":[{"embeddable":true,"href":"https:\/\/aeroclubparana.org.ar\/web\/index.php\/wp-json\/wp\/v2\/users\/2"}],"replies":[{"embeddable":true,"href":"https:\/\/aeroclubparana.org.ar\/web\/index.php\/wp-json\/wp\/v2\/comments?post=151"}],"version-history":[{"count":2,"href":"https:\/\/aeroclubparana.org.ar\/web\/index.php\/wp-json\/wp\/v2\/posts\/151\/revisions"}],"predecessor-version":[{"id":154,"href":"https:\/\/aeroclubparana.org.ar\/web\/index.php\/wp-json\/wp\/v2\/posts\/151\/revisions\/154"}],"wp:featuredmedia":[{"embeddable":true,"href":"https:\/\/aeroclubparana.org.ar\/web\/index.php\/wp-json\/wp\/v2\/media\/157"}],"wp:attachment":[{"href":"https:\/\/aeroclubparana.org.ar\/web\/index.php\/wp-json\/wp\/v2\/media?parent=151"}],"wp:term":[{"taxonomy":"category","embeddable":true,"href":"https:\/\/aeroclubparana.org.ar\/web\/index.php\/wp-json\/wp\/v2\/categories?post=151"},{"taxonomy":"post_tag","embeddable":true,"href":"https:\/\/aeroclubparana.org.ar\/web\/index.php\/wp-json\/wp\/v2\/tags?post=151"}],"curies":[{"name":"wp","href":"https:\/\/api.w.org\/{rel}","templated":true}]}}