{"id":1395,"date":"2023-04-04T01:36:35","date_gmt":"2023-04-04T01:36:35","guid":{"rendered":"https:\/\/aeroclubparana.org.ar\/web\/?p=1395"},"modified":"2023-04-04T01:43:33","modified_gmt":"2023-04-04T01:43:33","slug":"aeromodelistas-de-nuestro-club-en-san-justo-vuela-2023","status":"publish","type":"post","link":"https:\/\/aeroclubparana.org.ar\/web\/index.php\/2023\/04\/04\/aeromodelistas-de-nuestro-club-en-san-justo-vuela-2023\/","title":{"rendered":"Aeromodelistas de nuestro Club, en San Justo Vuela 2023."},"content":{"rendered":"\n<p class=\"has-black-color has-text-color\">Fabi\u00e1n Figueroa y Sergio Pugliese, aeromodelistas de nuestro Aeroclub, estuvieron presentes en el tradicional encuentro de aeromodelismo \u00abSan Justo Vuela\u00bb llevado a cabo en la ciudad hom\u00f3nima, provincia de Santa F\u00e9, durante los d\u00edas 30 de Marzo,1 y 2 de Abril. En esta edici\u00f3n se pudo apreciar gran variedad de aeromodelos predominando los acrob\u00e1ticos en la disciplina del vuelo 3D.<br>El predio perfectamente acondicionado, incluy\u00f3 numerosos puestos de artesan\u00edas, y otros de venta de repuestos, insumos y materiales de construcci\u00f3n de aeromodelos.<br>Menci\u00f3n especial para el grupo de FPV (first person view) que realizaron vuelos de hasta 60 km de distancia con modelos equipados con c\u00e1maras, las cuales transmit\u00edan en tiempo real las im\u00e1genes que se pod\u00edan ver en un TV 40\u00bb instalado para el publico.<br>Durante el atardecer del S\u00e1bado se observ\u00f3 un show de vuelo coreogr\u00e1fico a d\u00fao, entre Benja Stegmayer y Fede Ceresetto acompa\u00f1ado de m\u00fasica y bombas de humo multicolor.<br>Para finalizar el s\u00e1bado se realiz\u00f3 la tradicional cena de camarader\u00eda con entrega de premios y menciones. Luego a la media noche se realiz\u00f3 un \u00faltimo vuelo nocturno con m\u00fasica luces y fuegos artificiales ejecutado por el piloto, Fede Ceresetto. Ambas presentaciones motivaron un sostenido aplauso del p\u00fablico ya que el despliegue fue impresionante. (<em>Reporte y fotos: Fabi\u00e1n Figueroa y Sergio Pugliese<\/em>)<\/p>\n\n\n\n<figure class=\"wp-block-gallery has-nested-images columns-default is-cropped wp-block-gallery-1 is-layout-flex wp-block-gallery-is-layout-flex\">\n<figure class=\"wp-block-image size-large\"><a href=\"https:\/\/aeroclubparana.org.ar\/web\/wp-content\/uploads\/2023\/04\/sj_2.jpeg\"><img loading=\"lazy\" decoding=\"async\" width=\"1024\" height=\"680\" data-id=\"1396\" src=\"https:\/\/aeroclubparana.org.ar\/web\/wp-content\/uploads\/2023\/04\/sj_2-1024x680.jpeg\" alt=\"\" class=\"wp-image-1396\" srcset=\"https:\/\/aeroclubparana.org.ar\/web\/wp-content\/uploads\/2023\/04\/sj_2-1024x680.jpeg 1024w, https:\/\/aeroclubparana.org.ar\/web\/wp-content\/uploads\/2023\/04\/sj_2-300x199.jpeg 300w, https:\/\/aeroclubparana.org.ar\/web\/wp-content\/uploads\/2023\/04\/sj_2-768x510.jpeg 768w, https:\/\/aeroclubparana.org.ar\/web\/wp-content\/uploads\/2023\/04\/sj_2.jpeg 1080w\" sizes=\"auto, (max-width: 1024px) 100vw, 1024px\" \/><\/a><\/figure>\n\n\n\n<figure class=\"wp-block-image size-large\"><a href=\"https:\/\/aeroclubparana.org.ar\/web\/wp-content\/uploads\/2023\/04\/sj_3.jpeg\"><img loading=\"lazy\" decoding=\"async\" width=\"1024\" height=\"680\" data-id=\"1400\" src=\"https:\/\/aeroclubparana.org.ar\/web\/wp-content\/uploads\/2023\/04\/sj_3-1024x680.jpeg\" alt=\"\" class=\"wp-image-1400\" srcset=\"https:\/\/aeroclubparana.org.ar\/web\/wp-content\/uploads\/2023\/04\/sj_3-1024x680.jpeg 1024w, https:\/\/aeroclubparana.org.ar\/web\/wp-content\/uploads\/2023\/04\/sj_3-300x199.jpeg 300w, https:\/\/aeroclubparana.org.ar\/web\/wp-content\/uploads\/2023\/04\/sj_3-768x510.jpeg 768w, https:\/\/aeroclubparana.org.ar\/web\/wp-content\/uploads\/2023\/04\/sj_3.jpeg 1080w\" sizes=\"auto, (max-width: 1024px) 100vw, 1024px\" \/><\/a><\/figure>\n\n\n\n<figure class=\"wp-block-image size-large\"><a href=\"https:\/\/aeroclubparana.org.ar\/web\/wp-content\/uploads\/2023\/04\/sj_4.jpeg\"><img loading=\"lazy\" decoding=\"async\" width=\"1024\" height=\"680\" data-id=\"1404\" src=\"https:\/\/aeroclubparana.org.ar\/web\/wp-content\/uploads\/2023\/04\/sj_4-1024x680.jpeg\" alt=\"\" class=\"wp-image-1404\" srcset=\"https:\/\/aeroclubparana.org.ar\/web\/wp-content\/uploads\/2023\/04\/sj_4-1024x680.jpeg 1024w, https:\/\/aeroclubparana.org.ar\/web\/wp-content\/uploads\/2023\/04\/sj_4-300x199.jpeg 300w, https:\/\/aeroclubparana.org.ar\/web\/wp-content\/uploads\/2023\/04\/sj_4-768x510.jpeg 768w, https:\/\/aeroclubparana.org.ar\/web\/wp-content\/uploads\/2023\/04\/sj_4.jpeg 1080w\" sizes=\"auto, (max-width: 1024px) 100vw, 1024px\" \/><\/a><\/figure>\n\n\n\n<figure class=\"wp-block-image size-large\"><a href=\"https:\/\/aeroclubparana.org.ar\/web\/wp-content\/uploads\/2023\/04\/sj_5.jpeg\"><img loading=\"lazy\" decoding=\"async\" width=\"1024\" height=\"680\" data-id=\"1406\" src=\"https:\/\/aeroclubparana.org.ar\/web\/wp-content\/uploads\/2023\/04\/sj_5-1024x680.jpeg\" alt=\"\" class=\"wp-image-1406\" srcset=\"https:\/\/aeroclubparana.org.ar\/web\/wp-content\/uploads\/2023\/04\/sj_5-1024x680.jpeg 1024w, https:\/\/aeroclubparana.org.ar\/web\/wp-content\/uploads\/2023\/04\/sj_5-300x199.jpeg 300w, https:\/\/aeroclubparana.org.ar\/web\/wp-content\/uploads\/2023\/04\/sj_5-768x510.jpeg 768w, https:\/\/aeroclubparana.org.ar\/web\/wp-content\/uploads\/2023\/04\/sj_5.jpeg 1080w\" sizes=\"auto, (max-width: 1024px) 100vw, 1024px\" \/><\/a><\/figure>\n\n\n\n<figure class=\"wp-block-image size-large\"><a href=\"https:\/\/aeroclubparana.org.ar\/web\/wp-content\/uploads\/2023\/04\/sj_6.jpeg\"><img loading=\"lazy\" decoding=\"async\" width=\"1024\" height=\"680\" data-id=\"1407\" src=\"https:\/\/aeroclubparana.org.ar\/web\/wp-content\/uploads\/2023\/04\/sj_6-1024x680.jpeg\" alt=\"\" class=\"wp-image-1407\" srcset=\"https:\/\/aeroclubparana.org.ar\/web\/wp-content\/uploads\/2023\/04\/sj_6-1024x680.jpeg 1024w, https:\/\/aeroclubparana.org.ar\/web\/wp-content\/uploads\/2023\/04\/sj_6-300x199.jpeg 300w, https:\/\/aeroclubparana.org.ar\/web\/wp-content\/uploads\/2023\/04\/sj_6-768x510.jpeg 768w, https:\/\/aeroclubparana.org.ar\/web\/wp-content\/uploads\/2023\/04\/sj_6.jpeg 1080w\" sizes=\"auto, (max-width: 1024px) 100vw, 1024px\" \/><\/a><\/figure>\n\n\n\n<figure class=\"wp-block-image size-large\"><a href=\"https:\/\/aeroclubparana.org.ar\/web\/wp-content\/uploads\/2023\/04\/sj_7.jpeg\"><img loading=\"lazy\" decoding=\"async\" width=\"1024\" height=\"680\" data-id=\"1410\" src=\"https:\/\/aeroclubparana.org.ar\/web\/wp-content\/uploads\/2023\/04\/sj_7-1024x680.jpeg\" alt=\"\" class=\"wp-image-1410\" srcset=\"https:\/\/aeroclubparana.org.ar\/web\/wp-content\/uploads\/2023\/04\/sj_7-1024x680.jpeg 1024w, https:\/\/aeroclubparana.org.ar\/web\/wp-content\/uploads\/2023\/04\/sj_7-300x199.jpeg 300w, https:\/\/aeroclubparana.org.ar\/web\/wp-content\/uploads\/2023\/04\/sj_7-768x510.jpeg 768w, https:\/\/aeroclubparana.org.ar\/web\/wp-content\/uploads\/2023\/04\/sj_7.jpeg 1080w\" sizes=\"auto, (max-width: 1024px) 100vw, 1024px\" \/><\/a><\/figure>\n\n\n\n<figure class=\"wp-block-image size-large\"><a href=\"https:\/\/aeroclubparana.org.ar\/web\/wp-content\/uploads\/2023\/04\/sj_8.jpeg\"><img loading=\"lazy\" decoding=\"async\" width=\"1024\" height=\"680\" data-id=\"1408\" src=\"https:\/\/aeroclubparana.org.ar\/web\/wp-content\/uploads\/2023\/04\/sj_8-1024x680.jpeg\" alt=\"\" class=\"wp-image-1408\" srcset=\"https:\/\/aeroclubparana.org.ar\/web\/wp-content\/uploads\/2023\/04\/sj_8-1024x680.jpeg 1024w, https:\/\/aeroclubparana.org.ar\/web\/wp-content\/uploads\/2023\/04\/sj_8-300x199.jpeg 300w, https:\/\/aeroclubparana.org.ar\/web\/wp-content\/uploads\/2023\/04\/sj_8-768x510.jpeg 768w, https:\/\/aeroclubparana.org.ar\/web\/wp-content\/uploads\/2023\/04\/sj_8.jpeg 1080w\" sizes=\"auto, (max-width: 1024px) 100vw, 1024px\" \/><\/a><\/figure>\n\n\n\n<figure class=\"wp-block-image size-large\"><a href=\"https:\/\/aeroclubparana.org.ar\/web\/wp-content\/uploads\/2023\/04\/sj_9.jpeg\"><img loading=\"lazy\" decoding=\"async\" width=\"1024\" height=\"680\" data-id=\"1397\" src=\"https:\/\/aeroclubparana.org.ar\/web\/wp-content\/uploads\/2023\/04\/sj_9-1024x680.jpeg\" alt=\"\" class=\"wp-image-1397\" srcset=\"https:\/\/aeroclubparana.org.ar\/web\/wp-content\/uploads\/2023\/04\/sj_9-1024x680.jpeg 1024w, https:\/\/aeroclubparana.org.ar\/web\/wp-content\/uploads\/2023\/04\/sj_9-300x199.jpeg 300w, https:\/\/aeroclubparana.org.ar\/web\/wp-content\/uploads\/2023\/04\/sj_9-768x510.jpeg 768w, https:\/\/aeroclubparana.org.ar\/web\/wp-content\/uploads\/2023\/04\/sj_9.jpeg 1080w\" sizes=\"auto, (max-width: 1024px) 100vw, 1024px\" \/><\/a><\/figure>\n\n\n\n<figure class=\"wp-block-image size-large\"><a href=\"https:\/\/aeroclubparana.org.ar\/web\/wp-content\/uploads\/2023\/04\/sj_91.jpeg\"><img loading=\"lazy\" decoding=\"async\" width=\"1024\" height=\"680\" data-id=\"1402\" src=\"https:\/\/aeroclubparana.org.ar\/web\/wp-content\/uploads\/2023\/04\/sj_91-1024x680.jpeg\" alt=\"\" class=\"wp-image-1402\" srcset=\"https:\/\/aeroclubparana.org.ar\/web\/wp-content\/uploads\/2023\/04\/sj_91-1024x680.jpeg 1024w, https:\/\/aeroclubparana.org.ar\/web\/wp-content\/uploads\/2023\/04\/sj_91-300x199.jpeg 300w, https:\/\/aeroclubparana.org.ar\/web\/wp-content\/uploads\/2023\/04\/sj_91-768x510.jpeg 768w, https:\/\/aeroclubparana.org.ar\/web\/wp-content\/uploads\/2023\/04\/sj_91.jpeg 1080w\" sizes=\"auto, (max-width: 1024px) 100vw, 1024px\" \/><\/a><\/figure>\n\n\n\n<figure class=\"wp-block-image size-large\"><a href=\"https:\/\/aeroclubparana.org.ar\/web\/wp-content\/uploads\/2023\/04\/sj_92.jpeg\"><img loading=\"lazy\" decoding=\"async\" width=\"1024\" height=\"680\" data-id=\"1398\" src=\"https:\/\/aeroclubparana.org.ar\/web\/wp-content\/uploads\/2023\/04\/sj_92-1024x680.jpeg\" alt=\"\" class=\"wp-image-1398\" srcset=\"https:\/\/aeroclubparana.org.ar\/web\/wp-content\/uploads\/2023\/04\/sj_92-1024x680.jpeg 1024w, https:\/\/aeroclubparana.org.ar\/web\/wp-content\/uploads\/2023\/04\/sj_92-300x199.jpeg 300w, https:\/\/aeroclubparana.org.ar\/web\/wp-content\/uploads\/2023\/04\/sj_92-768x510.jpeg 768w, https:\/\/aeroclubparana.org.ar\/web\/wp-content\/uploads\/2023\/04\/sj_92.jpeg 1080w\" sizes=\"auto, (max-width: 1024px) 100vw, 1024px\" \/><\/a><\/figure>\n\n\n\n<figure class=\"wp-block-image size-large\"><a href=\"https:\/\/aeroclubparana.org.ar\/web\/wp-content\/uploads\/2023\/04\/sj_93.jpeg\"><img loading=\"lazy\" decoding=\"async\" width=\"1024\" height=\"768\" data-id=\"1401\" src=\"https:\/\/aeroclubparana.org.ar\/web\/wp-content\/uploads\/2023\/04\/sj_93-1024x768.jpeg\" alt=\"\" class=\"wp-image-1401\" srcset=\"https:\/\/aeroclubparana.org.ar\/web\/wp-content\/uploads\/2023\/04\/sj_93-1024x768.jpeg 1024w, https:\/\/aeroclubparana.org.ar\/web\/wp-content\/uploads\/2023\/04\/sj_93-300x225.jpeg 300w, https:\/\/aeroclubparana.org.ar\/web\/wp-content\/uploads\/2023\/04\/sj_93-768x576.jpeg 768w, https:\/\/aeroclubparana.org.ar\/web\/wp-content\/uploads\/2023\/04\/sj_93.jpeg 1080w\" sizes=\"auto, (max-width: 1024px) 100vw, 1024px\" \/><\/a><\/figure>\n\n\n\n<figure class=\"wp-block-image size-large\"><a href=\"https:\/\/aeroclubparana.org.ar\/web\/wp-content\/uploads\/2023\/04\/sj_94.jpeg\"><img loading=\"lazy\" decoding=\"async\" width=\"1024\" height=\"680\" data-id=\"1403\" src=\"https:\/\/aeroclubparana.org.ar\/web\/wp-content\/uploads\/2023\/04\/sj_94-1024x680.jpeg\" alt=\"\" class=\"wp-image-1403\" srcset=\"https:\/\/aeroclubparana.org.ar\/web\/wp-content\/uploads\/2023\/04\/sj_94-1024x680.jpeg 1024w, https:\/\/aeroclubparana.org.ar\/web\/wp-content\/uploads\/2023\/04\/sj_94-300x199.jpeg 300w, https:\/\/aeroclubparana.org.ar\/web\/wp-content\/uploads\/2023\/04\/sj_94-768x510.jpeg 768w, https:\/\/aeroclubparana.org.ar\/web\/wp-content\/uploads\/2023\/04\/sj_94.jpeg 1080w\" sizes=\"auto, (max-width: 1024px) 100vw, 1024px\" \/><\/a><\/figure>\n\n\n\n<figure class=\"wp-block-image size-large\"><a href=\"https:\/\/aeroclubparana.org.ar\/web\/wp-content\/uploads\/2023\/04\/sj_95.jpeg\"><img loading=\"lazy\" decoding=\"async\" width=\"1024\" height=\"680\" data-id=\"1411\" src=\"https:\/\/aeroclubparana.org.ar\/web\/wp-content\/uploads\/2023\/04\/sj_95-1024x680.jpeg\" alt=\"\" class=\"wp-image-1411\" srcset=\"https:\/\/aeroclubparana.org.ar\/web\/wp-content\/uploads\/2023\/04\/sj_95-1024x680.jpeg 1024w, https:\/\/aeroclubparana.org.ar\/web\/wp-content\/uploads\/2023\/04\/sj_95-300x199.jpeg 300w, https:\/\/aeroclubparana.org.ar\/web\/wp-content\/uploads\/2023\/04\/sj_95-768x510.jpeg 768w, https:\/\/aeroclubparana.org.ar\/web\/wp-content\/uploads\/2023\/04\/sj_95.jpeg 1080w\" sizes=\"auto, (max-width: 1024px) 100vw, 1024px\" \/><\/a><\/figure>\n\n\n\n<figure class=\"wp-block-image size-large\"><a href=\"https:\/\/aeroclubparana.org.ar\/web\/wp-content\/uploads\/2023\/04\/sj_96.jpeg\"><img loading=\"lazy\" decoding=\"async\" width=\"1024\" height=\"680\" data-id=\"1399\" src=\"https:\/\/aeroclubparana.org.ar\/web\/wp-content\/uploads\/2023\/04\/sj_96-1024x680.jpeg\" alt=\"\" class=\"wp-image-1399\" srcset=\"https:\/\/aeroclubparana.org.ar\/web\/wp-content\/uploads\/2023\/04\/sj_96-1024x680.jpeg 1024w, https:\/\/aeroclubparana.org.ar\/web\/wp-content\/uploads\/2023\/04\/sj_96-300x199.jpeg 300w, https:\/\/aeroclubparana.org.ar\/web\/wp-content\/uploads\/2023\/04\/sj_96-768x510.jpeg 768w, https:\/\/aeroclubparana.org.ar\/web\/wp-content\/uploads\/2023\/04\/sj_96.jpeg 1080w\" sizes=\"auto, (max-width: 1024px) 100vw, 1024px\" \/><\/a><\/figure>\n\n\n\n<figure class=\"wp-block-image size-large\"><a href=\"https:\/\/aeroclubparana.org.ar\/web\/wp-content\/uploads\/2023\/04\/sj_97.jpeg\"><img loading=\"lazy\" decoding=\"async\" width=\"1024\" height=\"680\" data-id=\"1405\" src=\"https:\/\/aeroclubparana.org.ar\/web\/wp-content\/uploads\/2023\/04\/sj_97-1024x680.jpeg\" alt=\"\" class=\"wp-image-1405\" srcset=\"https:\/\/aeroclubparana.org.ar\/web\/wp-content\/uploads\/2023\/04\/sj_97-1024x680.jpeg 1024w, https:\/\/aeroclubparana.org.ar\/web\/wp-content\/uploads\/2023\/04\/sj_97-300x199.jpeg 300w, https:\/\/aeroclubparana.org.ar\/web\/wp-content\/uploads\/2023\/04\/sj_97-768x510.jpeg 768w, https:\/\/aeroclubparana.org.ar\/web\/wp-content\/uploads\/2023\/04\/sj_97.jpeg 1080w\" sizes=\"auto, (max-width: 1024px) 100vw, 1024px\" \/><\/a><\/figure>\n\n\n\n<figure class=\"wp-block-image size-large\"><a href=\"https:\/\/aeroclubparana.org.ar\/web\/wp-content\/uploads\/2023\/04\/sj_98.jpeg\"><img loading=\"lazy\" decoding=\"async\" width=\"1024\" height=\"768\" data-id=\"1409\" src=\"https:\/\/aeroclubparana.org.ar\/web\/wp-content\/uploads\/2023\/04\/sj_98-1024x768.jpeg\" alt=\"\" class=\"wp-image-1409\" srcset=\"https:\/\/aeroclubparana.org.ar\/web\/wp-content\/uploads\/2023\/04\/sj_98-1024x768.jpeg 1024w, https:\/\/aeroclubparana.org.ar\/web\/wp-content\/uploads\/2023\/04\/sj_98-300x225.jpeg 300w, https:\/\/aeroclubparana.org.ar\/web\/wp-content\/uploads\/2023\/04\/sj_98-768x576.jpeg 768w, https:\/\/aeroclubparana.org.ar\/web\/wp-content\/uploads\/2023\/04\/sj_98.jpeg 1080w\" sizes=\"auto, (max-width: 1024px) 100vw, 1024px\" \/><\/a><\/figure>\n\n\n\n<figure class=\"wp-block-image size-large\"><a href=\"https:\/\/aeroclubparana.org.ar\/web\/wp-content\/uploads\/2023\/04\/sj_99.jpeg\"><img loading=\"lazy\" decoding=\"async\" width=\"1024\" height=\"768\" data-id=\"1412\" src=\"https:\/\/aeroclubparana.org.ar\/web\/wp-content\/uploads\/2023\/04\/sj_99-1024x768.jpeg\" alt=\"\" class=\"wp-image-1412\" srcset=\"https:\/\/aeroclubparana.org.ar\/web\/wp-content\/uploads\/2023\/04\/sj_99-1024x768.jpeg 1024w, https:\/\/aeroclubparana.org.ar\/web\/wp-content\/uploads\/2023\/04\/sj_99-300x225.jpeg 300w, https:\/\/aeroclubparana.org.ar\/web\/wp-content\/uploads\/2023\/04\/sj_99-768x576.jpeg 768w, https:\/\/aeroclubparana.org.ar\/web\/wp-content\/uploads\/2023\/04\/sj_99.jpeg 1080w\" sizes=\"auto, (max-width: 1024px) 100vw, 1024px\" \/><\/a><\/figure>\n\n\n\n<figure class=\"wp-block-image size-large\"><a href=\"https:\/\/aeroclubparana.org.ar\/web\/wp-content\/uploads\/2023\/04\/sj_flyer.jpeg\"><img loading=\"lazy\" decoding=\"async\" width=\"730\" height=\"1024\" data-id=\"1413\" src=\"https:\/\/aeroclubparana.org.ar\/web\/wp-content\/uploads\/2023\/04\/sj_flyer-730x1024.jpeg\" alt=\"\" class=\"wp-image-1413\" srcset=\"https:\/\/aeroclubparana.org.ar\/web\/wp-content\/uploads\/2023\/04\/sj_flyer-730x1024.jpeg 730w, https:\/\/aeroclubparana.org.ar\/web\/wp-content\/uploads\/2023\/04\/sj_flyer-214x300.jpeg 214w, https:\/\/aeroclubparana.org.ar\/web\/wp-content\/uploads\/2023\/04\/sj_flyer-768x1077.jpeg 768w, https:\/\/aeroclubparana.org.ar\/web\/wp-content\/uploads\/2023\/04\/sj_flyer.jpeg 1080w\" sizes=\"auto, (max-width: 730px) 100vw, 730px\" \/><\/a><\/figure>\n<\/figure>\n","protected":false},"excerpt":{"rendered":"<p>Fabi\u00e1n Figueroa y Sergio Pugliese, aeromodelistas de nuestro Aeroclub, estuvieron presentes en el tradicional encuentro de aeromodelismo \u00abSan Justo Vuela\u00bb llevado a cabo en la ciudad hom\u00f3nima, provincia de Santa F\u00e9, durante los d\u00edas 30 de Marzo,1 y 2 de Abril. En esta edici\u00f3n se pudo apreciar gran variedad de aeromodelos predominando los acrob\u00e1ticos en [&hellip;]<\/p>\n","protected":false},"author":2,"featured_media":1414,"comment_status":"open","ping_status":"open","sticky":false,"template":"","format":"standard","meta":{"_et_pb_use_builder":"","_et_pb_old_content":"","_et_gb_content_width":"","footnotes":""},"categories":[1],"tags":[],"class_list":["post-1395","post","type-post","status-publish","format-standard","has-post-thumbnail","hentry","category-uncategorized","et-has-post-format-content","et_post_format-et-post-format-standard"],"yoast_head":"<!-- This site is optimized with the Yoast SEO plugin v22.8 - https:\/\/yoast.com\/wordpress\/plugins\/seo\/ -->\n<title>Aeromodelistas de nuestro Club, en San Justo Vuela 2023. - Aeroclub Ciudad de Paran\u00e1<\/title>\n<meta name=\"robots\" content=\"index, follow, max-snippet:-1, max-image-preview:large, max-video-preview:-1\" \/>\n<link rel=\"canonical\" href=\"https:\/\/aeroclubparana.org.ar\/web\/index.php\/2023\/04\/04\/aeromodelistas-de-nuestro-club-en-san-justo-vuela-2023\/\" \/>\n<meta property=\"og:locale\" content=\"es_ES\" \/>\n<meta property=\"og:type\" content=\"article\" \/>\n<meta property=\"og:title\" content=\"Aeromodelistas de nuestro Club, en San Justo Vuela 2023. - Aeroclub Ciudad de Paran\u00e1\" \/>\n<meta property=\"og:description\" content=\"Fabi\u00e1n Figueroa y Sergio Pugliese, aeromodelistas de nuestro Aeroclub, estuvieron presentes en el tradicional encuentro de aeromodelismo \u00abSan Justo Vuela\u00bb llevado a cabo en la ciudad hom\u00f3nima, provincia de Santa F\u00e9, durante los d\u00edas 30 de Marzo,1 y 2 de Abril. En esta edici\u00f3n se pudo apreciar gran variedad de aeromodelos predominando los acrob\u00e1ticos en [&hellip;]\" \/>\n<meta property=\"og:url\" content=\"https:\/\/aeroclubparana.org.ar\/web\/index.php\/2023\/04\/04\/aeromodelistas-de-nuestro-club-en-san-justo-vuela-2023\/\" \/>\n<meta property=\"og:site_name\" content=\"Aeroclub Ciudad de Paran\u00e1\" \/>\n<meta property=\"article:published_time\" content=\"2023-04-04T01:36:35+00:00\" \/>\n<meta property=\"article:modified_time\" content=\"2023-04-04T01:43:33+00:00\" \/>\n<meta property=\"og:image\" content=\"https:\/\/aeroclubparana.org.ar\/web\/wp-content\/uploads\/2023\/04\/sj_1.jpeg\" \/>\n\t<meta property=\"og:image:width\" content=\"1080\" \/>\n\t<meta property=\"og:image:height\" content=\"717\" \/>\n\t<meta property=\"og:image:type\" content=\"image\/jpeg\" \/>\n<meta name=\"author\" content=\"Aeroclub Paran\u00e1\" \/>\n<meta name=\"twitter:card\" content=\"summary_large_image\" \/>\n<meta name=\"twitter:label1\" content=\"Escrito por\" \/>\n\t<meta name=\"twitter:data1\" content=\"Aeroclub Paran\u00e1\" \/>\n\t<meta name=\"twitter:label2\" content=\"Tiempo de lectura\" \/>\n\t<meta name=\"twitter:data2\" content=\"5 minutos\" \/>\n<script type=\"application\/ld+json\" class=\"yoast-schema-graph\">{\"@context\":\"https:\/\/schema.org\",\"@graph\":[{\"@type\":\"WebPage\",\"@id\":\"https:\/\/aeroclubparana.org.ar\/web\/index.php\/2023\/04\/04\/aeromodelistas-de-nuestro-club-en-san-justo-vuela-2023\/\",\"url\":\"https:\/\/aeroclubparana.org.ar\/web\/index.php\/2023\/04\/04\/aeromodelistas-de-nuestro-club-en-san-justo-vuela-2023\/\",\"name\":\"Aeromodelistas de nuestro Club, en San Justo Vuela 2023. - Aeroclub Ciudad de Paran\u00e1\",\"isPartOf\":{\"@id\":\"https:\/\/aeroclubparana.org.ar\/web\/#website\"},\"primaryImageOfPage\":{\"@id\":\"https:\/\/aeroclubparana.org.ar\/web\/index.php\/2023\/04\/04\/aeromodelistas-de-nuestro-club-en-san-justo-vuela-2023\/#primaryimage\"},\"image\":{\"@id\":\"https:\/\/aeroclubparana.org.ar\/web\/index.php\/2023\/04\/04\/aeromodelistas-de-nuestro-club-en-san-justo-vuela-2023\/#primaryimage\"},\"thumbnailUrl\":\"https:\/\/aeroclubparana.org.ar\/web\/wp-content\/uploads\/2023\/04\/sj_1.jpeg\",\"datePublished\":\"2023-04-04T01:36:35+00:00\",\"dateModified\":\"2023-04-04T01:43:33+00:00\",\"author\":{\"@id\":\"https:\/\/aeroclubparana.org.ar\/web\/#\/schema\/person\/30f08c2720d348886b3c95c716eda4ee\"},\"breadcrumb\":{\"@id\":\"https:\/\/aeroclubparana.org.ar\/web\/index.php\/2023\/04\/04\/aeromodelistas-de-nuestro-club-en-san-justo-vuela-2023\/#breadcrumb\"},\"inLanguage\":\"es\",\"potentialAction\":[{\"@type\":\"ReadAction\",\"target\":[\"https:\/\/aeroclubparana.org.ar\/web\/index.php\/2023\/04\/04\/aeromodelistas-de-nuestro-club-en-san-justo-vuela-2023\/\"]}]},{\"@type\":\"ImageObject\",\"inLanguage\":\"es\",\"@id\":\"https:\/\/aeroclubparana.org.ar\/web\/index.php\/2023\/04\/04\/aeromodelistas-de-nuestro-club-en-san-justo-vuela-2023\/#primaryimage\",\"url\":\"https:\/\/aeroclubparana.org.ar\/web\/wp-content\/uploads\/2023\/04\/sj_1.jpeg\",\"contentUrl\":\"https:\/\/aeroclubparana.org.ar\/web\/wp-content\/uploads\/2023\/04\/sj_1.jpeg\",\"width\":1080,\"height\":717},{\"@type\":\"BreadcrumbList\",\"@id\":\"https:\/\/aeroclubparana.org.ar\/web\/index.php\/2023\/04\/04\/aeromodelistas-de-nuestro-club-en-san-justo-vuela-2023\/#breadcrumb\",\"itemListElement\":[{\"@type\":\"ListItem\",\"position\":1,\"name\":\"Home\",\"item\":\"https:\/\/aeroclubparana.org.ar\/web\/\"},{\"@type\":\"ListItem\",\"position\":2,\"name\":\"Aeromodelistas de nuestro Club, en San Justo Vuela 2023.\"}]},{\"@type\":\"WebSite\",\"@id\":\"https:\/\/aeroclubparana.org.ar\/web\/#website\",\"url\":\"https:\/\/aeroclubparana.org.ar\/web\/\",\"name\":\"Aeroclub Ciudad de Paran\u00e1\",\"description\":\"\",\"potentialAction\":[{\"@type\":\"SearchAction\",\"target\":{\"@type\":\"EntryPoint\",\"urlTemplate\":\"https:\/\/aeroclubparana.org.ar\/web\/?s={search_term_string}\"},\"query-input\":\"required name=search_term_string\"}],\"inLanguage\":\"es\"},{\"@type\":\"Person\",\"@id\":\"https:\/\/aeroclubparana.org.ar\/web\/#\/schema\/person\/30f08c2720d348886b3c95c716eda4ee\",\"name\":\"Aeroclub Paran\u00e1\",\"image\":{\"@type\":\"ImageObject\",\"inLanguage\":\"es\",\"@id\":\"https:\/\/aeroclubparana.org.ar\/web\/#\/schema\/person\/image\/\",\"url\":\"https:\/\/secure.gravatar.com\/avatar\/bf5974e327a751bee34ee94520c70420?s=96&d=mm&r=g\",\"contentUrl\":\"https:\/\/secure.gravatar.com\/avatar\/bf5974e327a751bee34ee94520c70420?s=96&d=mm&r=g\",\"caption\":\"Aeroclub Paran\u00e1\"},\"url\":\"https:\/\/aeroclubparana.org.ar\/web\/index.php\/author\/aeroclubparana\/\"}]}<\/script>\n<!-- \/ Yoast SEO plugin. -->","yoast_head_json":{"title":"Aeromodelistas de nuestro Club, en San Justo Vuela 2023. - Aeroclub Ciudad de Paran\u00e1","robots":{"index":"index","follow":"follow","max-snippet":"max-snippet:-1","max-image-preview":"max-image-preview:large","max-video-preview":"max-video-preview:-1"},"canonical":"https:\/\/aeroclubparana.org.ar\/web\/index.php\/2023\/04\/04\/aeromodelistas-de-nuestro-club-en-san-justo-vuela-2023\/","og_locale":"es_ES","og_type":"article","og_title":"Aeromodelistas de nuestro Club, en San Justo Vuela 2023. - Aeroclub Ciudad de Paran\u00e1","og_description":"Fabi\u00e1n Figueroa y Sergio Pugliese, aeromodelistas de nuestro Aeroclub, estuvieron presentes en el tradicional encuentro de aeromodelismo \u00abSan Justo Vuela\u00bb llevado a cabo en la ciudad hom\u00f3nima, provincia de Santa F\u00e9, durante los d\u00edas 30 de Marzo,1 y 2 de Abril. En esta edici\u00f3n se pudo apreciar gran variedad de aeromodelos predominando los acrob\u00e1ticos en [&hellip;]","og_url":"https:\/\/aeroclubparana.org.ar\/web\/index.php\/2023\/04\/04\/aeromodelistas-de-nuestro-club-en-san-justo-vuela-2023\/","og_site_name":"Aeroclub Ciudad de Paran\u00e1","article_published_time":"2023-04-04T01:36:35+00:00","article_modified_time":"2023-04-04T01:43:33+00:00","og_image":[{"width":1080,"height":717,"url":"https:\/\/aeroclubparana.org.ar\/web\/wp-content\/uploads\/2023\/04\/sj_1.jpeg","type":"image\/jpeg"}],"author":"Aeroclub Paran\u00e1","twitter_card":"summary_large_image","twitter_misc":{"Escrito por":"Aeroclub Paran\u00e1","Tiempo de lectura":"5 minutos"},"schema":{"@context":"https:\/\/schema.org","@graph":[{"@type":"WebPage","@id":"https:\/\/aeroclubparana.org.ar\/web\/index.php\/2023\/04\/04\/aeromodelistas-de-nuestro-club-en-san-justo-vuela-2023\/","url":"https:\/\/aeroclubparana.org.ar\/web\/index.php\/2023\/04\/04\/aeromodelistas-de-nuestro-club-en-san-justo-vuela-2023\/","name":"Aeromodelistas de nuestro Club, en San Justo Vuela 2023. - Aeroclub Ciudad de Paran\u00e1","isPartOf":{"@id":"https:\/\/aeroclubparana.org.ar\/web\/#website"},"primaryImageOfPage":{"@id":"https:\/\/aeroclubparana.org.ar\/web\/index.php\/2023\/04\/04\/aeromodelistas-de-nuestro-club-en-san-justo-vuela-2023\/#primaryimage"},"image":{"@id":"https:\/\/aeroclubparana.org.ar\/web\/index.php\/2023\/04\/04\/aeromodelistas-de-nuestro-club-en-san-justo-vuela-2023\/#primaryimage"},"thumbnailUrl":"https:\/\/aeroclubparana.org.ar\/web\/wp-content\/uploads\/2023\/04\/sj_1.jpeg","datePublished":"2023-04-04T01:36:35+00:00","dateModified":"2023-04-04T01:43:33+00:00","author":{"@id":"https:\/\/aeroclubparana.org.ar\/web\/#\/schema\/person\/30f08c2720d348886b3c95c716eda4ee"},"breadcrumb":{"@id":"https:\/\/aeroclubparana.org.ar\/web\/index.php\/2023\/04\/04\/aeromodelistas-de-nuestro-club-en-san-justo-vuela-2023\/#breadcrumb"},"inLanguage":"es","potentialAction":[{"@type":"ReadAction","target":["https:\/\/aeroclubparana.org.ar\/web\/index.php\/2023\/04\/04\/aeromodelistas-de-nuestro-club-en-san-justo-vuela-2023\/"]}]},{"@type":"ImageObject","inLanguage":"es","@id":"https:\/\/aeroclubparana.org.ar\/web\/index.php\/2023\/04\/04\/aeromodelistas-de-nuestro-club-en-san-justo-vuela-2023\/#primaryimage","url":"https:\/\/aeroclubparana.org.ar\/web\/wp-content\/uploads\/2023\/04\/sj_1.jpeg","contentUrl":"https:\/\/aeroclubparana.org.ar\/web\/wp-content\/uploads\/2023\/04\/sj_1.jpeg","width":1080,"height":717},{"@type":"BreadcrumbList","@id":"https:\/\/aeroclubparana.org.ar\/web\/index.php\/2023\/04\/04\/aeromodelistas-de-nuestro-club-en-san-justo-vuela-2023\/#breadcrumb","itemListElement":[{"@type":"ListItem","position":1,"name":"Home","item":"https:\/\/aeroclubparana.org.ar\/web\/"},{"@type":"ListItem","position":2,"name":"Aeromodelistas de nuestro Club, en San Justo Vuela 2023."}]},{"@type":"WebSite","@id":"https:\/\/aeroclubparana.org.ar\/web\/#website","url":"https:\/\/aeroclubparana.org.ar\/web\/","name":"Aeroclub Ciudad de Paran\u00e1","description":"","potentialAction":[{"@type":"SearchAction","target":{"@type":"EntryPoint","urlTemplate":"https:\/\/aeroclubparana.org.ar\/web\/?s={search_term_string}"},"query-input":"required name=search_term_string"}],"inLanguage":"es"},{"@type":"Person","@id":"https:\/\/aeroclubparana.org.ar\/web\/#\/schema\/person\/30f08c2720d348886b3c95c716eda4ee","name":"Aeroclub Paran\u00e1","image":{"@type":"ImageObject","inLanguage":"es","@id":"https:\/\/aeroclubparana.org.ar\/web\/#\/schema\/person\/image\/","url":"https:\/\/secure.gravatar.com\/avatar\/bf5974e327a751bee34ee94520c70420?s=96&d=mm&r=g","contentUrl":"https:\/\/secure.gravatar.com\/avatar\/bf5974e327a751bee34ee94520c70420?s=96&d=mm&r=g","caption":"Aeroclub Paran\u00e1"},"url":"https:\/\/aeroclubparana.org.ar\/web\/index.php\/author\/aeroclubparana\/"}]}},"_links":{"self":[{"href":"https:\/\/aeroclubparana.org.ar\/web\/index.php\/wp-json\/wp\/v2\/posts\/1395","targetHints":{"allow":["GET"]}}],"collection":[{"href":"https:\/\/aeroclubparana.org.ar\/web\/index.php\/wp-json\/wp\/v2\/posts"}],"about":[{"href":"https:\/\/aeroclubparana.org.ar\/web\/index.php\/wp-json\/wp\/v2\/types\/post"}],"author":[{"embeddable":true,"href":"https:\/\/aeroclubparana.org.ar\/web\/index.php\/wp-json\/wp\/v2\/users\/2"}],"replies":[{"embeddable":true,"href":"https:\/\/aeroclubparana.org.ar\/web\/index.php\/wp-json\/wp\/v2\/comments?post=1395"}],"version-history":[{"count":3,"href":"https:\/\/aeroclubparana.org.ar\/web\/index.php\/wp-json\/wp\/v2\/posts\/1395\/revisions"}],"predecessor-version":[{"id":1417,"href":"https:\/\/aeroclubparana.org.ar\/web\/index.php\/wp-json\/wp\/v2\/posts\/1395\/revisions\/1417"}],"wp:featuredmedia":[{"embeddable":true,"href":"https:\/\/aeroclubparana.org.ar\/web\/index.php\/wp-json\/wp\/v2\/media\/1414"}],"wp:attachment":[{"href":"https:\/\/aeroclubparana.org.ar\/web\/index.php\/wp-json\/wp\/v2\/media?parent=1395"}],"wp:term":[{"taxonomy":"category","embeddable":true,"href":"https:\/\/aeroclubparana.org.ar\/web\/index.php\/wp-json\/wp\/v2\/categories?post=1395"},{"taxonomy":"post_tag","embeddable":true,"href":"https:\/\/aeroclubparana.org.ar\/web\/index.php\/wp-json\/wp\/v2\/tags?post=1395"}],"curies":[{"name":"wp","href":"https:\/\/api.w.org\/{rel}","templated":true}]}}