{"id":1375,"date":"2023-03-27T16:01:30","date_gmt":"2023-03-27T16:01:30","guid":{"rendered":"https:\/\/aeroclubparana.org.ar\/web\/?p=1375"},"modified":"2023-03-27T17:38:16","modified_gmt":"2023-03-27T17:38:16","slug":"el-aeromodelismo-del-aeroclub-presente-en-camilo-aldao","status":"publish","type":"post","link":"https:\/\/aeroclubparana.org.ar\/web\/index.php\/2023\/03\/27\/el-aeromodelismo-del-aeroclub-presente-en-camilo-aldao\/","title":{"rendered":"El Aeromodelismo del Aeroclub, presente en Camilo Aldao."},"content":{"rendered":"\n<p class=\"has-black-color has-text-color\">El d\u00eda S\u00e1bado, 25 de Marzo, un equipo de Aeromodelistas de nuestra Instituci\u00f3n, integrado por Walter Johnston, Juan Federico Rossi y Fabi\u00e1n Figueroa, participaron de un evento aeromodelistico en la localidad de Camilo Aldao, ciudad ubicada al sur del departamento Marcos Ju\u00e1rez, en el sureste de la provincia de C\u00f3rdoba.<br>El evento, llamado <strong><em>\u00abEncuentro Exclusivo de Aviones y Helic\u00f3pteros Escala y Semiescala\u00bb<\/em><\/strong>, se program\u00f3 para los dias 24, 25 y 26 de Marzo y constituy\u00f3 una reuni\u00f3n de amigos, y especialistas de distintas regiones del pa\u00eds, que en alg\u00fan momento los tendremos de visita en nuestras Instalaciones.<br>Adem\u00e1s de mostrar y volar, hubo tiempo para una charla de capacitaci\u00f3n para futuros jueces, d\u00f3nde se explicaron los criterios de valoraci\u00f3n de maniobras y de evaluaci\u00f3n de la construcci\u00f3n. Todo m\u00e1s que provechoso.<br>Agradecemos a nuestro Equipo su participaci\u00f3n y presencia hist\u00f3rica a trav\u00e9s de una nueva misi\u00f3n del B-105 al mando de Juanfe Rossi. El Aeromodelismo es formador de conciencia aeron\u00e1utica, pero tambi\u00e9n, es una gran oportunidad para que los chicos, chicas -y adultos tambi\u00e9n, obviamente- se acerquen casi jugando a las m\u00e1s estrictas leyes de la f\u00edsica y a las razones por las cuales vuela un aparato m\u00e1s pesado que el aire. Invitamos a que nos visiten, el acceso es libre y gratuito y en una de esas, adem\u00e1s de jugar al futbol, rugby, basket, y cuanto deporte haya, una visita a nuestro predio sea el inicio de una promisoria carrera aeron\u00e1utica.<\/p>\n\n\n\n<figure class=\"wp-block-gallery has-nested-images columns-default is-cropped wp-block-gallery-1 is-layout-flex wp-block-gallery-is-layout-flex\">\n<figure class=\"wp-block-image size-large\"><a href=\"https:\/\/aeroclubparana.org.ar\/web\/wp-content\/uploads\/2023\/03\/CA_1.jpeg\"><img loading=\"lazy\" decoding=\"async\" width=\"1024\" height=\"449\" data-id=\"1377\" src=\"https:\/\/aeroclubparana.org.ar\/web\/wp-content\/uploads\/2023\/03\/CA_1-1024x449.jpeg\" alt=\"\" class=\"wp-image-1377\" srcset=\"https:\/\/aeroclubparana.org.ar\/web\/wp-content\/uploads\/2023\/03\/CA_1-1024x449.jpeg 1024w, https:\/\/aeroclubparana.org.ar\/web\/wp-content\/uploads\/2023\/03\/CA_1-300x132.jpeg 300w, https:\/\/aeroclubparana.org.ar\/web\/wp-content\/uploads\/2023\/03\/CA_1-768x337.jpeg 768w, https:\/\/aeroclubparana.org.ar\/web\/wp-content\/uploads\/2023\/03\/CA_1-1536x674.jpeg 1536w, https:\/\/aeroclubparana.org.ar\/web\/wp-content\/uploads\/2023\/03\/CA_1-1080x474.jpeg 1080w, https:\/\/aeroclubparana.org.ar\/web\/wp-content\/uploads\/2023\/03\/CA_1.jpeg 1600w\" sizes=\"auto, (max-width: 1024px) 100vw, 1024px\" \/><\/a><\/figure>\n\n\n\n<figure class=\"wp-block-image size-large\"><a href=\"https:\/\/aeroclubparana.org.ar\/web\/wp-content\/uploads\/2023\/03\/CA_2.jpeg\"><img loading=\"lazy\" decoding=\"async\" width=\"1024\" height=\"449\" data-id=\"1376\" src=\"https:\/\/aeroclubparana.org.ar\/web\/wp-content\/uploads\/2023\/03\/CA_2-1024x449.jpeg\" alt=\"\" class=\"wp-image-1376\" srcset=\"https:\/\/aeroclubparana.org.ar\/web\/wp-content\/uploads\/2023\/03\/CA_2-1024x449.jpeg 1024w, https:\/\/aeroclubparana.org.ar\/web\/wp-content\/uploads\/2023\/03\/CA_2-300x132.jpeg 300w, https:\/\/aeroclubparana.org.ar\/web\/wp-content\/uploads\/2023\/03\/CA_2-768x337.jpeg 768w, https:\/\/aeroclubparana.org.ar\/web\/wp-content\/uploads\/2023\/03\/CA_2-1536x674.jpeg 1536w, https:\/\/aeroclubparana.org.ar\/web\/wp-content\/uploads\/2023\/03\/CA_2-1080x474.jpeg 1080w, https:\/\/aeroclubparana.org.ar\/web\/wp-content\/uploads\/2023\/03\/CA_2.jpeg 1600w\" sizes=\"auto, (max-width: 1024px) 100vw, 1024px\" \/><\/a><\/figure>\n\n\n\n<figure class=\"wp-block-image size-large\"><a href=\"https:\/\/aeroclubparana.org.ar\/web\/wp-content\/uploads\/2023\/03\/CA_3.jpeg\"><img loading=\"lazy\" decoding=\"async\" width=\"1024\" height=\"449\" data-id=\"1387\" src=\"https:\/\/aeroclubparana.org.ar\/web\/wp-content\/uploads\/2023\/03\/CA_3-1024x449.jpeg\" alt=\"\" class=\"wp-image-1387\" srcset=\"https:\/\/aeroclubparana.org.ar\/web\/wp-content\/uploads\/2023\/03\/CA_3-1024x449.jpeg 1024w, https:\/\/aeroclubparana.org.ar\/web\/wp-content\/uploads\/2023\/03\/CA_3-300x132.jpeg 300w, https:\/\/aeroclubparana.org.ar\/web\/wp-content\/uploads\/2023\/03\/CA_3-768x337.jpeg 768w, https:\/\/aeroclubparana.org.ar\/web\/wp-content\/uploads\/2023\/03\/CA_3-1536x674.jpeg 1536w, https:\/\/aeroclubparana.org.ar\/web\/wp-content\/uploads\/2023\/03\/CA_3-1080x474.jpeg 1080w, https:\/\/aeroclubparana.org.ar\/web\/wp-content\/uploads\/2023\/03\/CA_3.jpeg 1600w\" sizes=\"auto, (max-width: 1024px) 100vw, 1024px\" \/><\/a><\/figure>\n\n\n\n<figure class=\"wp-block-image size-large\"><a href=\"https:\/\/aeroclubparana.org.ar\/web\/wp-content\/uploads\/2023\/03\/CA_4.jpeg\"><img loading=\"lazy\" decoding=\"async\" width=\"1024\" height=\"449\" data-id=\"1382\" src=\"https:\/\/aeroclubparana.org.ar\/web\/wp-content\/uploads\/2023\/03\/CA_4-1024x449.jpeg\" alt=\"\" class=\"wp-image-1382\" srcset=\"https:\/\/aeroclubparana.org.ar\/web\/wp-content\/uploads\/2023\/03\/CA_4-1024x449.jpeg 1024w, https:\/\/aeroclubparana.org.ar\/web\/wp-content\/uploads\/2023\/03\/CA_4-300x132.jpeg 300w, https:\/\/aeroclubparana.org.ar\/web\/wp-content\/uploads\/2023\/03\/CA_4-768x337.jpeg 768w, https:\/\/aeroclubparana.org.ar\/web\/wp-content\/uploads\/2023\/03\/CA_4-1536x674.jpeg 1536w, https:\/\/aeroclubparana.org.ar\/web\/wp-content\/uploads\/2023\/03\/CA_4-1080x474.jpeg 1080w, https:\/\/aeroclubparana.org.ar\/web\/wp-content\/uploads\/2023\/03\/CA_4.jpeg 1600w\" sizes=\"auto, (max-width: 1024px) 100vw, 1024px\" \/><\/a><\/figure>\n\n\n\n<figure class=\"wp-block-image size-large\"><a href=\"https:\/\/aeroclubparana.org.ar\/web\/wp-content\/uploads\/2023\/03\/CA_5.jpeg\"><img loading=\"lazy\" decoding=\"async\" width=\"1024\" height=\"449\" data-id=\"1384\" src=\"https:\/\/aeroclubparana.org.ar\/web\/wp-content\/uploads\/2023\/03\/CA_5-1024x449.jpeg\" alt=\"\" class=\"wp-image-1384\" srcset=\"https:\/\/aeroclubparana.org.ar\/web\/wp-content\/uploads\/2023\/03\/CA_5-1024x449.jpeg 1024w, https:\/\/aeroclubparana.org.ar\/web\/wp-content\/uploads\/2023\/03\/CA_5-300x132.jpeg 300w, https:\/\/aeroclubparana.org.ar\/web\/wp-content\/uploads\/2023\/03\/CA_5-768x337.jpeg 768w, https:\/\/aeroclubparana.org.ar\/web\/wp-content\/uploads\/2023\/03\/CA_5-1536x674.jpeg 1536w, https:\/\/aeroclubparana.org.ar\/web\/wp-content\/uploads\/2023\/03\/CA_5-1080x474.jpeg 1080w, https:\/\/aeroclubparana.org.ar\/web\/wp-content\/uploads\/2023\/03\/CA_5.jpeg 1600w\" sizes=\"auto, (max-width: 1024px) 100vw, 1024px\" \/><\/a><\/figure>\n\n\n\n<figure class=\"wp-block-image size-large\"><a href=\"https:\/\/aeroclubparana.org.ar\/web\/wp-content\/uploads\/2023\/03\/CA_8.jpeg\"><img loading=\"lazy\" decoding=\"async\" width=\"1024\" height=\"449\" data-id=\"1385\" src=\"https:\/\/aeroclubparana.org.ar\/web\/wp-content\/uploads\/2023\/03\/CA_8-1024x449.jpeg\" alt=\"\" class=\"wp-image-1385\" srcset=\"https:\/\/aeroclubparana.org.ar\/web\/wp-content\/uploads\/2023\/03\/CA_8-1024x449.jpeg 1024w, https:\/\/aeroclubparana.org.ar\/web\/wp-content\/uploads\/2023\/03\/CA_8-300x132.jpeg 300w, https:\/\/aeroclubparana.org.ar\/web\/wp-content\/uploads\/2023\/03\/CA_8-768x337.jpeg 768w, https:\/\/aeroclubparana.org.ar\/web\/wp-content\/uploads\/2023\/03\/CA_8-1536x674.jpeg 1536w, https:\/\/aeroclubparana.org.ar\/web\/wp-content\/uploads\/2023\/03\/CA_8-1080x474.jpeg 1080w, https:\/\/aeroclubparana.org.ar\/web\/wp-content\/uploads\/2023\/03\/CA_8.jpeg 1600w\" sizes=\"auto, (max-width: 1024px) 100vw, 1024px\" \/><\/a><\/figure>\n\n\n\n<figure class=\"wp-block-image size-large\"><a href=\"https:\/\/aeroclubparana.org.ar\/web\/wp-content\/uploads\/2023\/03\/CA_9.jpeg\"><img loading=\"lazy\" decoding=\"async\" width=\"1024\" height=\"449\" data-id=\"1380\" src=\"https:\/\/aeroclubparana.org.ar\/web\/wp-content\/uploads\/2023\/03\/CA_9-1024x449.jpeg\" alt=\"\" class=\"wp-image-1380\" srcset=\"https:\/\/aeroclubparana.org.ar\/web\/wp-content\/uploads\/2023\/03\/CA_9-1024x449.jpeg 1024w, https:\/\/aeroclubparana.org.ar\/web\/wp-content\/uploads\/2023\/03\/CA_9-300x132.jpeg 300w, https:\/\/aeroclubparana.org.ar\/web\/wp-content\/uploads\/2023\/03\/CA_9-768x337.jpeg 768w, https:\/\/aeroclubparana.org.ar\/web\/wp-content\/uploads\/2023\/03\/CA_9-1536x674.jpeg 1536w, https:\/\/aeroclubparana.org.ar\/web\/wp-content\/uploads\/2023\/03\/CA_9-1080x474.jpeg 1080w, https:\/\/aeroclubparana.org.ar\/web\/wp-content\/uploads\/2023\/03\/CA_9.jpeg 1600w\" sizes=\"auto, (max-width: 1024px) 100vw, 1024px\" \/><\/a><\/figure>\n\n\n\n<figure class=\"wp-block-image size-large\"><a href=\"https:\/\/aeroclubparana.org.ar\/web\/wp-content\/uploads\/2023\/03\/CA_91.jpeg\"><img loading=\"lazy\" decoding=\"async\" width=\"1024\" height=\"449\" data-id=\"1386\" src=\"https:\/\/aeroclubparana.org.ar\/web\/wp-content\/uploads\/2023\/03\/CA_91-1024x449.jpeg\" alt=\"\" class=\"wp-image-1386\" srcset=\"https:\/\/aeroclubparana.org.ar\/web\/wp-content\/uploads\/2023\/03\/CA_91-1024x449.jpeg 1024w, https:\/\/aeroclubparana.org.ar\/web\/wp-content\/uploads\/2023\/03\/CA_91-300x132.jpeg 300w, https:\/\/aeroclubparana.org.ar\/web\/wp-content\/uploads\/2023\/03\/CA_91-768x337.jpeg 768w, https:\/\/aeroclubparana.org.ar\/web\/wp-content\/uploads\/2023\/03\/CA_91-1536x674.jpeg 1536w, https:\/\/aeroclubparana.org.ar\/web\/wp-content\/uploads\/2023\/03\/CA_91-1080x474.jpeg 1080w, https:\/\/aeroclubparana.org.ar\/web\/wp-content\/uploads\/2023\/03\/CA_91.jpeg 1600w\" sizes=\"auto, (max-width: 1024px) 100vw, 1024px\" \/><\/a><\/figure>\n\n\n\n<figure class=\"wp-block-image size-large\"><a href=\"https:\/\/aeroclubparana.org.ar\/web\/wp-content\/uploads\/2023\/03\/CA_92.jpeg\"><img loading=\"lazy\" decoding=\"async\" width=\"1024\" height=\"449\" data-id=\"1383\" src=\"https:\/\/aeroclubparana.org.ar\/web\/wp-content\/uploads\/2023\/03\/CA_92-1024x449.jpeg\" alt=\"\" class=\"wp-image-1383\" srcset=\"https:\/\/aeroclubparana.org.ar\/web\/wp-content\/uploads\/2023\/03\/CA_92-1024x449.jpeg 1024w, https:\/\/aeroclubparana.org.ar\/web\/wp-content\/uploads\/2023\/03\/CA_92-300x132.jpeg 300w, https:\/\/aeroclubparana.org.ar\/web\/wp-content\/uploads\/2023\/03\/CA_92-768x337.jpeg 768w, https:\/\/aeroclubparana.org.ar\/web\/wp-content\/uploads\/2023\/03\/CA_92-1536x674.jpeg 1536w, https:\/\/aeroclubparana.org.ar\/web\/wp-content\/uploads\/2023\/03\/CA_92-1080x474.jpeg 1080w, https:\/\/aeroclubparana.org.ar\/web\/wp-content\/uploads\/2023\/03\/CA_92.jpeg 1600w\" sizes=\"auto, (max-width: 1024px) 100vw, 1024px\" \/><\/a><\/figure>\n\n\n\n<figure class=\"wp-block-image size-large\"><a href=\"https:\/\/aeroclubparana.org.ar\/web\/wp-content\/uploads\/2023\/03\/CA_93.jpeg\"><img loading=\"lazy\" decoding=\"async\" width=\"1024\" height=\"449\" data-id=\"1389\" src=\"https:\/\/aeroclubparana.org.ar\/web\/wp-content\/uploads\/2023\/03\/CA_93-1024x449.jpeg\" alt=\"\" class=\"wp-image-1389\" srcset=\"https:\/\/aeroclubparana.org.ar\/web\/wp-content\/uploads\/2023\/03\/CA_93-1024x449.jpeg 1024w, https:\/\/aeroclubparana.org.ar\/web\/wp-content\/uploads\/2023\/03\/CA_93-300x132.jpeg 300w, https:\/\/aeroclubparana.org.ar\/web\/wp-content\/uploads\/2023\/03\/CA_93-768x337.jpeg 768w, https:\/\/aeroclubparana.org.ar\/web\/wp-content\/uploads\/2023\/03\/CA_93-1536x674.jpeg 1536w, https:\/\/aeroclubparana.org.ar\/web\/wp-content\/uploads\/2023\/03\/CA_93-1080x474.jpeg 1080w, https:\/\/aeroclubparana.org.ar\/web\/wp-content\/uploads\/2023\/03\/CA_93.jpeg 1600w\" sizes=\"auto, (max-width: 1024px) 100vw, 1024px\" \/><\/a><\/figure>\n\n\n\n<figure class=\"wp-block-image size-large\"><a href=\"https:\/\/aeroclubparana.org.ar\/web\/wp-content\/uploads\/2023\/03\/CA_94.jpeg\"><img loading=\"lazy\" decoding=\"async\" width=\"1024\" height=\"449\" data-id=\"1381\" src=\"https:\/\/aeroclubparana.org.ar\/web\/wp-content\/uploads\/2023\/03\/CA_94-1024x449.jpeg\" alt=\"\" class=\"wp-image-1381\" srcset=\"https:\/\/aeroclubparana.org.ar\/web\/wp-content\/uploads\/2023\/03\/CA_94-1024x449.jpeg 1024w, https:\/\/aeroclubparana.org.ar\/web\/wp-content\/uploads\/2023\/03\/CA_94-300x132.jpeg 300w, https:\/\/aeroclubparana.org.ar\/web\/wp-content\/uploads\/2023\/03\/CA_94-768x337.jpeg 768w, https:\/\/aeroclubparana.org.ar\/web\/wp-content\/uploads\/2023\/03\/CA_94-1536x674.jpeg 1536w, https:\/\/aeroclubparana.org.ar\/web\/wp-content\/uploads\/2023\/03\/CA_94-1080x474.jpeg 1080w, https:\/\/aeroclubparana.org.ar\/web\/wp-content\/uploads\/2023\/03\/CA_94.jpeg 1600w\" sizes=\"auto, (max-width: 1024px) 100vw, 1024px\" \/><\/a><\/figure>\n\n\n\n<figure class=\"wp-block-image size-large\"><a href=\"https:\/\/aeroclubparana.org.ar\/web\/wp-content\/uploads\/2023\/03\/CA_95.jpeg\"><img loading=\"lazy\" decoding=\"async\" width=\"1024\" height=\"760\" data-id=\"1379\" src=\"https:\/\/aeroclubparana.org.ar\/web\/wp-content\/uploads\/2023\/03\/CA_95-1024x760.jpeg\" alt=\"\" class=\"wp-image-1379\" srcset=\"https:\/\/aeroclubparana.org.ar\/web\/wp-content\/uploads\/2023\/03\/CA_95-1024x760.jpeg 1024w, https:\/\/aeroclubparana.org.ar\/web\/wp-content\/uploads\/2023\/03\/CA_95-300x223.jpeg 300w, https:\/\/aeroclubparana.org.ar\/web\/wp-content\/uploads\/2023\/03\/CA_95-768x570.jpeg 768w, https:\/\/aeroclubparana.org.ar\/web\/wp-content\/uploads\/2023\/03\/CA_95-1536x1139.jpeg 1536w, https:\/\/aeroclubparana.org.ar\/web\/wp-content\/uploads\/2023\/03\/CA_95-1080x801.jpeg 1080w, https:\/\/aeroclubparana.org.ar\/web\/wp-content\/uploads\/2023\/03\/CA_95.jpeg 1599w\" sizes=\"auto, (max-width: 1024px) 100vw, 1024px\" \/><\/a><\/figure>\n\n\n\n<figure class=\"wp-block-image size-large\"><a href=\"https:\/\/aeroclubparana.org.ar\/web\/wp-content\/uploads\/2023\/03\/CA_96.jpeg\"><img loading=\"lazy\" decoding=\"async\" width=\"1024\" height=\"760\" data-id=\"1388\" src=\"https:\/\/aeroclubparana.org.ar\/web\/wp-content\/uploads\/2023\/03\/CA_96-1024x760.jpeg\" alt=\"\" class=\"wp-image-1388\" srcset=\"https:\/\/aeroclubparana.org.ar\/web\/wp-content\/uploads\/2023\/03\/CA_96-1024x760.jpeg 1024w, https:\/\/aeroclubparana.org.ar\/web\/wp-content\/uploads\/2023\/03\/CA_96-300x223.jpeg 300w, https:\/\/aeroclubparana.org.ar\/web\/wp-content\/uploads\/2023\/03\/CA_96-768x570.jpeg 768w, https:\/\/aeroclubparana.org.ar\/web\/wp-content\/uploads\/2023\/03\/CA_96-1536x1139.jpeg 1536w, https:\/\/aeroclubparana.org.ar\/web\/wp-content\/uploads\/2023\/03\/CA_96-1080x801.jpeg 1080w, https:\/\/aeroclubparana.org.ar\/web\/wp-content\/uploads\/2023\/03\/CA_96.jpeg 1599w\" sizes=\"auto, (max-width: 1024px) 100vw, 1024px\" \/><\/a><\/figure>\n\n\n\n<figure class=\"wp-block-image size-large\"><a href=\"https:\/\/aeroclubparana.org.ar\/web\/wp-content\/uploads\/2023\/03\/CA_97.jpeg\"><img loading=\"lazy\" decoding=\"async\" width=\"1024\" height=\"449\" data-id=\"1378\" src=\"https:\/\/aeroclubparana.org.ar\/web\/wp-content\/uploads\/2023\/03\/CA_97-1024x449.jpeg\" alt=\"\" class=\"wp-image-1378\" srcset=\"https:\/\/aeroclubparana.org.ar\/web\/wp-content\/uploads\/2023\/03\/CA_97-1024x449.jpeg 1024w, https:\/\/aeroclubparana.org.ar\/web\/wp-content\/uploads\/2023\/03\/CA_97-300x132.jpeg 300w, https:\/\/aeroclubparana.org.ar\/web\/wp-content\/uploads\/2023\/03\/CA_97-768x337.jpeg 768w, https:\/\/aeroclubparana.org.ar\/web\/wp-content\/uploads\/2023\/03\/CA_97-1536x674.jpeg 1536w, https:\/\/aeroclubparana.org.ar\/web\/wp-content\/uploads\/2023\/03\/CA_97-1080x474.jpeg 1080w, https:\/\/aeroclubparana.org.ar\/web\/wp-content\/uploads\/2023\/03\/CA_97.jpeg 1600w\" sizes=\"auto, (max-width: 1024px) 100vw, 1024px\" \/><\/a><\/figure>\n<\/figure>\n","protected":false},"excerpt":{"rendered":"<p>El d\u00eda S\u00e1bado, 25 de Marzo, un equipo de Aeromodelistas de nuestra Instituci\u00f3n, integrado por Walter Johnston, Juan Federico Rossi y Fabi\u00e1n Figueroa, participaron de un evento aeromodelistico en la localidad de Camilo Aldao, ciudad ubicada al sur del departamento Marcos Ju\u00e1rez, en el sureste de la provincia de C\u00f3rdoba.El evento, llamado \u00abEncuentro Exclusivo de [&hellip;]<\/p>\n","protected":false},"author":2,"featured_media":1390,"comment_status":"open","ping_status":"open","sticky":false,"template":"","format":"standard","meta":{"_et_pb_use_builder":"","_et_pb_old_content":"","_et_gb_content_width":"","footnotes":""},"categories":[1],"tags":[],"class_list":["post-1375","post","type-post","status-publish","format-standard","has-post-thumbnail","hentry","category-uncategorized","et-has-post-format-content","et_post_format-et-post-format-standard"],"yoast_head":"<!-- This site is optimized with the Yoast SEO plugin v22.8 - https:\/\/yoast.com\/wordpress\/plugins\/seo\/ -->\n<title>El Aeromodelismo del Aeroclub, presente en Camilo Aldao. - Aeroclub Ciudad de Paran\u00e1<\/title>\n<meta name=\"robots\" content=\"index, follow, max-snippet:-1, max-image-preview:large, max-video-preview:-1\" \/>\n<link rel=\"canonical\" href=\"https:\/\/aeroclubparana.org.ar\/web\/index.php\/2023\/03\/27\/el-aeromodelismo-del-aeroclub-presente-en-camilo-aldao\/\" \/>\n<meta property=\"og:locale\" content=\"es_ES\" \/>\n<meta property=\"og:type\" content=\"article\" \/>\n<meta property=\"og:title\" content=\"El Aeromodelismo del Aeroclub, presente en Camilo Aldao. - Aeroclub Ciudad de Paran\u00e1\" \/>\n<meta property=\"og:description\" content=\"El d\u00eda S\u00e1bado, 25 de Marzo, un equipo de Aeromodelistas de nuestra Instituci\u00f3n, integrado por Walter Johnston, Juan Federico Rossi y Fabi\u00e1n Figueroa, participaron de un evento aeromodelistico en la localidad de Camilo Aldao, ciudad ubicada al sur del departamento Marcos Ju\u00e1rez, en el sureste de la provincia de C\u00f3rdoba.El evento, llamado \u00abEncuentro Exclusivo de [&hellip;]\" \/>\n<meta property=\"og:url\" content=\"https:\/\/aeroclubparana.org.ar\/web\/index.php\/2023\/03\/27\/el-aeromodelismo-del-aeroclub-presente-en-camilo-aldao\/\" \/>\n<meta property=\"og:site_name\" content=\"Aeroclub Ciudad de Paran\u00e1\" \/>\n<meta property=\"article:published_time\" content=\"2023-03-27T16:01:30+00:00\" \/>\n<meta property=\"article:modified_time\" content=\"2023-03-27T17:38:16+00:00\" \/>\n<meta property=\"og:image\" content=\"https:\/\/aeroclubparana.org.ar\/web\/wp-content\/uploads\/2023\/03\/CA_6.jpeg\" \/>\n\t<meta property=\"og:image:width\" content=\"1600\" \/>\n\t<meta property=\"og:image:height\" content=\"702\" \/>\n\t<meta property=\"og:image:type\" content=\"image\/jpeg\" \/>\n<meta name=\"author\" content=\"Aeroclub Paran\u00e1\" \/>\n<meta name=\"twitter:card\" content=\"summary_large_image\" \/>\n<meta name=\"twitter:label1\" content=\"Escrito por\" \/>\n\t<meta name=\"twitter:data1\" content=\"Aeroclub Paran\u00e1\" \/>\n\t<meta name=\"twitter:label2\" content=\"Tiempo de lectura\" \/>\n\t<meta name=\"twitter:data2\" content=\"4 minutos\" \/>\n<script type=\"application\/ld+json\" class=\"yoast-schema-graph\">{\"@context\":\"https:\/\/schema.org\",\"@graph\":[{\"@type\":\"WebPage\",\"@id\":\"https:\/\/aeroclubparana.org.ar\/web\/index.php\/2023\/03\/27\/el-aeromodelismo-del-aeroclub-presente-en-camilo-aldao\/\",\"url\":\"https:\/\/aeroclubparana.org.ar\/web\/index.php\/2023\/03\/27\/el-aeromodelismo-del-aeroclub-presente-en-camilo-aldao\/\",\"name\":\"El Aeromodelismo del Aeroclub, presente en Camilo Aldao. - Aeroclub Ciudad de Paran\u00e1\",\"isPartOf\":{\"@id\":\"https:\/\/aeroclubparana.org.ar\/web\/#website\"},\"primaryImageOfPage\":{\"@id\":\"https:\/\/aeroclubparana.org.ar\/web\/index.php\/2023\/03\/27\/el-aeromodelismo-del-aeroclub-presente-en-camilo-aldao\/#primaryimage\"},\"image\":{\"@id\":\"https:\/\/aeroclubparana.org.ar\/web\/index.php\/2023\/03\/27\/el-aeromodelismo-del-aeroclub-presente-en-camilo-aldao\/#primaryimage\"},\"thumbnailUrl\":\"https:\/\/aeroclubparana.org.ar\/web\/wp-content\/uploads\/2023\/03\/CA_6.jpeg\",\"datePublished\":\"2023-03-27T16:01:30+00:00\",\"dateModified\":\"2023-03-27T17:38:16+00:00\",\"author\":{\"@id\":\"https:\/\/aeroclubparana.org.ar\/web\/#\/schema\/person\/30f08c2720d348886b3c95c716eda4ee\"},\"breadcrumb\":{\"@id\":\"https:\/\/aeroclubparana.org.ar\/web\/index.php\/2023\/03\/27\/el-aeromodelismo-del-aeroclub-presente-en-camilo-aldao\/#breadcrumb\"},\"inLanguage\":\"es\",\"potentialAction\":[{\"@type\":\"ReadAction\",\"target\":[\"https:\/\/aeroclubparana.org.ar\/web\/index.php\/2023\/03\/27\/el-aeromodelismo-del-aeroclub-presente-en-camilo-aldao\/\"]}]},{\"@type\":\"ImageObject\",\"inLanguage\":\"es\",\"@id\":\"https:\/\/aeroclubparana.org.ar\/web\/index.php\/2023\/03\/27\/el-aeromodelismo-del-aeroclub-presente-en-camilo-aldao\/#primaryimage\",\"url\":\"https:\/\/aeroclubparana.org.ar\/web\/wp-content\/uploads\/2023\/03\/CA_6.jpeg\",\"contentUrl\":\"https:\/\/aeroclubparana.org.ar\/web\/wp-content\/uploads\/2023\/03\/CA_6.jpeg\",\"width\":1600,\"height\":702},{\"@type\":\"BreadcrumbList\",\"@id\":\"https:\/\/aeroclubparana.org.ar\/web\/index.php\/2023\/03\/27\/el-aeromodelismo-del-aeroclub-presente-en-camilo-aldao\/#breadcrumb\",\"itemListElement\":[{\"@type\":\"ListItem\",\"position\":1,\"name\":\"Home\",\"item\":\"https:\/\/aeroclubparana.org.ar\/web\/\"},{\"@type\":\"ListItem\",\"position\":2,\"name\":\"El Aeromodelismo del Aeroclub, presente en Camilo Aldao.\"}]},{\"@type\":\"WebSite\",\"@id\":\"https:\/\/aeroclubparana.org.ar\/web\/#website\",\"url\":\"https:\/\/aeroclubparana.org.ar\/web\/\",\"name\":\"Aeroclub Ciudad de Paran\u00e1\",\"description\":\"\",\"potentialAction\":[{\"@type\":\"SearchAction\",\"target\":{\"@type\":\"EntryPoint\",\"urlTemplate\":\"https:\/\/aeroclubparana.org.ar\/web\/?s={search_term_string}\"},\"query-input\":\"required name=search_term_string\"}],\"inLanguage\":\"es\"},{\"@type\":\"Person\",\"@id\":\"https:\/\/aeroclubparana.org.ar\/web\/#\/schema\/person\/30f08c2720d348886b3c95c716eda4ee\",\"name\":\"Aeroclub Paran\u00e1\",\"image\":{\"@type\":\"ImageObject\",\"inLanguage\":\"es\",\"@id\":\"https:\/\/aeroclubparana.org.ar\/web\/#\/schema\/person\/image\/\",\"url\":\"https:\/\/secure.gravatar.com\/avatar\/bf5974e327a751bee34ee94520c70420?s=96&d=mm&r=g\",\"contentUrl\":\"https:\/\/secure.gravatar.com\/avatar\/bf5974e327a751bee34ee94520c70420?s=96&d=mm&r=g\",\"caption\":\"Aeroclub Paran\u00e1\"},\"url\":\"https:\/\/aeroclubparana.org.ar\/web\/index.php\/author\/aeroclubparana\/\"}]}<\/script>\n<!-- \/ Yoast SEO plugin. -->","yoast_head_json":{"title":"El Aeromodelismo del Aeroclub, presente en Camilo Aldao. - Aeroclub Ciudad de Paran\u00e1","robots":{"index":"index","follow":"follow","max-snippet":"max-snippet:-1","max-image-preview":"max-image-preview:large","max-video-preview":"max-video-preview:-1"},"canonical":"https:\/\/aeroclubparana.org.ar\/web\/index.php\/2023\/03\/27\/el-aeromodelismo-del-aeroclub-presente-en-camilo-aldao\/","og_locale":"es_ES","og_type":"article","og_title":"El Aeromodelismo del Aeroclub, presente en Camilo Aldao. - Aeroclub Ciudad de Paran\u00e1","og_description":"El d\u00eda S\u00e1bado, 25 de Marzo, un equipo de Aeromodelistas de nuestra Instituci\u00f3n, integrado por Walter Johnston, Juan Federico Rossi y Fabi\u00e1n Figueroa, participaron de un evento aeromodelistico en la localidad de Camilo Aldao, ciudad ubicada al sur del departamento Marcos Ju\u00e1rez, en el sureste de la provincia de C\u00f3rdoba.El evento, llamado \u00abEncuentro Exclusivo de [&hellip;]","og_url":"https:\/\/aeroclubparana.org.ar\/web\/index.php\/2023\/03\/27\/el-aeromodelismo-del-aeroclub-presente-en-camilo-aldao\/","og_site_name":"Aeroclub Ciudad de Paran\u00e1","article_published_time":"2023-03-27T16:01:30+00:00","article_modified_time":"2023-03-27T17:38:16+00:00","og_image":[{"width":1600,"height":702,"url":"https:\/\/aeroclubparana.org.ar\/web\/wp-content\/uploads\/2023\/03\/CA_6.jpeg","type":"image\/jpeg"}],"author":"Aeroclub Paran\u00e1","twitter_card":"summary_large_image","twitter_misc":{"Escrito por":"Aeroclub Paran\u00e1","Tiempo de lectura":"4 minutos"},"schema":{"@context":"https:\/\/schema.org","@graph":[{"@type":"WebPage","@id":"https:\/\/aeroclubparana.org.ar\/web\/index.php\/2023\/03\/27\/el-aeromodelismo-del-aeroclub-presente-en-camilo-aldao\/","url":"https:\/\/aeroclubparana.org.ar\/web\/index.php\/2023\/03\/27\/el-aeromodelismo-del-aeroclub-presente-en-camilo-aldao\/","name":"El Aeromodelismo del Aeroclub, presente en Camilo Aldao. - Aeroclub Ciudad de Paran\u00e1","isPartOf":{"@id":"https:\/\/aeroclubparana.org.ar\/web\/#website"},"primaryImageOfPage":{"@id":"https:\/\/aeroclubparana.org.ar\/web\/index.php\/2023\/03\/27\/el-aeromodelismo-del-aeroclub-presente-en-camilo-aldao\/#primaryimage"},"image":{"@id":"https:\/\/aeroclubparana.org.ar\/web\/index.php\/2023\/03\/27\/el-aeromodelismo-del-aeroclub-presente-en-camilo-aldao\/#primaryimage"},"thumbnailUrl":"https:\/\/aeroclubparana.org.ar\/web\/wp-content\/uploads\/2023\/03\/CA_6.jpeg","datePublished":"2023-03-27T16:01:30+00:00","dateModified":"2023-03-27T17:38:16+00:00","author":{"@id":"https:\/\/aeroclubparana.org.ar\/web\/#\/schema\/person\/30f08c2720d348886b3c95c716eda4ee"},"breadcrumb":{"@id":"https:\/\/aeroclubparana.org.ar\/web\/index.php\/2023\/03\/27\/el-aeromodelismo-del-aeroclub-presente-en-camilo-aldao\/#breadcrumb"},"inLanguage":"es","potentialAction":[{"@type":"ReadAction","target":["https:\/\/aeroclubparana.org.ar\/web\/index.php\/2023\/03\/27\/el-aeromodelismo-del-aeroclub-presente-en-camilo-aldao\/"]}]},{"@type":"ImageObject","inLanguage":"es","@id":"https:\/\/aeroclubparana.org.ar\/web\/index.php\/2023\/03\/27\/el-aeromodelismo-del-aeroclub-presente-en-camilo-aldao\/#primaryimage","url":"https:\/\/aeroclubparana.org.ar\/web\/wp-content\/uploads\/2023\/03\/CA_6.jpeg","contentUrl":"https:\/\/aeroclubparana.org.ar\/web\/wp-content\/uploads\/2023\/03\/CA_6.jpeg","width":1600,"height":702},{"@type":"BreadcrumbList","@id":"https:\/\/aeroclubparana.org.ar\/web\/index.php\/2023\/03\/27\/el-aeromodelismo-del-aeroclub-presente-en-camilo-aldao\/#breadcrumb","itemListElement":[{"@type":"ListItem","position":1,"name":"Home","item":"https:\/\/aeroclubparana.org.ar\/web\/"},{"@type":"ListItem","position":2,"name":"El Aeromodelismo del Aeroclub, presente en Camilo Aldao."}]},{"@type":"WebSite","@id":"https:\/\/aeroclubparana.org.ar\/web\/#website","url":"https:\/\/aeroclubparana.org.ar\/web\/","name":"Aeroclub Ciudad de Paran\u00e1","description":"","potentialAction":[{"@type":"SearchAction","target":{"@type":"EntryPoint","urlTemplate":"https:\/\/aeroclubparana.org.ar\/web\/?s={search_term_string}"},"query-input":"required name=search_term_string"}],"inLanguage":"es"},{"@type":"Person","@id":"https:\/\/aeroclubparana.org.ar\/web\/#\/schema\/person\/30f08c2720d348886b3c95c716eda4ee","name":"Aeroclub Paran\u00e1","image":{"@type":"ImageObject","inLanguage":"es","@id":"https:\/\/aeroclubparana.org.ar\/web\/#\/schema\/person\/image\/","url":"https:\/\/secure.gravatar.com\/avatar\/bf5974e327a751bee34ee94520c70420?s=96&d=mm&r=g","contentUrl":"https:\/\/secure.gravatar.com\/avatar\/bf5974e327a751bee34ee94520c70420?s=96&d=mm&r=g","caption":"Aeroclub Paran\u00e1"},"url":"https:\/\/aeroclubparana.org.ar\/web\/index.php\/author\/aeroclubparana\/"}]}},"_links":{"self":[{"href":"https:\/\/aeroclubparana.org.ar\/web\/index.php\/wp-json\/wp\/v2\/posts\/1375","targetHints":{"allow":["GET"]}}],"collection":[{"href":"https:\/\/aeroclubparana.org.ar\/web\/index.php\/wp-json\/wp\/v2\/posts"}],"about":[{"href":"https:\/\/aeroclubparana.org.ar\/web\/index.php\/wp-json\/wp\/v2\/types\/post"}],"author":[{"embeddable":true,"href":"https:\/\/aeroclubparana.org.ar\/web\/index.php\/wp-json\/wp\/v2\/users\/2"}],"replies":[{"embeddable":true,"href":"https:\/\/aeroclubparana.org.ar\/web\/index.php\/wp-json\/wp\/v2\/comments?post=1375"}],"version-history":[{"count":3,"href":"https:\/\/aeroclubparana.org.ar\/web\/index.php\/wp-json\/wp\/v2\/posts\/1375\/revisions"}],"predecessor-version":[{"id":1393,"href":"https:\/\/aeroclubparana.org.ar\/web\/index.php\/wp-json\/wp\/v2\/posts\/1375\/revisions\/1393"}],"wp:featuredmedia":[{"embeddable":true,"href":"https:\/\/aeroclubparana.org.ar\/web\/index.php\/wp-json\/wp\/v2\/media\/1390"}],"wp:attachment":[{"href":"https:\/\/aeroclubparana.org.ar\/web\/index.php\/wp-json\/wp\/v2\/media?parent=1375"}],"wp:term":[{"taxonomy":"category","embeddable":true,"href":"https:\/\/aeroclubparana.org.ar\/web\/index.php\/wp-json\/wp\/v2\/categories?post=1375"},{"taxonomy":"post_tag","embeddable":true,"href":"https:\/\/aeroclubparana.org.ar\/web\/index.php\/wp-json\/wp\/v2\/tags?post=1375"}],"curies":[{"name":"wp","href":"https:\/\/api.w.org\/{rel}","templated":true}]}}