{"id":1257,"date":"2023-01-18T13:54:32","date_gmt":"2023-01-18T13:54:32","guid":{"rendered":"https:\/\/aeroclubparana.org.ar\/web\/?p=1257"},"modified":"2023-01-18T14:12:40","modified_gmt":"2023-01-18T14:12:40","slug":"primer-vuelo-vigia-para-el-plan-provincial-del-manejo-del-fuego","status":"publish","type":"post","link":"https:\/\/aeroclubparana.org.ar\/web\/index.php\/2023\/01\/18\/primer-vuelo-vigia-para-el-plan-provincial-del-manejo-del-fuego\/","title":{"rendered":"Primer vuelo vig\u00eda para el Plan Provincial del Manejo del Fuego."},"content":{"rendered":"\n<p class=\"has-black-color has-text-color\">El pasado d\u00eda Lunes 16\/01\/23, siendo las 07:20 local, nuestro C152 despeg\u00f3 al mando del Piloto Ivan Micheloud, para chequear y registrar focos \u00edgneos en la zona del acceso al T\u00fanel Subfluvial lado Santa F\u00e9. Al arribo de nuestro avi\u00f3n, s\u00f3lo quedaban algunos pastizales humeantes lo que daba cuenta que el mayor volumen de fuego hab\u00eda transcurrido en horas de la noche anterior (la foto principal de la noticia, fue tomada el d\u00eda anterior). Este vuelo form\u00f3 parte de un dispositivo interprovincial, que contempl\u00f3 la participaci\u00f3n de un helic\u00f3ptero con helibalde, Brigada de respuesta Ambiental de Entre R\u00edos, Defensa Civil, Fuerza A\u00e9rea, Polic\u00eda y Bomberos de Entre R\u00edos, con asiento en la localidad de Alvear (Santa F\u00e9).<\/p>\n\n\n\n<p class=\"has-black-color has-text-color\">Asimismo, se invita a aquellos Pilotos VFR y Comerciales del Aeroclub, habilitados a C152\/C172, que deseen integrar la plantilla de tripulantes para este tipo de vuelos, informarlo al 343-5120641. La inmediatez de los requerimientos necesita que tengamos una lista de pilotos dispuestos para salvar la situaci\u00f3n.<\/p>\n\n\n\n<figure class=\"wp-block-gallery has-nested-images columns-default is-cropped wp-block-gallery-1 is-layout-flex wp-block-gallery-is-layout-flex\">\n<figure class=\"wp-block-image size-large\"><a href=\"https:\/\/aeroclubparana.org.ar\/web\/wp-content\/uploads\/2023\/01\/V_2.jpeg\"><img loading=\"lazy\" decoding=\"async\" width=\"1024\" height=\"576\" data-id=\"1260\" src=\"https:\/\/aeroclubparana.org.ar\/web\/wp-content\/uploads\/2023\/01\/V_2-1024x576.jpeg\" alt=\"\" class=\"wp-image-1260\" srcset=\"https:\/\/aeroclubparana.org.ar\/web\/wp-content\/uploads\/2023\/01\/V_2-1024x576.jpeg 1024w, https:\/\/aeroclubparana.org.ar\/web\/wp-content\/uploads\/2023\/01\/V_2-300x169.jpeg 300w, https:\/\/aeroclubparana.org.ar\/web\/wp-content\/uploads\/2023\/01\/V_2-768x432.jpeg 768w, https:\/\/aeroclubparana.org.ar\/web\/wp-content\/uploads\/2023\/01\/V_2-1080x608.jpeg 1080w, https:\/\/aeroclubparana.org.ar\/web\/wp-content\/uploads\/2023\/01\/V_2.jpeg 1280w\" sizes=\"auto, (max-width: 1024px) 100vw, 1024px\" \/><\/a><\/figure>\n\n\n\n<figure class=\"wp-block-image size-large\"><a href=\"https:\/\/aeroclubparana.org.ar\/web\/wp-content\/uploads\/2023\/01\/V_3-1.jpeg\"><img loading=\"lazy\" decoding=\"async\" width=\"1024\" height=\"576\" data-id=\"1259\" src=\"https:\/\/aeroclubparana.org.ar\/web\/wp-content\/uploads\/2023\/01\/V_3-1-1024x576.jpeg\" alt=\"\" class=\"wp-image-1259\" srcset=\"https:\/\/aeroclubparana.org.ar\/web\/wp-content\/uploads\/2023\/01\/V_3-1-1024x576.jpeg 1024w, https:\/\/aeroclubparana.org.ar\/web\/wp-content\/uploads\/2023\/01\/V_3-1-300x169.jpeg 300w, https:\/\/aeroclubparana.org.ar\/web\/wp-content\/uploads\/2023\/01\/V_3-1-768x432.jpeg 768w, https:\/\/aeroclubparana.org.ar\/web\/wp-content\/uploads\/2023\/01\/V_3-1-1080x608.jpeg 1080w, https:\/\/aeroclubparana.org.ar\/web\/wp-content\/uploads\/2023\/01\/V_3-1.jpeg 1280w\" sizes=\"auto, (max-width: 1024px) 100vw, 1024px\" \/><\/a><\/figure>\n\n\n\n<figure class=\"wp-block-image size-large\"><a href=\"https:\/\/aeroclubparana.org.ar\/web\/wp-content\/uploads\/2023\/01\/V_4.jpeg\"><img loading=\"lazy\" decoding=\"async\" width=\"1024\" height=\"576\" data-id=\"1262\" src=\"https:\/\/aeroclubparana.org.ar\/web\/wp-content\/uploads\/2023\/01\/V_4-1024x576.jpeg\" alt=\"\" class=\"wp-image-1262\" srcset=\"https:\/\/aeroclubparana.org.ar\/web\/wp-content\/uploads\/2023\/01\/V_4-1024x576.jpeg 1024w, https:\/\/aeroclubparana.org.ar\/web\/wp-content\/uploads\/2023\/01\/V_4-300x169.jpeg 300w, https:\/\/aeroclubparana.org.ar\/web\/wp-content\/uploads\/2023\/01\/V_4-768x432.jpeg 768w, https:\/\/aeroclubparana.org.ar\/web\/wp-content\/uploads\/2023\/01\/V_4-1080x608.jpeg 1080w, https:\/\/aeroclubparana.org.ar\/web\/wp-content\/uploads\/2023\/01\/V_4.jpeg 1280w\" sizes=\"auto, (max-width: 1024px) 100vw, 1024px\" \/><\/a><\/figure>\n\n\n\n<figure class=\"wp-block-image size-large\"><a href=\"https:\/\/aeroclubparana.org.ar\/web\/wp-content\/uploads\/2023\/01\/V_5.jpeg\"><img loading=\"lazy\" decoding=\"async\" width=\"1024\" height=\"576\" data-id=\"1261\" src=\"https:\/\/aeroclubparana.org.ar\/web\/wp-content\/uploads\/2023\/01\/V_5-1024x576.jpeg\" alt=\"\" class=\"wp-image-1261\" srcset=\"https:\/\/aeroclubparana.org.ar\/web\/wp-content\/uploads\/2023\/01\/V_5-1024x576.jpeg 1024w, https:\/\/aeroclubparana.org.ar\/web\/wp-content\/uploads\/2023\/01\/V_5-300x169.jpeg 300w, https:\/\/aeroclubparana.org.ar\/web\/wp-content\/uploads\/2023\/01\/V_5-768x432.jpeg 768w, https:\/\/aeroclubparana.org.ar\/web\/wp-content\/uploads\/2023\/01\/V_5-1080x608.jpeg 1080w, https:\/\/aeroclubparana.org.ar\/web\/wp-content\/uploads\/2023\/01\/V_5.jpeg 1280w\" sizes=\"auto, (max-width: 1024px) 100vw, 1024px\" \/><\/a><\/figure>\n\n\n\n<figure class=\"wp-block-image size-large\"><a href=\"https:\/\/aeroclubparana.org.ar\/web\/wp-content\/uploads\/2023\/01\/V_6.jpeg\"><img loading=\"lazy\" decoding=\"async\" width=\"480\" height=\"960\" data-id=\"1263\" src=\"https:\/\/aeroclubparana.org.ar\/web\/wp-content\/uploads\/2023\/01\/V_6.jpeg\" alt=\"\" class=\"wp-image-1263\" srcset=\"https:\/\/aeroclubparana.org.ar\/web\/wp-content\/uploads\/2023\/01\/V_6.jpeg 480w, https:\/\/aeroclubparana.org.ar\/web\/wp-content\/uploads\/2023\/01\/V_6-150x300.jpeg 150w\" sizes=\"auto, (max-width: 480px) 100vw, 480px\" \/><\/a><\/figure>\n\n\n\n<figure class=\"wp-block-image size-large\"><a href=\"https:\/\/aeroclubparana.org.ar\/web\/wp-content\/uploads\/2023\/01\/V_1.jpeg\"><img loading=\"lazy\" decoding=\"async\" width=\"720\" height=\"1280\" data-id=\"1264\" src=\"https:\/\/aeroclubparana.org.ar\/web\/wp-content\/uploads\/2023\/01\/V_1.jpeg\" alt=\"\" class=\"wp-image-1264\" srcset=\"https:\/\/aeroclubparana.org.ar\/web\/wp-content\/uploads\/2023\/01\/V_1.jpeg 720w, https:\/\/aeroclubparana.org.ar\/web\/wp-content\/uploads\/2023\/01\/V_1-169x300.jpeg 169w, https:\/\/aeroclubparana.org.ar\/web\/wp-content\/uploads\/2023\/01\/V_1-576x1024.jpeg 576w\" sizes=\"auto, (max-width: 720px) 100vw, 720px\" \/><\/a><\/figure>\n<\/figure>\n","protected":false},"excerpt":{"rendered":"<p>El pasado d\u00eda Lunes 16\/01\/23, siendo las 07:20 local, nuestro C152 despeg\u00f3 al mando del Piloto Ivan Micheloud, para chequear y registrar focos \u00edgneos en la zona del acceso al T\u00fanel Subfluvial lado Santa F\u00e9. Al arribo de nuestro avi\u00f3n, s\u00f3lo quedaban algunos pastizales humeantes lo que daba cuenta que el mayor volumen de fuego [&hellip;]<\/p>\n","protected":false},"author":2,"featured_media":1265,"comment_status":"open","ping_status":"open","sticky":false,"template":"","format":"standard","meta":{"_et_pb_use_builder":"","_et_pb_old_content":"","_et_gb_content_width":"","footnotes":""},"categories":[1],"tags":[],"class_list":["post-1257","post","type-post","status-publish","format-standard","has-post-thumbnail","hentry","category-uncategorized","et-has-post-format-content","et_post_format-et-post-format-standard"],"yoast_head":"<!-- This site is optimized with the Yoast SEO plugin v22.8 - https:\/\/yoast.com\/wordpress\/plugins\/seo\/ -->\n<title>Primer vuelo vig\u00eda para el Plan Provincial del Manejo del Fuego. - Aeroclub Ciudad de Paran\u00e1<\/title>\n<meta name=\"robots\" content=\"index, follow, max-snippet:-1, max-image-preview:large, max-video-preview:-1\" \/>\n<link rel=\"canonical\" href=\"https:\/\/aeroclubparana.org.ar\/web\/index.php\/2023\/01\/18\/primer-vuelo-vigia-para-el-plan-provincial-del-manejo-del-fuego\/\" \/>\n<meta property=\"og:locale\" content=\"es_ES\" \/>\n<meta property=\"og:type\" content=\"article\" \/>\n<meta property=\"og:title\" content=\"Primer vuelo vig\u00eda para el Plan Provincial del Manejo del Fuego. - Aeroclub Ciudad de Paran\u00e1\" \/>\n<meta property=\"og:description\" content=\"El pasado d\u00eda Lunes 16\/01\/23, siendo las 07:20 local, nuestro C152 despeg\u00f3 al mando del Piloto Ivan Micheloud, para chequear y registrar focos \u00edgneos en la zona del acceso al T\u00fanel Subfluvial lado Santa F\u00e9. Al arribo de nuestro avi\u00f3n, s\u00f3lo quedaban algunos pastizales humeantes lo que daba cuenta que el mayor volumen de fuego [&hellip;]\" \/>\n<meta property=\"og:url\" content=\"https:\/\/aeroclubparana.org.ar\/web\/index.php\/2023\/01\/18\/primer-vuelo-vigia-para-el-plan-provincial-del-manejo-del-fuego\/\" \/>\n<meta property=\"og:site_name\" content=\"Aeroclub Ciudad de Paran\u00e1\" \/>\n<meta property=\"article:published_time\" content=\"2023-01-18T13:54:32+00:00\" \/>\n<meta property=\"article:modified_time\" content=\"2023-01-18T14:12:40+00:00\" \/>\n<meta property=\"og:image\" content=\"https:\/\/aeroclubparana.org.ar\/web\/wp-content\/uploads\/2023\/01\/ciudad.jpeg\" \/>\n\t<meta property=\"og:image:width\" content=\"1280\" \/>\n\t<meta property=\"og:image:height\" content=\"720\" \/>\n\t<meta property=\"og:image:type\" content=\"image\/jpeg\" \/>\n<meta name=\"author\" content=\"Aeroclub Paran\u00e1\" \/>\n<meta name=\"twitter:card\" content=\"summary_large_image\" \/>\n<meta name=\"twitter:label1\" content=\"Escrito por\" \/>\n\t<meta name=\"twitter:data1\" content=\"Aeroclub Paran\u00e1\" \/>\n\t<meta name=\"twitter:label2\" content=\"Tiempo de lectura\" \/>\n\t<meta name=\"twitter:data2\" content=\"2 minutos\" \/>\n<script type=\"application\/ld+json\" class=\"yoast-schema-graph\">{\"@context\":\"https:\/\/schema.org\",\"@graph\":[{\"@type\":\"WebPage\",\"@id\":\"https:\/\/aeroclubparana.org.ar\/web\/index.php\/2023\/01\/18\/primer-vuelo-vigia-para-el-plan-provincial-del-manejo-del-fuego\/\",\"url\":\"https:\/\/aeroclubparana.org.ar\/web\/index.php\/2023\/01\/18\/primer-vuelo-vigia-para-el-plan-provincial-del-manejo-del-fuego\/\",\"name\":\"Primer vuelo vig\u00eda para el Plan Provincial del Manejo del Fuego. - Aeroclub Ciudad de Paran\u00e1\",\"isPartOf\":{\"@id\":\"https:\/\/aeroclubparana.org.ar\/web\/#website\"},\"primaryImageOfPage\":{\"@id\":\"https:\/\/aeroclubparana.org.ar\/web\/index.php\/2023\/01\/18\/primer-vuelo-vigia-para-el-plan-provincial-del-manejo-del-fuego\/#primaryimage\"},\"image\":{\"@id\":\"https:\/\/aeroclubparana.org.ar\/web\/index.php\/2023\/01\/18\/primer-vuelo-vigia-para-el-plan-provincial-del-manejo-del-fuego\/#primaryimage\"},\"thumbnailUrl\":\"https:\/\/aeroclubparana.org.ar\/web\/wp-content\/uploads\/2023\/01\/ciudad.jpeg\",\"datePublished\":\"2023-01-18T13:54:32+00:00\",\"dateModified\":\"2023-01-18T14:12:40+00:00\",\"author\":{\"@id\":\"https:\/\/aeroclubparana.org.ar\/web\/#\/schema\/person\/30f08c2720d348886b3c95c716eda4ee\"},\"breadcrumb\":{\"@id\":\"https:\/\/aeroclubparana.org.ar\/web\/index.php\/2023\/01\/18\/primer-vuelo-vigia-para-el-plan-provincial-del-manejo-del-fuego\/#breadcrumb\"},\"inLanguage\":\"es\",\"potentialAction\":[{\"@type\":\"ReadAction\",\"target\":[\"https:\/\/aeroclubparana.org.ar\/web\/index.php\/2023\/01\/18\/primer-vuelo-vigia-para-el-plan-provincial-del-manejo-del-fuego\/\"]}]},{\"@type\":\"ImageObject\",\"inLanguage\":\"es\",\"@id\":\"https:\/\/aeroclubparana.org.ar\/web\/index.php\/2023\/01\/18\/primer-vuelo-vigia-para-el-plan-provincial-del-manejo-del-fuego\/#primaryimage\",\"url\":\"https:\/\/aeroclubparana.org.ar\/web\/wp-content\/uploads\/2023\/01\/ciudad.jpeg\",\"contentUrl\":\"https:\/\/aeroclubparana.org.ar\/web\/wp-content\/uploads\/2023\/01\/ciudad.jpeg\",\"width\":1280,\"height\":720},{\"@type\":\"BreadcrumbList\",\"@id\":\"https:\/\/aeroclubparana.org.ar\/web\/index.php\/2023\/01\/18\/primer-vuelo-vigia-para-el-plan-provincial-del-manejo-del-fuego\/#breadcrumb\",\"itemListElement\":[{\"@type\":\"ListItem\",\"position\":1,\"name\":\"Home\",\"item\":\"https:\/\/aeroclubparana.org.ar\/web\/\"},{\"@type\":\"ListItem\",\"position\":2,\"name\":\"Primer vuelo vig\u00eda para el Plan Provincial del Manejo del Fuego.\"}]},{\"@type\":\"WebSite\",\"@id\":\"https:\/\/aeroclubparana.org.ar\/web\/#website\",\"url\":\"https:\/\/aeroclubparana.org.ar\/web\/\",\"name\":\"Aeroclub Ciudad de Paran\u00e1\",\"description\":\"\",\"potentialAction\":[{\"@type\":\"SearchAction\",\"target\":{\"@type\":\"EntryPoint\",\"urlTemplate\":\"https:\/\/aeroclubparana.org.ar\/web\/?s={search_term_string}\"},\"query-input\":\"required name=search_term_string\"}],\"inLanguage\":\"es\"},{\"@type\":\"Person\",\"@id\":\"https:\/\/aeroclubparana.org.ar\/web\/#\/schema\/person\/30f08c2720d348886b3c95c716eda4ee\",\"name\":\"Aeroclub Paran\u00e1\",\"image\":{\"@type\":\"ImageObject\",\"inLanguage\":\"es\",\"@id\":\"https:\/\/aeroclubparana.org.ar\/web\/#\/schema\/person\/image\/\",\"url\":\"https:\/\/secure.gravatar.com\/avatar\/bf5974e327a751bee34ee94520c70420?s=96&d=mm&r=g\",\"contentUrl\":\"https:\/\/secure.gravatar.com\/avatar\/bf5974e327a751bee34ee94520c70420?s=96&d=mm&r=g\",\"caption\":\"Aeroclub Paran\u00e1\"},\"url\":\"https:\/\/aeroclubparana.org.ar\/web\/index.php\/author\/aeroclubparana\/\"}]}<\/script>\n<!-- \/ Yoast SEO plugin. -->","yoast_head_json":{"title":"Primer vuelo vig\u00eda para el Plan Provincial del Manejo del Fuego. - Aeroclub Ciudad de Paran\u00e1","robots":{"index":"index","follow":"follow","max-snippet":"max-snippet:-1","max-image-preview":"max-image-preview:large","max-video-preview":"max-video-preview:-1"},"canonical":"https:\/\/aeroclubparana.org.ar\/web\/index.php\/2023\/01\/18\/primer-vuelo-vigia-para-el-plan-provincial-del-manejo-del-fuego\/","og_locale":"es_ES","og_type":"article","og_title":"Primer vuelo vig\u00eda para el Plan Provincial del Manejo del Fuego. - Aeroclub Ciudad de Paran\u00e1","og_description":"El pasado d\u00eda Lunes 16\/01\/23, siendo las 07:20 local, nuestro C152 despeg\u00f3 al mando del Piloto Ivan Micheloud, para chequear y registrar focos \u00edgneos en la zona del acceso al T\u00fanel Subfluvial lado Santa F\u00e9. Al arribo de nuestro avi\u00f3n, s\u00f3lo quedaban algunos pastizales humeantes lo que daba cuenta que el mayor volumen de fuego [&hellip;]","og_url":"https:\/\/aeroclubparana.org.ar\/web\/index.php\/2023\/01\/18\/primer-vuelo-vigia-para-el-plan-provincial-del-manejo-del-fuego\/","og_site_name":"Aeroclub Ciudad de Paran\u00e1","article_published_time":"2023-01-18T13:54:32+00:00","article_modified_time":"2023-01-18T14:12:40+00:00","og_image":[{"width":1280,"height":720,"url":"https:\/\/aeroclubparana.org.ar\/web\/wp-content\/uploads\/2023\/01\/ciudad.jpeg","type":"image\/jpeg"}],"author":"Aeroclub Paran\u00e1","twitter_card":"summary_large_image","twitter_misc":{"Escrito por":"Aeroclub Paran\u00e1","Tiempo de lectura":"2 minutos"},"schema":{"@context":"https:\/\/schema.org","@graph":[{"@type":"WebPage","@id":"https:\/\/aeroclubparana.org.ar\/web\/index.php\/2023\/01\/18\/primer-vuelo-vigia-para-el-plan-provincial-del-manejo-del-fuego\/","url":"https:\/\/aeroclubparana.org.ar\/web\/index.php\/2023\/01\/18\/primer-vuelo-vigia-para-el-plan-provincial-del-manejo-del-fuego\/","name":"Primer vuelo vig\u00eda para el Plan Provincial del Manejo del Fuego. - Aeroclub Ciudad de Paran\u00e1","isPartOf":{"@id":"https:\/\/aeroclubparana.org.ar\/web\/#website"},"primaryImageOfPage":{"@id":"https:\/\/aeroclubparana.org.ar\/web\/index.php\/2023\/01\/18\/primer-vuelo-vigia-para-el-plan-provincial-del-manejo-del-fuego\/#primaryimage"},"image":{"@id":"https:\/\/aeroclubparana.org.ar\/web\/index.php\/2023\/01\/18\/primer-vuelo-vigia-para-el-plan-provincial-del-manejo-del-fuego\/#primaryimage"},"thumbnailUrl":"https:\/\/aeroclubparana.org.ar\/web\/wp-content\/uploads\/2023\/01\/ciudad.jpeg","datePublished":"2023-01-18T13:54:32+00:00","dateModified":"2023-01-18T14:12:40+00:00","author":{"@id":"https:\/\/aeroclubparana.org.ar\/web\/#\/schema\/person\/30f08c2720d348886b3c95c716eda4ee"},"breadcrumb":{"@id":"https:\/\/aeroclubparana.org.ar\/web\/index.php\/2023\/01\/18\/primer-vuelo-vigia-para-el-plan-provincial-del-manejo-del-fuego\/#breadcrumb"},"inLanguage":"es","potentialAction":[{"@type":"ReadAction","target":["https:\/\/aeroclubparana.org.ar\/web\/index.php\/2023\/01\/18\/primer-vuelo-vigia-para-el-plan-provincial-del-manejo-del-fuego\/"]}]},{"@type":"ImageObject","inLanguage":"es","@id":"https:\/\/aeroclubparana.org.ar\/web\/index.php\/2023\/01\/18\/primer-vuelo-vigia-para-el-plan-provincial-del-manejo-del-fuego\/#primaryimage","url":"https:\/\/aeroclubparana.org.ar\/web\/wp-content\/uploads\/2023\/01\/ciudad.jpeg","contentUrl":"https:\/\/aeroclubparana.org.ar\/web\/wp-content\/uploads\/2023\/01\/ciudad.jpeg","width":1280,"height":720},{"@type":"BreadcrumbList","@id":"https:\/\/aeroclubparana.org.ar\/web\/index.php\/2023\/01\/18\/primer-vuelo-vigia-para-el-plan-provincial-del-manejo-del-fuego\/#breadcrumb","itemListElement":[{"@type":"ListItem","position":1,"name":"Home","item":"https:\/\/aeroclubparana.org.ar\/web\/"},{"@type":"ListItem","position":2,"name":"Primer vuelo vig\u00eda para el Plan Provincial del Manejo del Fuego."}]},{"@type":"WebSite","@id":"https:\/\/aeroclubparana.org.ar\/web\/#website","url":"https:\/\/aeroclubparana.org.ar\/web\/","name":"Aeroclub Ciudad de Paran\u00e1","description":"","potentialAction":[{"@type":"SearchAction","target":{"@type":"EntryPoint","urlTemplate":"https:\/\/aeroclubparana.org.ar\/web\/?s={search_term_string}"},"query-input":"required name=search_term_string"}],"inLanguage":"es"},{"@type":"Person","@id":"https:\/\/aeroclubparana.org.ar\/web\/#\/schema\/person\/30f08c2720d348886b3c95c716eda4ee","name":"Aeroclub Paran\u00e1","image":{"@type":"ImageObject","inLanguage":"es","@id":"https:\/\/aeroclubparana.org.ar\/web\/#\/schema\/person\/image\/","url":"https:\/\/secure.gravatar.com\/avatar\/bf5974e327a751bee34ee94520c70420?s=96&d=mm&r=g","contentUrl":"https:\/\/secure.gravatar.com\/avatar\/bf5974e327a751bee34ee94520c70420?s=96&d=mm&r=g","caption":"Aeroclub Paran\u00e1"},"url":"https:\/\/aeroclubparana.org.ar\/web\/index.php\/author\/aeroclubparana\/"}]}},"_links":{"self":[{"href":"https:\/\/aeroclubparana.org.ar\/web\/index.php\/wp-json\/wp\/v2\/posts\/1257","targetHints":{"allow":["GET"]}}],"collection":[{"href":"https:\/\/aeroclubparana.org.ar\/web\/index.php\/wp-json\/wp\/v2\/posts"}],"about":[{"href":"https:\/\/aeroclubparana.org.ar\/web\/index.php\/wp-json\/wp\/v2\/types\/post"}],"author":[{"embeddable":true,"href":"https:\/\/aeroclubparana.org.ar\/web\/index.php\/wp-json\/wp\/v2\/users\/2"}],"replies":[{"embeddable":true,"href":"https:\/\/aeroclubparana.org.ar\/web\/index.php\/wp-json\/wp\/v2\/comments?post=1257"}],"version-history":[{"count":5,"href":"https:\/\/aeroclubparana.org.ar\/web\/index.php\/wp-json\/wp\/v2\/posts\/1257\/revisions"}],"predecessor-version":[{"id":1271,"href":"https:\/\/aeroclubparana.org.ar\/web\/index.php\/wp-json\/wp\/v2\/posts\/1257\/revisions\/1271"}],"wp:featuredmedia":[{"embeddable":true,"href":"https:\/\/aeroclubparana.org.ar\/web\/index.php\/wp-json\/wp\/v2\/media\/1265"}],"wp:attachment":[{"href":"https:\/\/aeroclubparana.org.ar\/web\/index.php\/wp-json\/wp\/v2\/media?parent=1257"}],"wp:term":[{"taxonomy":"category","embeddable":true,"href":"https:\/\/aeroclubparana.org.ar\/web\/index.php\/wp-json\/wp\/v2\/categories?post=1257"},{"taxonomy":"post_tag","embeddable":true,"href":"https:\/\/aeroclubparana.org.ar\/web\/index.php\/wp-json\/wp\/v2\/tags?post=1257"}],"curies":[{"name":"wp","href":"https:\/\/api.w.org\/{rel}","templated":true}]}}