{"id":1238,"date":"2022-12-14T20:34:16","date_gmt":"2022-12-14T20:34:16","guid":{"rendered":"https:\/\/aeroclubparana.org.ar\/web\/?p=1238"},"modified":"2022-12-14T20:34:19","modified_gmt":"2022-12-14T20:34:19","slug":"cena-de-despedida-de-ano","status":"publish","type":"post","link":"https:\/\/aeroclubparana.org.ar\/web\/index.php\/2022\/12\/14\/cena-de-despedida-de-ano\/","title":{"rendered":"Cena de despedida de a\u00f1o."},"content":{"rendered":"\n<p class=\"has-black-color has-text-color\">El pasado s\u00e1bado 10 de diciembre, y tal como fuera informado, se llev\u00f3 a cabo la cena de fin de a\u00f1o. En un marco de camarader\u00eda, los asadores Enzo Zandomeni y Norbert Brenner, se calzaron la 10 frente a los fuegos para servirnos un excelente asado como broche final de este 2022.<\/p>\n\n\n\n<p class=\"has-black-color has-text-color\">En \u00e9pocas de balances y conclusiones podemos decir que hemos pasado un a\u00f1o at\u00edpico en lo que respecta a la actividad en general y de la escuela en particular. En este sentido, bien vale el agradecimiento de la CD a los Instructores y sus alumnos, alumnas y pilotos que supieron entender y acompa\u00f1ar un proceso dif\u00edcil relacionado con el parque a\u00e9reo de nuestra Instituci\u00f3n. A nuestras ganas de avanzar, se contrapuso una situaci\u00f3n econ\u00f3mica y financiera de nuestro pa\u00eds que nos impidi\u00f3 el acceso a los repuestos y accesorios necesarios para la puesta en servicio de los aviones. En este punto surgi\u00f3 la figura de nuestro Tesorero, Jos\u00e9 Lu\u00eds D\u00edaz, quien tomo las riendas de este dif\u00edcil proceso y en este sentido, lo queremos reconocer y destacar.<\/p>\n\n\n\n<p class=\"has-black-color has-text-color\">Esta situaci\u00f3n de incertidumbre y dificultad econ\u00f3mica -que aplica a todos los aspectos de la generaci\u00f3n de productos y servicios en nuestro pa\u00eds- a\u00fan se mantiene y nos lleva a tener una planificaci\u00f3n m\u00e1s que ajustada para evitar que la Escuela\/Ciac se vea nuevamente afectada.<\/p>\n\n\n\n<p class=\"has-black-color has-text-color\">No podemos dejar de se\u00f1alar, la obra del p\u00f3rtico de acceso con el soporte t\u00e9cnico de Eduardo Dominguez en el dise\u00f1o y c\u00e1lculo de materiales. Impecable.<\/p>\n\n\n\n<p class=\"has-black-color has-text-color\">Por \u00faltimo. A los que participaron y acompa\u00f1aron este momento de camarader\u00eda, muchas gracias. Nos falta reunirnos m\u00e1s, sobre todo con los j\u00f3venes que en buen numero siempre acompa\u00f1an y que \u2013ojal\u00e1- tomen las banderas de pertenencia de nuestro querido Aeroclub.<\/p>\n\n\n\n<p class=\"has-black-color has-text-color\">Hay m\u00e1s para contar, pero nos reservamos para la asamblea, lugar al que todos los socios pueden -y deben- participar. Es el \u00e1mbito para vernos, reconocernos y desde la CD, informar y poner a consideraci\u00f3n lo actuado.<\/p>\n\n\n\n<figure class=\"wp-block-gallery has-nested-images columns-default is-cropped wp-block-gallery-1 is-layout-flex wp-block-gallery-is-layout-flex\">\n<figure class=\"wp-block-image size-large\"><a href=\"https:\/\/aeroclubparana.org.ar\/web\/wp-content\/uploads\/2022\/12\/dm_2.jpg\"><img loading=\"lazy\" decoding=\"async\" width=\"1024\" height=\"451\" data-id=\"1239\" src=\"https:\/\/aeroclubparana.org.ar\/web\/wp-content\/uploads\/2022\/12\/dm_2-1024x451.jpg\" alt=\"\" class=\"wp-image-1239\" srcset=\"https:\/\/aeroclubparana.org.ar\/web\/wp-content\/uploads\/2022\/12\/dm_2-1024x451.jpg 1024w, https:\/\/aeroclubparana.org.ar\/web\/wp-content\/uploads\/2022\/12\/dm_2-300x132.jpg 300w, https:\/\/aeroclubparana.org.ar\/web\/wp-content\/uploads\/2022\/12\/dm_2-768x338.jpg 768w, https:\/\/aeroclubparana.org.ar\/web\/wp-content\/uploads\/2022\/12\/dm_2-1536x676.jpg 1536w, https:\/\/aeroclubparana.org.ar\/web\/wp-content\/uploads\/2022\/12\/dm_2-1080x475.jpg 1080w, https:\/\/aeroclubparana.org.ar\/web\/wp-content\/uploads\/2022\/12\/dm_2.jpg 1600w\" sizes=\"auto, (max-width: 1024px) 100vw, 1024px\" \/><\/a><\/figure>\n\n\n\n<figure class=\"wp-block-image size-large\"><a href=\"https:\/\/aeroclubparana.org.ar\/web\/wp-content\/uploads\/2022\/12\/dm_3.jpg\"><img loading=\"lazy\" decoding=\"async\" width=\"1024\" height=\"451\" data-id=\"1244\" src=\"https:\/\/aeroclubparana.org.ar\/web\/wp-content\/uploads\/2022\/12\/dm_3-1024x451.jpg\" alt=\"\" class=\"wp-image-1244\" srcset=\"https:\/\/aeroclubparana.org.ar\/web\/wp-content\/uploads\/2022\/12\/dm_3-1024x451.jpg 1024w, https:\/\/aeroclubparana.org.ar\/web\/wp-content\/uploads\/2022\/12\/dm_3-300x132.jpg 300w, https:\/\/aeroclubparana.org.ar\/web\/wp-content\/uploads\/2022\/12\/dm_3-768x338.jpg 768w, https:\/\/aeroclubparana.org.ar\/web\/wp-content\/uploads\/2022\/12\/dm_3-1536x676.jpg 1536w, https:\/\/aeroclubparana.org.ar\/web\/wp-content\/uploads\/2022\/12\/dm_3-1080x475.jpg 1080w, https:\/\/aeroclubparana.org.ar\/web\/wp-content\/uploads\/2022\/12\/dm_3.jpg 1600w\" sizes=\"auto, (max-width: 1024px) 100vw, 1024px\" \/><\/a><\/figure>\n\n\n\n<figure class=\"wp-block-image size-large\"><a href=\"https:\/\/aeroclubparana.org.ar\/web\/wp-content\/uploads\/2022\/12\/dm_4.jpg\"><img loading=\"lazy\" decoding=\"async\" width=\"1024\" height=\"451\" data-id=\"1251\" src=\"https:\/\/aeroclubparana.org.ar\/web\/wp-content\/uploads\/2022\/12\/dm_4-1024x451.jpg\" alt=\"\" class=\"wp-image-1251\" srcset=\"https:\/\/aeroclubparana.org.ar\/web\/wp-content\/uploads\/2022\/12\/dm_4-1024x451.jpg 1024w, https:\/\/aeroclubparana.org.ar\/web\/wp-content\/uploads\/2022\/12\/dm_4-300x132.jpg 300w, https:\/\/aeroclubparana.org.ar\/web\/wp-content\/uploads\/2022\/12\/dm_4-768x338.jpg 768w, https:\/\/aeroclubparana.org.ar\/web\/wp-content\/uploads\/2022\/12\/dm_4-1536x676.jpg 1536w, https:\/\/aeroclubparana.org.ar\/web\/wp-content\/uploads\/2022\/12\/dm_4-1080x475.jpg 1080w, https:\/\/aeroclubparana.org.ar\/web\/wp-content\/uploads\/2022\/12\/dm_4.jpg 1600w\" sizes=\"auto, (max-width: 1024px) 100vw, 1024px\" \/><\/a><\/figure>\n\n\n\n<figure class=\"wp-block-image size-large\"><a href=\"https:\/\/aeroclubparana.org.ar\/web\/wp-content\/uploads\/2022\/12\/dm_5.jpg\"><img loading=\"lazy\" decoding=\"async\" width=\"1024\" height=\"451\" data-id=\"1249\" src=\"https:\/\/aeroclubparana.org.ar\/web\/wp-content\/uploads\/2022\/12\/dm_5-1024x451.jpg\" alt=\"\" class=\"wp-image-1249\" srcset=\"https:\/\/aeroclubparana.org.ar\/web\/wp-content\/uploads\/2022\/12\/dm_5-1024x451.jpg 1024w, https:\/\/aeroclubparana.org.ar\/web\/wp-content\/uploads\/2022\/12\/dm_5-300x132.jpg 300w, https:\/\/aeroclubparana.org.ar\/web\/wp-content\/uploads\/2022\/12\/dm_5-768x338.jpg 768w, https:\/\/aeroclubparana.org.ar\/web\/wp-content\/uploads\/2022\/12\/dm_5-1536x676.jpg 1536w, https:\/\/aeroclubparana.org.ar\/web\/wp-content\/uploads\/2022\/12\/dm_5-1080x475.jpg 1080w, https:\/\/aeroclubparana.org.ar\/web\/wp-content\/uploads\/2022\/12\/dm_5.jpg 1600w\" sizes=\"auto, (max-width: 1024px) 100vw, 1024px\" \/><\/a><\/figure>\n\n\n\n<figure class=\"wp-block-image size-large\"><a href=\"https:\/\/aeroclubparana.org.ar\/web\/wp-content\/uploads\/2022\/12\/dm_6.jpg\"><img loading=\"lazy\" decoding=\"async\" width=\"1024\" height=\"451\" data-id=\"1246\" src=\"https:\/\/aeroclubparana.org.ar\/web\/wp-content\/uploads\/2022\/12\/dm_6-1024x451.jpg\" alt=\"\" class=\"wp-image-1246\" srcset=\"https:\/\/aeroclubparana.org.ar\/web\/wp-content\/uploads\/2022\/12\/dm_6-1024x451.jpg 1024w, https:\/\/aeroclubparana.org.ar\/web\/wp-content\/uploads\/2022\/12\/dm_6-300x132.jpg 300w, https:\/\/aeroclubparana.org.ar\/web\/wp-content\/uploads\/2022\/12\/dm_6-768x338.jpg 768w, https:\/\/aeroclubparana.org.ar\/web\/wp-content\/uploads\/2022\/12\/dm_6-1536x676.jpg 1536w, https:\/\/aeroclubparana.org.ar\/web\/wp-content\/uploads\/2022\/12\/dm_6-1080x475.jpg 1080w, https:\/\/aeroclubparana.org.ar\/web\/wp-content\/uploads\/2022\/12\/dm_6.jpg 1600w\" sizes=\"auto, (max-width: 1024px) 100vw, 1024px\" \/><\/a><\/figure>\n\n\n\n<figure class=\"wp-block-image size-large\"><a href=\"https:\/\/aeroclubparana.org.ar\/web\/wp-content\/uploads\/2022\/12\/dm_7.jpg\"><img loading=\"lazy\" decoding=\"async\" width=\"1024\" height=\"451\" data-id=\"1248\" src=\"https:\/\/aeroclubparana.org.ar\/web\/wp-content\/uploads\/2022\/12\/dm_7-1024x451.jpg\" alt=\"\" class=\"wp-image-1248\" srcset=\"https:\/\/aeroclubparana.org.ar\/web\/wp-content\/uploads\/2022\/12\/dm_7-1024x451.jpg 1024w, https:\/\/aeroclubparana.org.ar\/web\/wp-content\/uploads\/2022\/12\/dm_7-300x132.jpg 300w, https:\/\/aeroclubparana.org.ar\/web\/wp-content\/uploads\/2022\/12\/dm_7-768x338.jpg 768w, https:\/\/aeroclubparana.org.ar\/web\/wp-content\/uploads\/2022\/12\/dm_7-1536x676.jpg 1536w, https:\/\/aeroclubparana.org.ar\/web\/wp-content\/uploads\/2022\/12\/dm_7-1080x475.jpg 1080w, https:\/\/aeroclubparana.org.ar\/web\/wp-content\/uploads\/2022\/12\/dm_7.jpg 1600w\" sizes=\"auto, (max-width: 1024px) 100vw, 1024px\" \/><\/a><\/figure>\n\n\n\n<figure class=\"wp-block-image size-large\"><a href=\"https:\/\/aeroclubparana.org.ar\/web\/wp-content\/uploads\/2022\/12\/dm_8.jpg\"><img loading=\"lazy\" decoding=\"async\" width=\"1024\" height=\"451\" data-id=\"1243\" src=\"https:\/\/aeroclubparana.org.ar\/web\/wp-content\/uploads\/2022\/12\/dm_8-1024x451.jpg\" alt=\"\" class=\"wp-image-1243\" srcset=\"https:\/\/aeroclubparana.org.ar\/web\/wp-content\/uploads\/2022\/12\/dm_8-1024x451.jpg 1024w, https:\/\/aeroclubparana.org.ar\/web\/wp-content\/uploads\/2022\/12\/dm_8-300x132.jpg 300w, https:\/\/aeroclubparana.org.ar\/web\/wp-content\/uploads\/2022\/12\/dm_8-768x338.jpg 768w, https:\/\/aeroclubparana.org.ar\/web\/wp-content\/uploads\/2022\/12\/dm_8-1536x676.jpg 1536w, https:\/\/aeroclubparana.org.ar\/web\/wp-content\/uploads\/2022\/12\/dm_8-1080x475.jpg 1080w, https:\/\/aeroclubparana.org.ar\/web\/wp-content\/uploads\/2022\/12\/dm_8.jpg 1600w\" sizes=\"auto, (max-width: 1024px) 100vw, 1024px\" \/><\/a><\/figure>\n\n\n\n<figure class=\"wp-block-image size-large\"><a href=\"https:\/\/aeroclubparana.org.ar\/web\/wp-content\/uploads\/2022\/12\/dm_9.jpg\"><img loading=\"lazy\" decoding=\"async\" width=\"1024\" height=\"451\" data-id=\"1250\" src=\"https:\/\/aeroclubparana.org.ar\/web\/wp-content\/uploads\/2022\/12\/dm_9-1024x451.jpg\" alt=\"\" class=\"wp-image-1250\" srcset=\"https:\/\/aeroclubparana.org.ar\/web\/wp-content\/uploads\/2022\/12\/dm_9-1024x451.jpg 1024w, https:\/\/aeroclubparana.org.ar\/web\/wp-content\/uploads\/2022\/12\/dm_9-300x132.jpg 300w, https:\/\/aeroclubparana.org.ar\/web\/wp-content\/uploads\/2022\/12\/dm_9-768x338.jpg 768w, https:\/\/aeroclubparana.org.ar\/web\/wp-content\/uploads\/2022\/12\/dm_9-1536x676.jpg 1536w, https:\/\/aeroclubparana.org.ar\/web\/wp-content\/uploads\/2022\/12\/dm_9-1080x475.jpg 1080w, https:\/\/aeroclubparana.org.ar\/web\/wp-content\/uploads\/2022\/12\/dm_9.jpg 1600w\" sizes=\"auto, (max-width: 1024px) 100vw, 1024px\" \/><\/a><\/figure>\n\n\n\n<figure class=\"wp-block-image size-large\"><a href=\"https:\/\/aeroclubparana.org.ar\/web\/wp-content\/uploads\/2022\/12\/ez_1.jpg\"><img loading=\"lazy\" decoding=\"async\" width=\"1024\" height=\"576\" data-id=\"1247\" src=\"https:\/\/aeroclubparana.org.ar\/web\/wp-content\/uploads\/2022\/12\/ez_1-1024x576.jpg\" alt=\"\" class=\"wp-image-1247\" srcset=\"https:\/\/aeroclubparana.org.ar\/web\/wp-content\/uploads\/2022\/12\/ez_1-1024x576.jpg 1024w, https:\/\/aeroclubparana.org.ar\/web\/wp-content\/uploads\/2022\/12\/ez_1-300x169.jpg 300w, https:\/\/aeroclubparana.org.ar\/web\/wp-content\/uploads\/2022\/12\/ez_1-768x432.jpg 768w, https:\/\/aeroclubparana.org.ar\/web\/wp-content\/uploads\/2022\/12\/ez_1-1080x607.jpg 1080w, https:\/\/aeroclubparana.org.ar\/web\/wp-content\/uploads\/2022\/12\/ez_1.jpg 1094w\" sizes=\"auto, (max-width: 1024px) 100vw, 1024px\" \/><\/a><\/figure>\n\n\n\n<figure class=\"wp-block-image size-large\"><a href=\"https:\/\/aeroclubparana.org.ar\/web\/wp-content\/uploads\/2022\/12\/ez_2.jpg\"><img loading=\"lazy\" decoding=\"async\" width=\"346\" height=\"615\" data-id=\"1252\" src=\"https:\/\/aeroclubparana.org.ar\/web\/wp-content\/uploads\/2022\/12\/ez_2.jpg\" alt=\"\" class=\"wp-image-1252\" srcset=\"https:\/\/aeroclubparana.org.ar\/web\/wp-content\/uploads\/2022\/12\/ez_2.jpg 346w, https:\/\/aeroclubparana.org.ar\/web\/wp-content\/uploads\/2022\/12\/ez_2-169x300.jpg 169w\" sizes=\"auto, (max-width: 346px) 100vw, 346px\" \/><\/a><\/figure>\n\n\n\n<figure class=\"wp-block-image size-large\"><a href=\"https:\/\/aeroclubparana.org.ar\/web\/wp-content\/uploads\/2022\/12\/ez_3.jpg\"><img loading=\"lazy\" decoding=\"async\" width=\"346\" height=\"615\" data-id=\"1242\" src=\"https:\/\/aeroclubparana.org.ar\/web\/wp-content\/uploads\/2022\/12\/ez_3.jpg\" alt=\"\" class=\"wp-image-1242\" srcset=\"https:\/\/aeroclubparana.org.ar\/web\/wp-content\/uploads\/2022\/12\/ez_3.jpg 346w, https:\/\/aeroclubparana.org.ar\/web\/wp-content\/uploads\/2022\/12\/ez_3-169x300.jpg 169w\" sizes=\"auto, (max-width: 346px) 100vw, 346px\" \/><\/a><\/figure>\n\n\n\n<figure class=\"wp-block-image size-large\"><a href=\"https:\/\/aeroclubparana.org.ar\/web\/wp-content\/uploads\/2022\/12\/ez_4.jpg\"><img loading=\"lazy\" decoding=\"async\" width=\"346\" height=\"615\" data-id=\"1241\" src=\"https:\/\/aeroclubparana.org.ar\/web\/wp-content\/uploads\/2022\/12\/ez_4.jpg\" alt=\"\" class=\"wp-image-1241\" srcset=\"https:\/\/aeroclubparana.org.ar\/web\/wp-content\/uploads\/2022\/12\/ez_4.jpg 346w, https:\/\/aeroclubparana.org.ar\/web\/wp-content\/uploads\/2022\/12\/ez_4-169x300.jpg 169w\" sizes=\"auto, (max-width: 346px) 100vw, 346px\" \/><\/a><\/figure>\n\n\n\n<figure class=\"wp-block-image size-large\"><a href=\"https:\/\/aeroclubparana.org.ar\/web\/wp-content\/uploads\/2022\/12\/ez_5.jpg\"><img loading=\"lazy\" decoding=\"async\" width=\"346\" height=\"615\" data-id=\"1240\" src=\"https:\/\/aeroclubparana.org.ar\/web\/wp-content\/uploads\/2022\/12\/ez_5.jpg\" alt=\"\" class=\"wp-image-1240\" srcset=\"https:\/\/aeroclubparana.org.ar\/web\/wp-content\/uploads\/2022\/12\/ez_5.jpg 346w, https:\/\/aeroclubparana.org.ar\/web\/wp-content\/uploads\/2022\/12\/ez_5-169x300.jpg 169w\" sizes=\"auto, (max-width: 346px) 100vw, 346px\" \/><\/a><\/figure>\n\n\n\n<figure class=\"wp-block-image size-large\"><a href=\"https:\/\/aeroclubparana.org.ar\/web\/wp-content\/uploads\/2022\/12\/ez_6.jpg\"><img loading=\"lazy\" decoding=\"async\" width=\"346\" height=\"615\" data-id=\"1245\" src=\"https:\/\/aeroclubparana.org.ar\/web\/wp-content\/uploads\/2022\/12\/ez_6.jpg\" alt=\"\" class=\"wp-image-1245\" srcset=\"https:\/\/aeroclubparana.org.ar\/web\/wp-content\/uploads\/2022\/12\/ez_6.jpg 346w, https:\/\/aeroclubparana.org.ar\/web\/wp-content\/uploads\/2022\/12\/ez_6-169x300.jpg 169w\" sizes=\"auto, (max-width: 346px) 100vw, 346px\" \/><\/a><\/figure>\n<\/figure>\n","protected":false},"excerpt":{"rendered":"<p>El pasado s\u00e1bado 10 de diciembre, y tal como fuera informado, se llev\u00f3 a cabo la cena de fin de a\u00f1o. En un marco de camarader\u00eda, los asadores Enzo Zandomeni y Norbert Brenner, se calzaron la 10 frente a los fuegos para servirnos un excelente asado como broche final de este 2022. En \u00e9pocas de [&hellip;]<\/p>\n","protected":false},"author":2,"featured_media":1253,"comment_status":"open","ping_status":"open","sticky":false,"template":"","format":"standard","meta":{"_et_pb_use_builder":"","_et_pb_old_content":"","_et_gb_content_width":"","footnotes":""},"categories":[1],"tags":[],"class_list":["post-1238","post","type-post","status-publish","format-standard","has-post-thumbnail","hentry","category-uncategorized","et-has-post-format-content","et_post_format-et-post-format-standard"],"yoast_head":"<!-- This site is optimized with the Yoast SEO plugin v22.8 - https:\/\/yoast.com\/wordpress\/plugins\/seo\/ -->\n<title>Cena de despedida de a\u00f1o. - Aeroclub Ciudad de Paran\u00e1<\/title>\n<meta name=\"robots\" content=\"index, follow, max-snippet:-1, max-image-preview:large, max-video-preview:-1\" \/>\n<link rel=\"canonical\" href=\"https:\/\/aeroclubparana.org.ar\/web\/index.php\/2022\/12\/14\/cena-de-despedida-de-ano\/\" \/>\n<meta property=\"og:locale\" content=\"es_ES\" \/>\n<meta property=\"og:type\" content=\"article\" \/>\n<meta property=\"og:title\" content=\"Cena de despedida de a\u00f1o. - Aeroclub Ciudad de Paran\u00e1\" \/>\n<meta property=\"og:description\" content=\"El pasado s\u00e1bado 10 de diciembre, y tal como fuera informado, se llev\u00f3 a cabo la cena de fin de a\u00f1o. En un marco de camarader\u00eda, los asadores Enzo Zandomeni y Norbert Brenner, se calzaron la 10 frente a los fuegos para servirnos un excelente asado como broche final de este 2022. En \u00e9pocas de [&hellip;]\" \/>\n<meta property=\"og:url\" content=\"https:\/\/aeroclubparana.org.ar\/web\/index.php\/2022\/12\/14\/cena-de-despedida-de-ano\/\" \/>\n<meta property=\"og:site_name\" content=\"Aeroclub Ciudad de Paran\u00e1\" \/>\n<meta property=\"article:published_time\" content=\"2022-12-14T20:34:16+00:00\" \/>\n<meta property=\"article:modified_time\" content=\"2022-12-14T20:34:19+00:00\" \/>\n<meta property=\"og:image\" content=\"https:\/\/aeroclubparana.org.ar\/web\/wp-content\/uploads\/2022\/12\/dm_1.jpg\" \/>\n\t<meta property=\"og:image:width\" content=\"1600\" \/>\n\t<meta property=\"og:image:height\" content=\"1071\" \/>\n\t<meta property=\"og:image:type\" content=\"image\/jpeg\" \/>\n<meta name=\"author\" content=\"Aeroclub Paran\u00e1\" \/>\n<meta name=\"twitter:card\" content=\"summary_large_image\" \/>\n<meta name=\"twitter:label1\" content=\"Escrito por\" \/>\n\t<meta name=\"twitter:data1\" content=\"Aeroclub Paran\u00e1\" \/>\n\t<meta name=\"twitter:label2\" content=\"Tiempo de lectura\" \/>\n\t<meta name=\"twitter:data2\" content=\"5 minutos\" \/>\n<script type=\"application\/ld+json\" class=\"yoast-schema-graph\">{\"@context\":\"https:\/\/schema.org\",\"@graph\":[{\"@type\":\"WebPage\",\"@id\":\"https:\/\/aeroclubparana.org.ar\/web\/index.php\/2022\/12\/14\/cena-de-despedida-de-ano\/\",\"url\":\"https:\/\/aeroclubparana.org.ar\/web\/index.php\/2022\/12\/14\/cena-de-despedida-de-ano\/\",\"name\":\"Cena de despedida de a\u00f1o. - Aeroclub Ciudad de Paran\u00e1\",\"isPartOf\":{\"@id\":\"https:\/\/aeroclubparana.org.ar\/web\/#website\"},\"primaryImageOfPage\":{\"@id\":\"https:\/\/aeroclubparana.org.ar\/web\/index.php\/2022\/12\/14\/cena-de-despedida-de-ano\/#primaryimage\"},\"image\":{\"@id\":\"https:\/\/aeroclubparana.org.ar\/web\/index.php\/2022\/12\/14\/cena-de-despedida-de-ano\/#primaryimage\"},\"thumbnailUrl\":\"https:\/\/aeroclubparana.org.ar\/web\/wp-content\/uploads\/2022\/12\/dm_1.jpg\",\"datePublished\":\"2022-12-14T20:34:16+00:00\",\"dateModified\":\"2022-12-14T20:34:19+00:00\",\"author\":{\"@id\":\"https:\/\/aeroclubparana.org.ar\/web\/#\/schema\/person\/30f08c2720d348886b3c95c716eda4ee\"},\"breadcrumb\":{\"@id\":\"https:\/\/aeroclubparana.org.ar\/web\/index.php\/2022\/12\/14\/cena-de-despedida-de-ano\/#breadcrumb\"},\"inLanguage\":\"es\",\"potentialAction\":[{\"@type\":\"ReadAction\",\"target\":[\"https:\/\/aeroclubparana.org.ar\/web\/index.php\/2022\/12\/14\/cena-de-despedida-de-ano\/\"]}]},{\"@type\":\"ImageObject\",\"inLanguage\":\"es\",\"@id\":\"https:\/\/aeroclubparana.org.ar\/web\/index.php\/2022\/12\/14\/cena-de-despedida-de-ano\/#primaryimage\",\"url\":\"https:\/\/aeroclubparana.org.ar\/web\/wp-content\/uploads\/2022\/12\/dm_1.jpg\",\"contentUrl\":\"https:\/\/aeroclubparana.org.ar\/web\/wp-content\/uploads\/2022\/12\/dm_1.jpg\",\"width\":1600,\"height\":1071},{\"@type\":\"BreadcrumbList\",\"@id\":\"https:\/\/aeroclubparana.org.ar\/web\/index.php\/2022\/12\/14\/cena-de-despedida-de-ano\/#breadcrumb\",\"itemListElement\":[{\"@type\":\"ListItem\",\"position\":1,\"name\":\"Home\",\"item\":\"https:\/\/aeroclubparana.org.ar\/web\/\"},{\"@type\":\"ListItem\",\"position\":2,\"name\":\"Cena de despedida de a\u00f1o.\"}]},{\"@type\":\"WebSite\",\"@id\":\"https:\/\/aeroclubparana.org.ar\/web\/#website\",\"url\":\"https:\/\/aeroclubparana.org.ar\/web\/\",\"name\":\"Aeroclub Ciudad de Paran\u00e1\",\"description\":\"\",\"potentialAction\":[{\"@type\":\"SearchAction\",\"target\":{\"@type\":\"EntryPoint\",\"urlTemplate\":\"https:\/\/aeroclubparana.org.ar\/web\/?s={search_term_string}\"},\"query-input\":\"required name=search_term_string\"}],\"inLanguage\":\"es\"},{\"@type\":\"Person\",\"@id\":\"https:\/\/aeroclubparana.org.ar\/web\/#\/schema\/person\/30f08c2720d348886b3c95c716eda4ee\",\"name\":\"Aeroclub Paran\u00e1\",\"image\":{\"@type\":\"ImageObject\",\"inLanguage\":\"es\",\"@id\":\"https:\/\/aeroclubparana.org.ar\/web\/#\/schema\/person\/image\/\",\"url\":\"https:\/\/secure.gravatar.com\/avatar\/bf5974e327a751bee34ee94520c70420?s=96&d=mm&r=g\",\"contentUrl\":\"https:\/\/secure.gravatar.com\/avatar\/bf5974e327a751bee34ee94520c70420?s=96&d=mm&r=g\",\"caption\":\"Aeroclub Paran\u00e1\"},\"url\":\"https:\/\/aeroclubparana.org.ar\/web\/index.php\/author\/aeroclubparana\/\"}]}<\/script>\n<!-- \/ Yoast SEO plugin. -->","yoast_head_json":{"title":"Cena de despedida de a\u00f1o. - Aeroclub Ciudad de Paran\u00e1","robots":{"index":"index","follow":"follow","max-snippet":"max-snippet:-1","max-image-preview":"max-image-preview:large","max-video-preview":"max-video-preview:-1"},"canonical":"https:\/\/aeroclubparana.org.ar\/web\/index.php\/2022\/12\/14\/cena-de-despedida-de-ano\/","og_locale":"es_ES","og_type":"article","og_title":"Cena de despedida de a\u00f1o. - Aeroclub Ciudad de Paran\u00e1","og_description":"El pasado s\u00e1bado 10 de diciembre, y tal como fuera informado, se llev\u00f3 a cabo la cena de fin de a\u00f1o. En un marco de camarader\u00eda, los asadores Enzo Zandomeni y Norbert Brenner, se calzaron la 10 frente a los fuegos para servirnos un excelente asado como broche final de este 2022. En \u00e9pocas de [&hellip;]","og_url":"https:\/\/aeroclubparana.org.ar\/web\/index.php\/2022\/12\/14\/cena-de-despedida-de-ano\/","og_site_name":"Aeroclub Ciudad de Paran\u00e1","article_published_time":"2022-12-14T20:34:16+00:00","article_modified_time":"2022-12-14T20:34:19+00:00","og_image":[{"width":1600,"height":1071,"url":"https:\/\/aeroclubparana.org.ar\/web\/wp-content\/uploads\/2022\/12\/dm_1.jpg","type":"image\/jpeg"}],"author":"Aeroclub Paran\u00e1","twitter_card":"summary_large_image","twitter_misc":{"Escrito por":"Aeroclub Paran\u00e1","Tiempo de lectura":"5 minutos"},"schema":{"@context":"https:\/\/schema.org","@graph":[{"@type":"WebPage","@id":"https:\/\/aeroclubparana.org.ar\/web\/index.php\/2022\/12\/14\/cena-de-despedida-de-ano\/","url":"https:\/\/aeroclubparana.org.ar\/web\/index.php\/2022\/12\/14\/cena-de-despedida-de-ano\/","name":"Cena de despedida de a\u00f1o. - Aeroclub Ciudad de Paran\u00e1","isPartOf":{"@id":"https:\/\/aeroclubparana.org.ar\/web\/#website"},"primaryImageOfPage":{"@id":"https:\/\/aeroclubparana.org.ar\/web\/index.php\/2022\/12\/14\/cena-de-despedida-de-ano\/#primaryimage"},"image":{"@id":"https:\/\/aeroclubparana.org.ar\/web\/index.php\/2022\/12\/14\/cena-de-despedida-de-ano\/#primaryimage"},"thumbnailUrl":"https:\/\/aeroclubparana.org.ar\/web\/wp-content\/uploads\/2022\/12\/dm_1.jpg","datePublished":"2022-12-14T20:34:16+00:00","dateModified":"2022-12-14T20:34:19+00:00","author":{"@id":"https:\/\/aeroclubparana.org.ar\/web\/#\/schema\/person\/30f08c2720d348886b3c95c716eda4ee"},"breadcrumb":{"@id":"https:\/\/aeroclubparana.org.ar\/web\/index.php\/2022\/12\/14\/cena-de-despedida-de-ano\/#breadcrumb"},"inLanguage":"es","potentialAction":[{"@type":"ReadAction","target":["https:\/\/aeroclubparana.org.ar\/web\/index.php\/2022\/12\/14\/cena-de-despedida-de-ano\/"]}]},{"@type":"ImageObject","inLanguage":"es","@id":"https:\/\/aeroclubparana.org.ar\/web\/index.php\/2022\/12\/14\/cena-de-despedida-de-ano\/#primaryimage","url":"https:\/\/aeroclubparana.org.ar\/web\/wp-content\/uploads\/2022\/12\/dm_1.jpg","contentUrl":"https:\/\/aeroclubparana.org.ar\/web\/wp-content\/uploads\/2022\/12\/dm_1.jpg","width":1600,"height":1071},{"@type":"BreadcrumbList","@id":"https:\/\/aeroclubparana.org.ar\/web\/index.php\/2022\/12\/14\/cena-de-despedida-de-ano\/#breadcrumb","itemListElement":[{"@type":"ListItem","position":1,"name":"Home","item":"https:\/\/aeroclubparana.org.ar\/web\/"},{"@type":"ListItem","position":2,"name":"Cena de despedida de a\u00f1o."}]},{"@type":"WebSite","@id":"https:\/\/aeroclubparana.org.ar\/web\/#website","url":"https:\/\/aeroclubparana.org.ar\/web\/","name":"Aeroclub Ciudad de Paran\u00e1","description":"","potentialAction":[{"@type":"SearchAction","target":{"@type":"EntryPoint","urlTemplate":"https:\/\/aeroclubparana.org.ar\/web\/?s={search_term_string}"},"query-input":"required name=search_term_string"}],"inLanguage":"es"},{"@type":"Person","@id":"https:\/\/aeroclubparana.org.ar\/web\/#\/schema\/person\/30f08c2720d348886b3c95c716eda4ee","name":"Aeroclub Paran\u00e1","image":{"@type":"ImageObject","inLanguage":"es","@id":"https:\/\/aeroclubparana.org.ar\/web\/#\/schema\/person\/image\/","url":"https:\/\/secure.gravatar.com\/avatar\/bf5974e327a751bee34ee94520c70420?s=96&d=mm&r=g","contentUrl":"https:\/\/secure.gravatar.com\/avatar\/bf5974e327a751bee34ee94520c70420?s=96&d=mm&r=g","caption":"Aeroclub Paran\u00e1"},"url":"https:\/\/aeroclubparana.org.ar\/web\/index.php\/author\/aeroclubparana\/"}]}},"_links":{"self":[{"href":"https:\/\/aeroclubparana.org.ar\/web\/index.php\/wp-json\/wp\/v2\/posts\/1238","targetHints":{"allow":["GET"]}}],"collection":[{"href":"https:\/\/aeroclubparana.org.ar\/web\/index.php\/wp-json\/wp\/v2\/posts"}],"about":[{"href":"https:\/\/aeroclubparana.org.ar\/web\/index.php\/wp-json\/wp\/v2\/types\/post"}],"author":[{"embeddable":true,"href":"https:\/\/aeroclubparana.org.ar\/web\/index.php\/wp-json\/wp\/v2\/users\/2"}],"replies":[{"embeddable":true,"href":"https:\/\/aeroclubparana.org.ar\/web\/index.php\/wp-json\/wp\/v2\/comments?post=1238"}],"version-history":[{"count":2,"href":"https:\/\/aeroclubparana.org.ar\/web\/index.php\/wp-json\/wp\/v2\/posts\/1238\/revisions"}],"predecessor-version":[{"id":1255,"href":"https:\/\/aeroclubparana.org.ar\/web\/index.php\/wp-json\/wp\/v2\/posts\/1238\/revisions\/1255"}],"wp:featuredmedia":[{"embeddable":true,"href":"https:\/\/aeroclubparana.org.ar\/web\/index.php\/wp-json\/wp\/v2\/media\/1253"}],"wp:attachment":[{"href":"https:\/\/aeroclubparana.org.ar\/web\/index.php\/wp-json\/wp\/v2\/media?parent=1238"}],"wp:term":[{"taxonomy":"category","embeddable":true,"href":"https:\/\/aeroclubparana.org.ar\/web\/index.php\/wp-json\/wp\/v2\/categories?post=1238"},{"taxonomy":"post_tag","embeddable":true,"href":"https:\/\/aeroclubparana.org.ar\/web\/index.php\/wp-json\/wp\/v2\/tags?post=1238"}],"curies":[{"name":"wp","href":"https:\/\/api.w.org\/{rel}","templated":true}]}}