{"id":1160,"date":"2022-09-05T18:09:56","date_gmt":"2022-09-05T18:09:56","guid":{"rendered":"https:\/\/aeroclubparana.org.ar\/web\/?p=1160"},"modified":"2022-09-05T18:09:59","modified_gmt":"2022-09-05T18:09:59","slug":"charla-taller-sobre-introduccion-basica-a-la-resolucion-de-emergencias-en-vuelo","status":"publish","type":"post","link":"https:\/\/aeroclubparana.org.ar\/web\/index.php\/2022\/09\/05\/charla-taller-sobre-introduccion-basica-a-la-resolucion-de-emergencias-en-vuelo\/","title":{"rendered":"Charla\/Taller sobre \u00abIntroducci\u00f3n b\u00e1sica a la resoluci\u00f3n de Emergencias en vuelo.\u00bb"},"content":{"rendered":"\n<p class=\"has-black-color has-text-color\">En la tarde del S\u00e1bado 3\/09, se llev\u00f3 a cabo en el SUM del Aeroclub, la charla\/taller sobre \u00abIntroducci\u00f3n b\u00e1sica a la resoluci\u00f3n de Emergencias en Vuelo\u00bb, que estuvo a cargo de Jos\u00e9 Aguer, Piloto TLA &#8211; FO A330\/200 de ARSA.<br>Durante la tarde, se desarrollaron temas como: FFHH-Introducci\u00f3n al concepto del error, Conceptos generales sobre la emergencia, Emergencias espec\u00edficas en aviones hasta 5700 kgs, para luego dar lugar a ejercicios de instrospecci\u00f3n y posteriormente el cierre con las conclusiones correspondientes.<br>Adem\u00e1s del inter\u00e9s puesto de manifiesto por los asistentes -que dicho sea de paso, tuvo un amplio espectro de participantes, Alumnas\/os, Pilotos, Pilotos Comerciales, e Instructores- los temas tratados y sus alcances, son de uso y aplicaci\u00f3n a diario, desde un vuelo de instrucci\u00f3n a un vuelo de entrenamiento o navegaci\u00f3n.<br>Hubo una interesante participaci\u00f3n de todos los oyentes, intercambiando experiencias, mencionando situaciones puntuales, evacuando consultas tanto del auditorio como del expositor.<br>Fue una tarde m\u00e1s que provechosa, lo que para el Aeroclub es una apuesta m\u00e1s para incentivarlos a ser cuidadosos, acertivos pero fundamentalemte SEGUROS cada vez que se suben a una aeronave del club.<br>Para Jos\u00e9 Aguer, nuestro agradecimiento por haber dispuesto su tiempo para compartir experiencias y refrescar conocimientos. Siempre es bueno, siempre es necesario tener otra mirada de lo que hacemos a diario.<br>Gracias a los participantes y Gracias al expositor. Nos compromete a seguir trabajando en esta direcci\u00f3n.<br>Hasta la pr\u00f3xima..!<\/p>\n\n\n\n<figure class=\"wp-block-gallery has-nested-images columns-default is-cropped wp-block-gallery-1 is-layout-flex wp-block-gallery-is-layout-flex\">\n<figure class=\"wp-block-image size-large\"><a href=\"https:\/\/aeroclubparana.org.ar\/web\/wp-content\/uploads\/2022\/09\/20220903_152248-scaled.jpg\"><img loading=\"lazy\" decoding=\"async\" width=\"1024\" height=\"451\" data-id=\"1167\" src=\"https:\/\/aeroclubparana.org.ar\/web\/wp-content\/uploads\/2022\/09\/20220903_152248-1024x451.jpg\" alt=\"\" class=\"wp-image-1167\" srcset=\"https:\/\/aeroclubparana.org.ar\/web\/wp-content\/uploads\/2022\/09\/20220903_152248-1024x451.jpg 1024w, https:\/\/aeroclubparana.org.ar\/web\/wp-content\/uploads\/2022\/09\/20220903_152248-300x132.jpg 300w, https:\/\/aeroclubparana.org.ar\/web\/wp-content\/uploads\/2022\/09\/20220903_152248-768x338.jpg 768w, https:\/\/aeroclubparana.org.ar\/web\/wp-content\/uploads\/2022\/09\/20220903_152248-1536x676.jpg 1536w, https:\/\/aeroclubparana.org.ar\/web\/wp-content\/uploads\/2022\/09\/20220903_152248-2048x901.jpg 2048w, https:\/\/aeroclubparana.org.ar\/web\/wp-content\/uploads\/2022\/09\/20220903_152248-1080x475.jpg 1080w\" sizes=\"auto, (max-width: 1024px) 100vw, 1024px\" \/><\/a><\/figure>\n\n\n\n<figure class=\"wp-block-image size-large\"><a href=\"https:\/\/aeroclubparana.org.ar\/web\/wp-content\/uploads\/2022\/09\/20220903_152308-scaled.jpg\"><img loading=\"lazy\" decoding=\"async\" width=\"1024\" height=\"451\" data-id=\"1164\" src=\"https:\/\/aeroclubparana.org.ar\/web\/wp-content\/uploads\/2022\/09\/20220903_152308-1024x451.jpg\" alt=\"\" class=\"wp-image-1164\" srcset=\"https:\/\/aeroclubparana.org.ar\/web\/wp-content\/uploads\/2022\/09\/20220903_152308-1024x451.jpg 1024w, https:\/\/aeroclubparana.org.ar\/web\/wp-content\/uploads\/2022\/09\/20220903_152308-300x132.jpg 300w, https:\/\/aeroclubparana.org.ar\/web\/wp-content\/uploads\/2022\/09\/20220903_152308-768x338.jpg 768w, https:\/\/aeroclubparana.org.ar\/web\/wp-content\/uploads\/2022\/09\/20220903_152308-1536x676.jpg 1536w, https:\/\/aeroclubparana.org.ar\/web\/wp-content\/uploads\/2022\/09\/20220903_152308-2048x901.jpg 2048w, https:\/\/aeroclubparana.org.ar\/web\/wp-content\/uploads\/2022\/09\/20220903_152308-1080x475.jpg 1080w\" sizes=\"auto, (max-width: 1024px) 100vw, 1024px\" \/><\/a><\/figure>\n\n\n\n<figure class=\"wp-block-image size-large\"><a href=\"https:\/\/aeroclubparana.org.ar\/web\/wp-content\/uploads\/2022\/09\/20220903_152317_HDR-scaled.jpg\"><img loading=\"lazy\" decoding=\"async\" width=\"1024\" height=\"451\" data-id=\"1165\" src=\"https:\/\/aeroclubparana.org.ar\/web\/wp-content\/uploads\/2022\/09\/20220903_152317_HDR-1024x451.jpg\" alt=\"\" class=\"wp-image-1165\" srcset=\"https:\/\/aeroclubparana.org.ar\/web\/wp-content\/uploads\/2022\/09\/20220903_152317_HDR-1024x451.jpg 1024w, https:\/\/aeroclubparana.org.ar\/web\/wp-content\/uploads\/2022\/09\/20220903_152317_HDR-300x132.jpg 300w, https:\/\/aeroclubparana.org.ar\/web\/wp-content\/uploads\/2022\/09\/20220903_152317_HDR-768x338.jpg 768w, https:\/\/aeroclubparana.org.ar\/web\/wp-content\/uploads\/2022\/09\/20220903_152317_HDR-1536x676.jpg 1536w, https:\/\/aeroclubparana.org.ar\/web\/wp-content\/uploads\/2022\/09\/20220903_152317_HDR-2048x901.jpg 2048w, https:\/\/aeroclubparana.org.ar\/web\/wp-content\/uploads\/2022\/09\/20220903_152317_HDR-1080x475.jpg 1080w\" sizes=\"auto, (max-width: 1024px) 100vw, 1024px\" \/><\/a><\/figure>\n\n\n\n<figure class=\"wp-block-image size-large\"><a href=\"https:\/\/aeroclubparana.org.ar\/web\/wp-content\/uploads\/2022\/09\/20220903_152341_HDR-scaled.jpg\"><img loading=\"lazy\" decoding=\"async\" width=\"1024\" height=\"451\" data-id=\"1163\" src=\"https:\/\/aeroclubparana.org.ar\/web\/wp-content\/uploads\/2022\/09\/20220903_152341_HDR-1024x451.jpg\" alt=\"\" class=\"wp-image-1163\" srcset=\"https:\/\/aeroclubparana.org.ar\/web\/wp-content\/uploads\/2022\/09\/20220903_152341_HDR-1024x451.jpg 1024w, https:\/\/aeroclubparana.org.ar\/web\/wp-content\/uploads\/2022\/09\/20220903_152341_HDR-300x132.jpg 300w, https:\/\/aeroclubparana.org.ar\/web\/wp-content\/uploads\/2022\/09\/20220903_152341_HDR-768x338.jpg 768w, https:\/\/aeroclubparana.org.ar\/web\/wp-content\/uploads\/2022\/09\/20220903_152341_HDR-1536x676.jpg 1536w, https:\/\/aeroclubparana.org.ar\/web\/wp-content\/uploads\/2022\/09\/20220903_152341_HDR-2048x901.jpg 2048w, https:\/\/aeroclubparana.org.ar\/web\/wp-content\/uploads\/2022\/09\/20220903_152341_HDR-1080x475.jpg 1080w\" sizes=\"auto, (max-width: 1024px) 100vw, 1024px\" \/><\/a><\/figure>\n\n\n\n<figure class=\"wp-block-image size-large\"><a href=\"https:\/\/aeroclubparana.org.ar\/web\/wp-content\/uploads\/2022\/09\/20220903_164331-scaled.jpg\"><img loading=\"lazy\" decoding=\"async\" width=\"1024\" height=\"451\" data-id=\"1169\" src=\"https:\/\/aeroclubparana.org.ar\/web\/wp-content\/uploads\/2022\/09\/20220903_164331-1024x451.jpg\" alt=\"\" class=\"wp-image-1169\" srcset=\"https:\/\/aeroclubparana.org.ar\/web\/wp-content\/uploads\/2022\/09\/20220903_164331-1024x451.jpg 1024w, https:\/\/aeroclubparana.org.ar\/web\/wp-content\/uploads\/2022\/09\/20220903_164331-300x132.jpg 300w, https:\/\/aeroclubparana.org.ar\/web\/wp-content\/uploads\/2022\/09\/20220903_164331-768x338.jpg 768w, https:\/\/aeroclubparana.org.ar\/web\/wp-content\/uploads\/2022\/09\/20220903_164331-1536x676.jpg 1536w, https:\/\/aeroclubparana.org.ar\/web\/wp-content\/uploads\/2022\/09\/20220903_164331-2048x901.jpg 2048w, https:\/\/aeroclubparana.org.ar\/web\/wp-content\/uploads\/2022\/09\/20220903_164331-1080x475.jpg 1080w\" sizes=\"auto, (max-width: 1024px) 100vw, 1024px\" \/><\/a><\/figure>\n\n\n\n<figure class=\"wp-block-image size-large\"><a href=\"https:\/\/aeroclubparana.org.ar\/web\/wp-content\/uploads\/2022\/09\/20220903_164410_HDR-scaled.jpg\"><img loading=\"lazy\" decoding=\"async\" width=\"1024\" height=\"451\" data-id=\"1170\" src=\"https:\/\/aeroclubparana.org.ar\/web\/wp-content\/uploads\/2022\/09\/20220903_164410_HDR-1024x451.jpg\" alt=\"\" class=\"wp-image-1170\" srcset=\"https:\/\/aeroclubparana.org.ar\/web\/wp-content\/uploads\/2022\/09\/20220903_164410_HDR-1024x451.jpg 1024w, https:\/\/aeroclubparana.org.ar\/web\/wp-content\/uploads\/2022\/09\/20220903_164410_HDR-300x132.jpg 300w, https:\/\/aeroclubparana.org.ar\/web\/wp-content\/uploads\/2022\/09\/20220903_164410_HDR-768x338.jpg 768w, https:\/\/aeroclubparana.org.ar\/web\/wp-content\/uploads\/2022\/09\/20220903_164410_HDR-1536x676.jpg 1536w, https:\/\/aeroclubparana.org.ar\/web\/wp-content\/uploads\/2022\/09\/20220903_164410_HDR-2048x901.jpg 2048w, https:\/\/aeroclubparana.org.ar\/web\/wp-content\/uploads\/2022\/09\/20220903_164410_HDR-1080x475.jpg 1080w\" sizes=\"auto, (max-width: 1024px) 100vw, 1024px\" \/><\/a><\/figure>\n\n\n\n<figure class=\"wp-block-image size-large\"><a href=\"https:\/\/aeroclubparana.org.ar\/web\/wp-content\/uploads\/2022\/09\/20220903_165146-scaled.jpg\"><img loading=\"lazy\" decoding=\"async\" width=\"1024\" height=\"451\" data-id=\"1168\" src=\"https:\/\/aeroclubparana.org.ar\/web\/wp-content\/uploads\/2022\/09\/20220903_165146-1024x451.jpg\" alt=\"\" class=\"wp-image-1168\" srcset=\"https:\/\/aeroclubparana.org.ar\/web\/wp-content\/uploads\/2022\/09\/20220903_165146-1024x451.jpg 1024w, https:\/\/aeroclubparana.org.ar\/web\/wp-content\/uploads\/2022\/09\/20220903_165146-300x132.jpg 300w, https:\/\/aeroclubparana.org.ar\/web\/wp-content\/uploads\/2022\/09\/20220903_165146-768x338.jpg 768w, https:\/\/aeroclubparana.org.ar\/web\/wp-content\/uploads\/2022\/09\/20220903_165146-1536x676.jpg 1536w, https:\/\/aeroclubparana.org.ar\/web\/wp-content\/uploads\/2022\/09\/20220903_165146-2048x901.jpg 2048w, https:\/\/aeroclubparana.org.ar\/web\/wp-content\/uploads\/2022\/09\/20220903_165146-1080x475.jpg 1080w\" sizes=\"auto, (max-width: 1024px) 100vw, 1024px\" \/><\/a><\/figure>\n\n\n\n<figure class=\"wp-block-image size-large\"><a href=\"https:\/\/aeroclubparana.org.ar\/web\/wp-content\/uploads\/2022\/09\/20220903_170808.jpg\"><img loading=\"lazy\" decoding=\"async\" width=\"1024\" height=\"576\" data-id=\"1162\" src=\"https:\/\/aeroclubparana.org.ar\/web\/wp-content\/uploads\/2022\/09\/20220903_170808-1024x576.jpg\" alt=\"\" class=\"wp-image-1162\" srcset=\"https:\/\/aeroclubparana.org.ar\/web\/wp-content\/uploads\/2022\/09\/20220903_170808-1024x576.jpg 1024w, https:\/\/aeroclubparana.org.ar\/web\/wp-content\/uploads\/2022\/09\/20220903_170808-300x169.jpg 300w, https:\/\/aeroclubparana.org.ar\/web\/wp-content\/uploads\/2022\/09\/20220903_170808-768x432.jpg 768w, https:\/\/aeroclubparana.org.ar\/web\/wp-content\/uploads\/2022\/09\/20220903_170808-1080x607.jpg 1080w, https:\/\/aeroclubparana.org.ar\/web\/wp-content\/uploads\/2022\/09\/20220903_170808.jpg 1094w\" sizes=\"auto, (max-width: 1024px) 100vw, 1024px\" \/><\/a><\/figure>\n\n\n\n<figure class=\"wp-block-image size-large\"><a href=\"https:\/\/aeroclubparana.org.ar\/web\/wp-content\/uploads\/2022\/09\/20220903_170830.jpg\"><img loading=\"lazy\" decoding=\"async\" width=\"1024\" height=\"576\" data-id=\"1161\" src=\"https:\/\/aeroclubparana.org.ar\/web\/wp-content\/uploads\/2022\/09\/20220903_170830-1024x576.jpg\" alt=\"\" class=\"wp-image-1161\" srcset=\"https:\/\/aeroclubparana.org.ar\/web\/wp-content\/uploads\/2022\/09\/20220903_170830-1024x576.jpg 1024w, https:\/\/aeroclubparana.org.ar\/web\/wp-content\/uploads\/2022\/09\/20220903_170830-300x169.jpg 300w, https:\/\/aeroclubparana.org.ar\/web\/wp-content\/uploads\/2022\/09\/20220903_170830-768x432.jpg 768w, https:\/\/aeroclubparana.org.ar\/web\/wp-content\/uploads\/2022\/09\/20220903_170830-1080x607.jpg 1080w, https:\/\/aeroclubparana.org.ar\/web\/wp-content\/uploads\/2022\/09\/20220903_170830.jpg 1094w\" sizes=\"auto, (max-width: 1024px) 100vw, 1024px\" \/><\/a><\/figure>\n\n\n\n<figure class=\"wp-block-image size-large\"><a href=\"https:\/\/aeroclubparana.org.ar\/web\/wp-content\/uploads\/2022\/09\/20220903_193236_HDR-scaled.jpg\"><img loading=\"lazy\" decoding=\"async\" width=\"1024\" height=\"451\" data-id=\"1166\" src=\"https:\/\/aeroclubparana.org.ar\/web\/wp-content\/uploads\/2022\/09\/20220903_193236_HDR-1024x451.jpg\" alt=\"\" class=\"wp-image-1166\" srcset=\"https:\/\/aeroclubparana.org.ar\/web\/wp-content\/uploads\/2022\/09\/20220903_193236_HDR-1024x451.jpg 1024w, https:\/\/aeroclubparana.org.ar\/web\/wp-content\/uploads\/2022\/09\/20220903_193236_HDR-300x132.jpg 300w, https:\/\/aeroclubparana.org.ar\/web\/wp-content\/uploads\/2022\/09\/20220903_193236_HDR-768x338.jpg 768w, https:\/\/aeroclubparana.org.ar\/web\/wp-content\/uploads\/2022\/09\/20220903_193236_HDR-1536x676.jpg 1536w, https:\/\/aeroclubparana.org.ar\/web\/wp-content\/uploads\/2022\/09\/20220903_193236_HDR-2048x901.jpg 2048w, https:\/\/aeroclubparana.org.ar\/web\/wp-content\/uploads\/2022\/09\/20220903_193236_HDR-1080x475.jpg 1080w\" sizes=\"auto, (max-width: 1024px) 100vw, 1024px\" \/><\/a><\/figure>\n<\/figure>\n","protected":false},"excerpt":{"rendered":"<p>En la tarde del S\u00e1bado 3\/09, se llev\u00f3 a cabo en el SUM del Aeroclub, la charla\/taller sobre \u00abIntroducci\u00f3n b\u00e1sica a la resoluci\u00f3n de Emergencias en Vuelo\u00bb, que estuvo a cargo de Jos\u00e9 Aguer, Piloto TLA &#8211; FO A330\/200 de ARSA.Durante la tarde, se desarrollaron temas como: FFHH-Introducci\u00f3n al concepto del error, Conceptos generales sobre [&hellip;]<\/p>\n","protected":false},"author":2,"featured_media":1171,"comment_status":"open","ping_status":"open","sticky":false,"template":"","format":"standard","meta":{"_et_pb_use_builder":"","_et_pb_old_content":"","_et_gb_content_width":"","footnotes":""},"categories":[1],"tags":[],"class_list":["post-1160","post","type-post","status-publish","format-standard","has-post-thumbnail","hentry","category-uncategorized","et-has-post-format-content","et_post_format-et-post-format-standard"],"yoast_head":"<!-- This site is optimized with the Yoast SEO plugin v22.8 - https:\/\/yoast.com\/wordpress\/plugins\/seo\/ -->\n<title>Charla\/Taller sobre &quot;Introducci\u00f3n b\u00e1sica a la resoluci\u00f3n de Emergencias en vuelo.&quot; - Aeroclub Ciudad de Paran\u00e1<\/title>\n<meta name=\"robots\" content=\"index, follow, max-snippet:-1, max-image-preview:large, max-video-preview:-1\" \/>\n<link rel=\"canonical\" href=\"https:\/\/aeroclubparana.org.ar\/web\/index.php\/2022\/09\/05\/charla-taller-sobre-introduccion-basica-a-la-resolucion-de-emergencias-en-vuelo\/\" \/>\n<meta property=\"og:locale\" content=\"es_ES\" \/>\n<meta property=\"og:type\" content=\"article\" \/>\n<meta property=\"og:title\" content=\"Charla\/Taller sobre &quot;Introducci\u00f3n b\u00e1sica a la resoluci\u00f3n de Emergencias en vuelo.&quot; - Aeroclub Ciudad de Paran\u00e1\" \/>\n<meta property=\"og:description\" content=\"En la tarde del S\u00e1bado 3\/09, se llev\u00f3 a cabo en el SUM del Aeroclub, la charla\/taller sobre \u00abIntroducci\u00f3n b\u00e1sica a la resoluci\u00f3n de Emergencias en Vuelo\u00bb, que estuvo a cargo de Jos\u00e9 Aguer, Piloto TLA &#8211; FO A330\/200 de ARSA.Durante la tarde, se desarrollaron temas como: FFHH-Introducci\u00f3n al concepto del error, Conceptos generales sobre [&hellip;]\" \/>\n<meta property=\"og:url\" content=\"https:\/\/aeroclubparana.org.ar\/web\/index.php\/2022\/09\/05\/charla-taller-sobre-introduccion-basica-a-la-resolucion-de-emergencias-en-vuelo\/\" \/>\n<meta property=\"og:site_name\" content=\"Aeroclub Ciudad de Paran\u00e1\" \/>\n<meta property=\"article:published_time\" content=\"2022-09-05T18:09:56+00:00\" \/>\n<meta property=\"article:modified_time\" content=\"2022-09-05T18:09:59+00:00\" \/>\n<meta property=\"og:image\" content=\"https:\/\/aeroclubparana.org.ar\/web\/wp-content\/uploads\/2022\/09\/20220903_192401.jpg\" \/>\n\t<meta property=\"og:image:width\" content=\"1280\" \/>\n\t<meta property=\"og:image:height\" content=\"564\" \/>\n\t<meta property=\"og:image:type\" content=\"image\/jpeg\" \/>\n<meta name=\"author\" content=\"Aeroclub Paran\u00e1\" \/>\n<meta name=\"twitter:card\" content=\"summary_large_image\" \/>\n<meta name=\"twitter:label1\" content=\"Escrito por\" \/>\n\t<meta name=\"twitter:data1\" content=\"Aeroclub Paran\u00e1\" \/>\n\t<meta name=\"twitter:label2\" content=\"Tiempo de lectura\" \/>\n\t<meta name=\"twitter:data2\" content=\"4 minutos\" \/>\n<script type=\"application\/ld+json\" class=\"yoast-schema-graph\">{\"@context\":\"https:\/\/schema.org\",\"@graph\":[{\"@type\":\"WebPage\",\"@id\":\"https:\/\/aeroclubparana.org.ar\/web\/index.php\/2022\/09\/05\/charla-taller-sobre-introduccion-basica-a-la-resolucion-de-emergencias-en-vuelo\/\",\"url\":\"https:\/\/aeroclubparana.org.ar\/web\/index.php\/2022\/09\/05\/charla-taller-sobre-introduccion-basica-a-la-resolucion-de-emergencias-en-vuelo\/\",\"name\":\"Charla\/Taller sobre \\\"Introducci\u00f3n b\u00e1sica a la resoluci\u00f3n de Emergencias en vuelo.\\\" - Aeroclub Ciudad de Paran\u00e1\",\"isPartOf\":{\"@id\":\"https:\/\/aeroclubparana.org.ar\/web\/#website\"},\"primaryImageOfPage\":{\"@id\":\"https:\/\/aeroclubparana.org.ar\/web\/index.php\/2022\/09\/05\/charla-taller-sobre-introduccion-basica-a-la-resolucion-de-emergencias-en-vuelo\/#primaryimage\"},\"image\":{\"@id\":\"https:\/\/aeroclubparana.org.ar\/web\/index.php\/2022\/09\/05\/charla-taller-sobre-introduccion-basica-a-la-resolucion-de-emergencias-en-vuelo\/#primaryimage\"},\"thumbnailUrl\":\"https:\/\/aeroclubparana.org.ar\/web\/wp-content\/uploads\/2022\/09\/20220903_192401.jpg\",\"datePublished\":\"2022-09-05T18:09:56+00:00\",\"dateModified\":\"2022-09-05T18:09:59+00:00\",\"author\":{\"@id\":\"https:\/\/aeroclubparana.org.ar\/web\/#\/schema\/person\/30f08c2720d348886b3c95c716eda4ee\"},\"breadcrumb\":{\"@id\":\"https:\/\/aeroclubparana.org.ar\/web\/index.php\/2022\/09\/05\/charla-taller-sobre-introduccion-basica-a-la-resolucion-de-emergencias-en-vuelo\/#breadcrumb\"},\"inLanguage\":\"es\",\"potentialAction\":[{\"@type\":\"ReadAction\",\"target\":[\"https:\/\/aeroclubparana.org.ar\/web\/index.php\/2022\/09\/05\/charla-taller-sobre-introduccion-basica-a-la-resolucion-de-emergencias-en-vuelo\/\"]}]},{\"@type\":\"ImageObject\",\"inLanguage\":\"es\",\"@id\":\"https:\/\/aeroclubparana.org.ar\/web\/index.php\/2022\/09\/05\/charla-taller-sobre-introduccion-basica-a-la-resolucion-de-emergencias-en-vuelo\/#primaryimage\",\"url\":\"https:\/\/aeroclubparana.org.ar\/web\/wp-content\/uploads\/2022\/09\/20220903_192401.jpg\",\"contentUrl\":\"https:\/\/aeroclubparana.org.ar\/web\/wp-content\/uploads\/2022\/09\/20220903_192401.jpg\",\"width\":1280,\"height\":564},{\"@type\":\"BreadcrumbList\",\"@id\":\"https:\/\/aeroclubparana.org.ar\/web\/index.php\/2022\/09\/05\/charla-taller-sobre-introduccion-basica-a-la-resolucion-de-emergencias-en-vuelo\/#breadcrumb\",\"itemListElement\":[{\"@type\":\"ListItem\",\"position\":1,\"name\":\"Home\",\"item\":\"https:\/\/aeroclubparana.org.ar\/web\/\"},{\"@type\":\"ListItem\",\"position\":2,\"name\":\"Charla\/Taller sobre \u00abIntroducci\u00f3n b\u00e1sica a la resoluci\u00f3n de Emergencias en vuelo.\u00bb\"}]},{\"@type\":\"WebSite\",\"@id\":\"https:\/\/aeroclubparana.org.ar\/web\/#website\",\"url\":\"https:\/\/aeroclubparana.org.ar\/web\/\",\"name\":\"Aeroclub Ciudad de Paran\u00e1\",\"description\":\"\",\"potentialAction\":[{\"@type\":\"SearchAction\",\"target\":{\"@type\":\"EntryPoint\",\"urlTemplate\":\"https:\/\/aeroclubparana.org.ar\/web\/?s={search_term_string}\"},\"query-input\":\"required name=search_term_string\"}],\"inLanguage\":\"es\"},{\"@type\":\"Person\",\"@id\":\"https:\/\/aeroclubparana.org.ar\/web\/#\/schema\/person\/30f08c2720d348886b3c95c716eda4ee\",\"name\":\"Aeroclub Paran\u00e1\",\"image\":{\"@type\":\"ImageObject\",\"inLanguage\":\"es\",\"@id\":\"https:\/\/aeroclubparana.org.ar\/web\/#\/schema\/person\/image\/\",\"url\":\"https:\/\/secure.gravatar.com\/avatar\/bf5974e327a751bee34ee94520c70420?s=96&d=mm&r=g\",\"contentUrl\":\"https:\/\/secure.gravatar.com\/avatar\/bf5974e327a751bee34ee94520c70420?s=96&d=mm&r=g\",\"caption\":\"Aeroclub Paran\u00e1\"},\"url\":\"https:\/\/aeroclubparana.org.ar\/web\/index.php\/author\/aeroclubparana\/\"}]}<\/script>\n<!-- \/ Yoast SEO plugin. -->","yoast_head_json":{"title":"Charla\/Taller sobre \"Introducci\u00f3n b\u00e1sica a la resoluci\u00f3n de Emergencias en vuelo.\" - Aeroclub Ciudad de Paran\u00e1","robots":{"index":"index","follow":"follow","max-snippet":"max-snippet:-1","max-image-preview":"max-image-preview:large","max-video-preview":"max-video-preview:-1"},"canonical":"https:\/\/aeroclubparana.org.ar\/web\/index.php\/2022\/09\/05\/charla-taller-sobre-introduccion-basica-a-la-resolucion-de-emergencias-en-vuelo\/","og_locale":"es_ES","og_type":"article","og_title":"Charla\/Taller sobre \"Introducci\u00f3n b\u00e1sica a la resoluci\u00f3n de Emergencias en vuelo.\" - Aeroclub Ciudad de Paran\u00e1","og_description":"En la tarde del S\u00e1bado 3\/09, se llev\u00f3 a cabo en el SUM del Aeroclub, la charla\/taller sobre \u00abIntroducci\u00f3n b\u00e1sica a la resoluci\u00f3n de Emergencias en Vuelo\u00bb, que estuvo a cargo de Jos\u00e9 Aguer, Piloto TLA &#8211; FO A330\/200 de ARSA.Durante la tarde, se desarrollaron temas como: FFHH-Introducci\u00f3n al concepto del error, Conceptos generales sobre [&hellip;]","og_url":"https:\/\/aeroclubparana.org.ar\/web\/index.php\/2022\/09\/05\/charla-taller-sobre-introduccion-basica-a-la-resolucion-de-emergencias-en-vuelo\/","og_site_name":"Aeroclub Ciudad de Paran\u00e1","article_published_time":"2022-09-05T18:09:56+00:00","article_modified_time":"2022-09-05T18:09:59+00:00","og_image":[{"width":1280,"height":564,"url":"https:\/\/aeroclubparana.org.ar\/web\/wp-content\/uploads\/2022\/09\/20220903_192401.jpg","type":"image\/jpeg"}],"author":"Aeroclub Paran\u00e1","twitter_card":"summary_large_image","twitter_misc":{"Escrito por":"Aeroclub Paran\u00e1","Tiempo de lectura":"4 minutos"},"schema":{"@context":"https:\/\/schema.org","@graph":[{"@type":"WebPage","@id":"https:\/\/aeroclubparana.org.ar\/web\/index.php\/2022\/09\/05\/charla-taller-sobre-introduccion-basica-a-la-resolucion-de-emergencias-en-vuelo\/","url":"https:\/\/aeroclubparana.org.ar\/web\/index.php\/2022\/09\/05\/charla-taller-sobre-introduccion-basica-a-la-resolucion-de-emergencias-en-vuelo\/","name":"Charla\/Taller sobre \"Introducci\u00f3n b\u00e1sica a la resoluci\u00f3n de Emergencias en vuelo.\" - Aeroclub Ciudad de Paran\u00e1","isPartOf":{"@id":"https:\/\/aeroclubparana.org.ar\/web\/#website"},"primaryImageOfPage":{"@id":"https:\/\/aeroclubparana.org.ar\/web\/index.php\/2022\/09\/05\/charla-taller-sobre-introduccion-basica-a-la-resolucion-de-emergencias-en-vuelo\/#primaryimage"},"image":{"@id":"https:\/\/aeroclubparana.org.ar\/web\/index.php\/2022\/09\/05\/charla-taller-sobre-introduccion-basica-a-la-resolucion-de-emergencias-en-vuelo\/#primaryimage"},"thumbnailUrl":"https:\/\/aeroclubparana.org.ar\/web\/wp-content\/uploads\/2022\/09\/20220903_192401.jpg","datePublished":"2022-09-05T18:09:56+00:00","dateModified":"2022-09-05T18:09:59+00:00","author":{"@id":"https:\/\/aeroclubparana.org.ar\/web\/#\/schema\/person\/30f08c2720d348886b3c95c716eda4ee"},"breadcrumb":{"@id":"https:\/\/aeroclubparana.org.ar\/web\/index.php\/2022\/09\/05\/charla-taller-sobre-introduccion-basica-a-la-resolucion-de-emergencias-en-vuelo\/#breadcrumb"},"inLanguage":"es","potentialAction":[{"@type":"ReadAction","target":["https:\/\/aeroclubparana.org.ar\/web\/index.php\/2022\/09\/05\/charla-taller-sobre-introduccion-basica-a-la-resolucion-de-emergencias-en-vuelo\/"]}]},{"@type":"ImageObject","inLanguage":"es","@id":"https:\/\/aeroclubparana.org.ar\/web\/index.php\/2022\/09\/05\/charla-taller-sobre-introduccion-basica-a-la-resolucion-de-emergencias-en-vuelo\/#primaryimage","url":"https:\/\/aeroclubparana.org.ar\/web\/wp-content\/uploads\/2022\/09\/20220903_192401.jpg","contentUrl":"https:\/\/aeroclubparana.org.ar\/web\/wp-content\/uploads\/2022\/09\/20220903_192401.jpg","width":1280,"height":564},{"@type":"BreadcrumbList","@id":"https:\/\/aeroclubparana.org.ar\/web\/index.php\/2022\/09\/05\/charla-taller-sobre-introduccion-basica-a-la-resolucion-de-emergencias-en-vuelo\/#breadcrumb","itemListElement":[{"@type":"ListItem","position":1,"name":"Home","item":"https:\/\/aeroclubparana.org.ar\/web\/"},{"@type":"ListItem","position":2,"name":"Charla\/Taller sobre \u00abIntroducci\u00f3n b\u00e1sica a la resoluci\u00f3n de Emergencias en vuelo.\u00bb"}]},{"@type":"WebSite","@id":"https:\/\/aeroclubparana.org.ar\/web\/#website","url":"https:\/\/aeroclubparana.org.ar\/web\/","name":"Aeroclub Ciudad de Paran\u00e1","description":"","potentialAction":[{"@type":"SearchAction","target":{"@type":"EntryPoint","urlTemplate":"https:\/\/aeroclubparana.org.ar\/web\/?s={search_term_string}"},"query-input":"required name=search_term_string"}],"inLanguage":"es"},{"@type":"Person","@id":"https:\/\/aeroclubparana.org.ar\/web\/#\/schema\/person\/30f08c2720d348886b3c95c716eda4ee","name":"Aeroclub Paran\u00e1","image":{"@type":"ImageObject","inLanguage":"es","@id":"https:\/\/aeroclubparana.org.ar\/web\/#\/schema\/person\/image\/","url":"https:\/\/secure.gravatar.com\/avatar\/bf5974e327a751bee34ee94520c70420?s=96&d=mm&r=g","contentUrl":"https:\/\/secure.gravatar.com\/avatar\/bf5974e327a751bee34ee94520c70420?s=96&d=mm&r=g","caption":"Aeroclub Paran\u00e1"},"url":"https:\/\/aeroclubparana.org.ar\/web\/index.php\/author\/aeroclubparana\/"}]}},"_links":{"self":[{"href":"https:\/\/aeroclubparana.org.ar\/web\/index.php\/wp-json\/wp\/v2\/posts\/1160","targetHints":{"allow":["GET"]}}],"collection":[{"href":"https:\/\/aeroclubparana.org.ar\/web\/index.php\/wp-json\/wp\/v2\/posts"}],"about":[{"href":"https:\/\/aeroclubparana.org.ar\/web\/index.php\/wp-json\/wp\/v2\/types\/post"}],"author":[{"embeddable":true,"href":"https:\/\/aeroclubparana.org.ar\/web\/index.php\/wp-json\/wp\/v2\/users\/2"}],"replies":[{"embeddable":true,"href":"https:\/\/aeroclubparana.org.ar\/web\/index.php\/wp-json\/wp\/v2\/comments?post=1160"}],"version-history":[{"count":1,"href":"https:\/\/aeroclubparana.org.ar\/web\/index.php\/wp-json\/wp\/v2\/posts\/1160\/revisions"}],"predecessor-version":[{"id":1172,"href":"https:\/\/aeroclubparana.org.ar\/web\/index.php\/wp-json\/wp\/v2\/posts\/1160\/revisions\/1172"}],"wp:featuredmedia":[{"embeddable":true,"href":"https:\/\/aeroclubparana.org.ar\/web\/index.php\/wp-json\/wp\/v2\/media\/1171"}],"wp:attachment":[{"href":"https:\/\/aeroclubparana.org.ar\/web\/index.php\/wp-json\/wp\/v2\/media?parent=1160"}],"wp:term":[{"taxonomy":"category","embeddable":true,"href":"https:\/\/aeroclubparana.org.ar\/web\/index.php\/wp-json\/wp\/v2\/categories?post=1160"},{"taxonomy":"post_tag","embeddable":true,"href":"https:\/\/aeroclubparana.org.ar\/web\/index.php\/wp-json\/wp\/v2\/tags?post=1160"}],"curies":[{"name":"wp","href":"https:\/\/api.w.org\/{rel}","templated":true}]}}