{"id":1111,"date":"2022-08-21T13:49:01","date_gmt":"2022-08-21T13:49:01","guid":{"rendered":"https:\/\/aeroclubparana.org.ar\/web\/?p=1111"},"modified":"2022-08-21T13:55:20","modified_gmt":"2022-08-21T13:55:20","slug":"charla-taller-practica-sobre-rol-de-incendio","status":"publish","type":"post","link":"https:\/\/aeroclubparana.org.ar\/web\/index.php\/2022\/08\/21\/charla-taller-practica-sobre-rol-de-incendio\/","title":{"rendered":"Charla\/Taller\/Pr\u00e1ctica sobre \u00abRol de Incendio\u00bb"},"content":{"rendered":"\n<p class=\"has-black-color has-text-color\">En la tarde de ayer, S\u00e1bado 20 de Agosto y tal como fuera anunciado, se llev\u00f3 a cabo la primer Charla\/Taller\/Pr\u00e1ctica sobre \u00abRol de Incendios\u00bb a cargo del Oficial Principal de Bomberos Zapadores de la Policia de la Provicia de Entre R\u00edos, Cristian Rudel.<br>En la misma el funcionario desarroll\u00f3, en forma breve y consisa, un temario que abarc\u00f3 desde la definici\u00f3n de fuego, sus tipos, sus caracter\u00edsticas, sus distintas especificaciones en base a las diferentes estructuras y\/o elementos que intervienen en la combusti\u00f3n y en relaci\u00f3n a ello las diferentes t\u00e9cnicas para atacarlo de forma segura y efectiva, siempre con el objetivo de la preservar de la vida humana.<br>Fu\u00e9 para nosotros como Instituci\u00f3n, la primera vez que tuvimos una capacitaci\u00f3n sobre este tema que -dicho sea de paso- nos ha dejado a partir de ahora, algunos \u00abtips\u00bb a tener en cuenta ante un incidente igneo.<br>Hemos quedado muy satisfechos con esta charla, y fundamentalmente por haber establecido una relaci\u00f3n de amistad con Cristian, quien demostr\u00f3 no s\u00f3lo sus conocimientos como Licenciado, sino tambien una cordial manera de transmitir sus conocimientos. Muchas gracias Cristian, seguiremos en contacto y pensando en futuras acciones sobre este tema.<br>Vaya nuestro agredecimiento al Cuerpo de Bomberos Zapadores de la Polic\u00eda de la Provincia de Entre R\u00edos, en la persona de su Jefe, Comisario Inspector Pedro Sebasti\u00e1n Gonzalez.<\/p>\n\n\n\n<p><\/p>\n\n\n\n<figure class=\"wp-block-gallery has-nested-images columns-default is-cropped wp-block-gallery-1 is-layout-flex wp-block-gallery-is-layout-flex\">\n<figure class=\"wp-block-image size-large\"><a href=\"https:\/\/aeroclubparana.org.ar\/web\/wp-content\/uploads\/2022\/08\/20220820_155748-scaled.jpg\"><img loading=\"lazy\" decoding=\"async\" width=\"1024\" height=\"451\" data-id=\"1115\" src=\"https:\/\/aeroclubparana.org.ar\/web\/wp-content\/uploads\/2022\/08\/20220820_155748-1024x451.jpg\" alt=\"\" class=\"wp-image-1115\" srcset=\"https:\/\/aeroclubparana.org.ar\/web\/wp-content\/uploads\/2022\/08\/20220820_155748-1024x451.jpg 1024w, https:\/\/aeroclubparana.org.ar\/web\/wp-content\/uploads\/2022\/08\/20220820_155748-300x132.jpg 300w, https:\/\/aeroclubparana.org.ar\/web\/wp-content\/uploads\/2022\/08\/20220820_155748-768x338.jpg 768w, https:\/\/aeroclubparana.org.ar\/web\/wp-content\/uploads\/2022\/08\/20220820_155748-1536x676.jpg 1536w, https:\/\/aeroclubparana.org.ar\/web\/wp-content\/uploads\/2022\/08\/20220820_155748-2048x901.jpg 2048w, https:\/\/aeroclubparana.org.ar\/web\/wp-content\/uploads\/2022\/08\/20220820_155748-1080x475.jpg 1080w\" sizes=\"auto, (max-width: 1024px) 100vw, 1024px\" \/><\/a><\/figure>\n\n\n\n<figure class=\"wp-block-image size-large\"><a href=\"https:\/\/aeroclubparana.org.ar\/web\/wp-content\/uploads\/2022\/08\/20220820_155814-scaled.jpg\"><img loading=\"lazy\" decoding=\"async\" width=\"1024\" height=\"451\" data-id=\"1121\" src=\"https:\/\/aeroclubparana.org.ar\/web\/wp-content\/uploads\/2022\/08\/20220820_155814-1024x451.jpg\" alt=\"\" class=\"wp-image-1121\" srcset=\"https:\/\/aeroclubparana.org.ar\/web\/wp-content\/uploads\/2022\/08\/20220820_155814-1024x451.jpg 1024w, https:\/\/aeroclubparana.org.ar\/web\/wp-content\/uploads\/2022\/08\/20220820_155814-300x132.jpg 300w, https:\/\/aeroclubparana.org.ar\/web\/wp-content\/uploads\/2022\/08\/20220820_155814-768x338.jpg 768w, https:\/\/aeroclubparana.org.ar\/web\/wp-content\/uploads\/2022\/08\/20220820_155814-1536x676.jpg 1536w, https:\/\/aeroclubparana.org.ar\/web\/wp-content\/uploads\/2022\/08\/20220820_155814-2048x901.jpg 2048w, https:\/\/aeroclubparana.org.ar\/web\/wp-content\/uploads\/2022\/08\/20220820_155814-1080x475.jpg 1080w\" sizes=\"auto, (max-width: 1024px) 100vw, 1024px\" \/><\/a><\/figure>\n\n\n\n<figure class=\"wp-block-image size-large\"><a href=\"https:\/\/aeroclubparana.org.ar\/web\/wp-content\/uploads\/2022\/08\/20220820_155830-scaled.jpg\"><img loading=\"lazy\" decoding=\"async\" width=\"1024\" height=\"451\" data-id=\"1124\" src=\"https:\/\/aeroclubparana.org.ar\/web\/wp-content\/uploads\/2022\/08\/20220820_155830-1024x451.jpg\" alt=\"\" class=\"wp-image-1124\" srcset=\"https:\/\/aeroclubparana.org.ar\/web\/wp-content\/uploads\/2022\/08\/20220820_155830-1024x451.jpg 1024w, https:\/\/aeroclubparana.org.ar\/web\/wp-content\/uploads\/2022\/08\/20220820_155830-300x132.jpg 300w, https:\/\/aeroclubparana.org.ar\/web\/wp-content\/uploads\/2022\/08\/20220820_155830-768x338.jpg 768w, https:\/\/aeroclubparana.org.ar\/web\/wp-content\/uploads\/2022\/08\/20220820_155830-1536x676.jpg 1536w, https:\/\/aeroclubparana.org.ar\/web\/wp-content\/uploads\/2022\/08\/20220820_155830-2048x901.jpg 2048w, https:\/\/aeroclubparana.org.ar\/web\/wp-content\/uploads\/2022\/08\/20220820_155830-1080x475.jpg 1080w\" sizes=\"auto, (max-width: 1024px) 100vw, 1024px\" \/><\/a><\/figure>\n\n\n\n<figure class=\"wp-block-image size-large\"><a href=\"https:\/\/aeroclubparana.org.ar\/web\/wp-content\/uploads\/2022\/08\/20220820_155839-scaled.jpg\"><img loading=\"lazy\" decoding=\"async\" width=\"1024\" height=\"451\" data-id=\"1123\" src=\"https:\/\/aeroclubparana.org.ar\/web\/wp-content\/uploads\/2022\/08\/20220820_155839-1024x451.jpg\" alt=\"\" class=\"wp-image-1123\" srcset=\"https:\/\/aeroclubparana.org.ar\/web\/wp-content\/uploads\/2022\/08\/20220820_155839-1024x451.jpg 1024w, https:\/\/aeroclubparana.org.ar\/web\/wp-content\/uploads\/2022\/08\/20220820_155839-300x132.jpg 300w, https:\/\/aeroclubparana.org.ar\/web\/wp-content\/uploads\/2022\/08\/20220820_155839-768x338.jpg 768w, https:\/\/aeroclubparana.org.ar\/web\/wp-content\/uploads\/2022\/08\/20220820_155839-1536x676.jpg 1536w, https:\/\/aeroclubparana.org.ar\/web\/wp-content\/uploads\/2022\/08\/20220820_155839-2048x901.jpg 2048w, https:\/\/aeroclubparana.org.ar\/web\/wp-content\/uploads\/2022\/08\/20220820_155839-1080x475.jpg 1080w\" sizes=\"auto, (max-width: 1024px) 100vw, 1024px\" \/><\/a><\/figure>\n\n\n\n<figure class=\"wp-block-image size-large\"><a href=\"https:\/\/aeroclubparana.org.ar\/web\/wp-content\/uploads\/2022\/08\/20220820_162457-scaled.jpg\"><img loading=\"lazy\" decoding=\"async\" width=\"1024\" height=\"451\" data-id=\"1117\" src=\"https:\/\/aeroclubparana.org.ar\/web\/wp-content\/uploads\/2022\/08\/20220820_162457-1024x451.jpg\" alt=\"\" class=\"wp-image-1117\" srcset=\"https:\/\/aeroclubparana.org.ar\/web\/wp-content\/uploads\/2022\/08\/20220820_162457-1024x451.jpg 1024w, https:\/\/aeroclubparana.org.ar\/web\/wp-content\/uploads\/2022\/08\/20220820_162457-300x132.jpg 300w, https:\/\/aeroclubparana.org.ar\/web\/wp-content\/uploads\/2022\/08\/20220820_162457-768x338.jpg 768w, https:\/\/aeroclubparana.org.ar\/web\/wp-content\/uploads\/2022\/08\/20220820_162457-1536x676.jpg 1536w, https:\/\/aeroclubparana.org.ar\/web\/wp-content\/uploads\/2022\/08\/20220820_162457-2048x901.jpg 2048w, https:\/\/aeroclubparana.org.ar\/web\/wp-content\/uploads\/2022\/08\/20220820_162457-1080x475.jpg 1080w\" sizes=\"auto, (max-width: 1024px) 100vw, 1024px\" \/><\/a><\/figure>\n\n\n\n<figure class=\"wp-block-image size-large\"><a href=\"https:\/\/aeroclubparana.org.ar\/web\/wp-content\/uploads\/2022\/08\/20220820_162504_HDR-scaled.jpg\"><img loading=\"lazy\" decoding=\"async\" width=\"1024\" height=\"451\" data-id=\"1116\" src=\"https:\/\/aeroclubparana.org.ar\/web\/wp-content\/uploads\/2022\/08\/20220820_162504_HDR-1024x451.jpg\" alt=\"\" class=\"wp-image-1116\" srcset=\"https:\/\/aeroclubparana.org.ar\/web\/wp-content\/uploads\/2022\/08\/20220820_162504_HDR-1024x451.jpg 1024w, https:\/\/aeroclubparana.org.ar\/web\/wp-content\/uploads\/2022\/08\/20220820_162504_HDR-300x132.jpg 300w, https:\/\/aeroclubparana.org.ar\/web\/wp-content\/uploads\/2022\/08\/20220820_162504_HDR-768x338.jpg 768w, https:\/\/aeroclubparana.org.ar\/web\/wp-content\/uploads\/2022\/08\/20220820_162504_HDR-1536x676.jpg 1536w, https:\/\/aeroclubparana.org.ar\/web\/wp-content\/uploads\/2022\/08\/20220820_162504_HDR-2048x901.jpg 2048w, https:\/\/aeroclubparana.org.ar\/web\/wp-content\/uploads\/2022\/08\/20220820_162504_HDR-1080x475.jpg 1080w\" sizes=\"auto, (max-width: 1024px) 100vw, 1024px\" \/><\/a><\/figure>\n\n\n\n<figure class=\"wp-block-image size-large\"><a href=\"https:\/\/aeroclubparana.org.ar\/web\/wp-content\/uploads\/2022\/08\/20220820_162523_HDR-scaled.jpg\"><img loading=\"lazy\" decoding=\"async\" width=\"1024\" height=\"451\" data-id=\"1118\" src=\"https:\/\/aeroclubparana.org.ar\/web\/wp-content\/uploads\/2022\/08\/20220820_162523_HDR-1024x451.jpg\" alt=\"\" class=\"wp-image-1118\" srcset=\"https:\/\/aeroclubparana.org.ar\/web\/wp-content\/uploads\/2022\/08\/20220820_162523_HDR-1024x451.jpg 1024w, https:\/\/aeroclubparana.org.ar\/web\/wp-content\/uploads\/2022\/08\/20220820_162523_HDR-300x132.jpg 300w, https:\/\/aeroclubparana.org.ar\/web\/wp-content\/uploads\/2022\/08\/20220820_162523_HDR-768x338.jpg 768w, https:\/\/aeroclubparana.org.ar\/web\/wp-content\/uploads\/2022\/08\/20220820_162523_HDR-1536x676.jpg 1536w, https:\/\/aeroclubparana.org.ar\/web\/wp-content\/uploads\/2022\/08\/20220820_162523_HDR-2048x901.jpg 2048w, https:\/\/aeroclubparana.org.ar\/web\/wp-content\/uploads\/2022\/08\/20220820_162523_HDR-1080x475.jpg 1080w\" sizes=\"auto, (max-width: 1024px) 100vw, 1024px\" \/><\/a><\/figure>\n\n\n\n<figure class=\"wp-block-image size-large\"><a href=\"https:\/\/aeroclubparana.org.ar\/web\/wp-content\/uploads\/2022\/08\/20220820_172535-scaled.jpg\"><img loading=\"lazy\" decoding=\"async\" width=\"1024\" height=\"451\" data-id=\"1126\" src=\"https:\/\/aeroclubparana.org.ar\/web\/wp-content\/uploads\/2022\/08\/20220820_172535-1024x451.jpg\" alt=\"\" class=\"wp-image-1126\" srcset=\"https:\/\/aeroclubparana.org.ar\/web\/wp-content\/uploads\/2022\/08\/20220820_172535-1024x451.jpg 1024w, https:\/\/aeroclubparana.org.ar\/web\/wp-content\/uploads\/2022\/08\/20220820_172535-300x132.jpg 300w, https:\/\/aeroclubparana.org.ar\/web\/wp-content\/uploads\/2022\/08\/20220820_172535-768x338.jpg 768w, https:\/\/aeroclubparana.org.ar\/web\/wp-content\/uploads\/2022\/08\/20220820_172535-1536x676.jpg 1536w, https:\/\/aeroclubparana.org.ar\/web\/wp-content\/uploads\/2022\/08\/20220820_172535-2048x901.jpg 2048w, https:\/\/aeroclubparana.org.ar\/web\/wp-content\/uploads\/2022\/08\/20220820_172535-1080x475.jpg 1080w\" sizes=\"auto, (max-width: 1024px) 100vw, 1024px\" \/><\/a><\/figure>\n\n\n\n<figure class=\"wp-block-image size-large\"><a href=\"https:\/\/aeroclubparana.org.ar\/web\/wp-content\/uploads\/2022\/08\/20220820_172609-scaled.jpg\"><img loading=\"lazy\" decoding=\"async\" width=\"1024\" height=\"451\" data-id=\"1128\" src=\"https:\/\/aeroclubparana.org.ar\/web\/wp-content\/uploads\/2022\/08\/20220820_172609-1024x451.jpg\" alt=\"\" class=\"wp-image-1128\" srcset=\"https:\/\/aeroclubparana.org.ar\/web\/wp-content\/uploads\/2022\/08\/20220820_172609-1024x451.jpg 1024w, https:\/\/aeroclubparana.org.ar\/web\/wp-content\/uploads\/2022\/08\/20220820_172609-300x132.jpg 300w, https:\/\/aeroclubparana.org.ar\/web\/wp-content\/uploads\/2022\/08\/20220820_172609-768x338.jpg 768w, https:\/\/aeroclubparana.org.ar\/web\/wp-content\/uploads\/2022\/08\/20220820_172609-1536x676.jpg 1536w, https:\/\/aeroclubparana.org.ar\/web\/wp-content\/uploads\/2022\/08\/20220820_172609-2048x901.jpg 2048w, https:\/\/aeroclubparana.org.ar\/web\/wp-content\/uploads\/2022\/08\/20220820_172609-1080x475.jpg 1080w\" sizes=\"auto, (max-width: 1024px) 100vw, 1024px\" \/><\/a><\/figure>\n\n\n\n<figure class=\"wp-block-image size-large\"><a href=\"https:\/\/aeroclubparana.org.ar\/web\/wp-content\/uploads\/2022\/08\/20220820_172630_HDR-scaled.jpg\"><img loading=\"lazy\" decoding=\"async\" width=\"1024\" height=\"451\" data-id=\"1125\" src=\"https:\/\/aeroclubparana.org.ar\/web\/wp-content\/uploads\/2022\/08\/20220820_172630_HDR-1024x451.jpg\" alt=\"\" class=\"wp-image-1125\" srcset=\"https:\/\/aeroclubparana.org.ar\/web\/wp-content\/uploads\/2022\/08\/20220820_172630_HDR-1024x451.jpg 1024w, https:\/\/aeroclubparana.org.ar\/web\/wp-content\/uploads\/2022\/08\/20220820_172630_HDR-300x132.jpg 300w, https:\/\/aeroclubparana.org.ar\/web\/wp-content\/uploads\/2022\/08\/20220820_172630_HDR-768x338.jpg 768w, https:\/\/aeroclubparana.org.ar\/web\/wp-content\/uploads\/2022\/08\/20220820_172630_HDR-1536x676.jpg 1536w, https:\/\/aeroclubparana.org.ar\/web\/wp-content\/uploads\/2022\/08\/20220820_172630_HDR-2048x901.jpg 2048w, https:\/\/aeroclubparana.org.ar\/web\/wp-content\/uploads\/2022\/08\/20220820_172630_HDR-1080x475.jpg 1080w\" sizes=\"auto, (max-width: 1024px) 100vw, 1024px\" \/><\/a><\/figure>\n\n\n\n<figure class=\"wp-block-image size-large\"><a href=\"https:\/\/aeroclubparana.org.ar\/web\/wp-content\/uploads\/2022\/08\/20220820_1728511-scaled.jpg\"><img loading=\"lazy\" decoding=\"async\" width=\"1024\" height=\"451\" data-id=\"1119\" src=\"https:\/\/aeroclubparana.org.ar\/web\/wp-content\/uploads\/2022\/08\/20220820_1728511-1024x451.jpg\" alt=\"\" class=\"wp-image-1119\" srcset=\"https:\/\/aeroclubparana.org.ar\/web\/wp-content\/uploads\/2022\/08\/20220820_1728511-1024x451.jpg 1024w, https:\/\/aeroclubparana.org.ar\/web\/wp-content\/uploads\/2022\/08\/20220820_1728511-300x132.jpg 300w, https:\/\/aeroclubparana.org.ar\/web\/wp-content\/uploads\/2022\/08\/20220820_1728511-768x338.jpg 768w, https:\/\/aeroclubparana.org.ar\/web\/wp-content\/uploads\/2022\/08\/20220820_1728511-1536x676.jpg 1536w, https:\/\/aeroclubparana.org.ar\/web\/wp-content\/uploads\/2022\/08\/20220820_1728511-2048x901.jpg 2048w, https:\/\/aeroclubparana.org.ar\/web\/wp-content\/uploads\/2022\/08\/20220820_1728511-1080x475.jpg 1080w\" sizes=\"auto, (max-width: 1024px) 100vw, 1024px\" \/><\/a><\/figure>\n\n\n\n<figure class=\"wp-block-image size-large\"><a href=\"https:\/\/aeroclubparana.org.ar\/web\/wp-content\/uploads\/2022\/08\/20220820_172905_HDR-scaled.jpg\"><img loading=\"lazy\" decoding=\"async\" width=\"1024\" height=\"451\" data-id=\"1120\" src=\"https:\/\/aeroclubparana.org.ar\/web\/wp-content\/uploads\/2022\/08\/20220820_172905_HDR-1024x451.jpg\" alt=\"\" class=\"wp-image-1120\" srcset=\"https:\/\/aeroclubparana.org.ar\/web\/wp-content\/uploads\/2022\/08\/20220820_172905_HDR-1024x451.jpg 1024w, https:\/\/aeroclubparana.org.ar\/web\/wp-content\/uploads\/2022\/08\/20220820_172905_HDR-300x132.jpg 300w, https:\/\/aeroclubparana.org.ar\/web\/wp-content\/uploads\/2022\/08\/20220820_172905_HDR-768x338.jpg 768w, https:\/\/aeroclubparana.org.ar\/web\/wp-content\/uploads\/2022\/08\/20220820_172905_HDR-1536x676.jpg 1536w, https:\/\/aeroclubparana.org.ar\/web\/wp-content\/uploads\/2022\/08\/20220820_172905_HDR-2048x901.jpg 2048w, https:\/\/aeroclubparana.org.ar\/web\/wp-content\/uploads\/2022\/08\/20220820_172905_HDR-1080x475.jpg 1080w\" sizes=\"auto, (max-width: 1024px) 100vw, 1024px\" \/><\/a><\/figure>\n\n\n\n<figure class=\"wp-block-image size-large\"><a href=\"https:\/\/aeroclubparana.org.ar\/web\/wp-content\/uploads\/2022\/08\/20220820_173055-scaled.jpg\"><img loading=\"lazy\" decoding=\"async\" width=\"1024\" height=\"451\" data-id=\"1129\" src=\"https:\/\/aeroclubparana.org.ar\/web\/wp-content\/uploads\/2022\/08\/20220820_173055-1024x451.jpg\" alt=\"\" class=\"wp-image-1129\" srcset=\"https:\/\/aeroclubparana.org.ar\/web\/wp-content\/uploads\/2022\/08\/20220820_173055-1024x451.jpg 1024w, https:\/\/aeroclubparana.org.ar\/web\/wp-content\/uploads\/2022\/08\/20220820_173055-300x132.jpg 300w, https:\/\/aeroclubparana.org.ar\/web\/wp-content\/uploads\/2022\/08\/20220820_173055-768x338.jpg 768w, https:\/\/aeroclubparana.org.ar\/web\/wp-content\/uploads\/2022\/08\/20220820_173055-1536x676.jpg 1536w, https:\/\/aeroclubparana.org.ar\/web\/wp-content\/uploads\/2022\/08\/20220820_173055-2048x901.jpg 2048w, https:\/\/aeroclubparana.org.ar\/web\/wp-content\/uploads\/2022\/08\/20220820_173055-1080x475.jpg 1080w\" sizes=\"auto, (max-width: 1024px) 100vw, 1024px\" \/><\/a><\/figure>\n\n\n\n<figure class=\"wp-block-image size-large\"><a href=\"https:\/\/aeroclubparana.org.ar\/web\/wp-content\/uploads\/2022\/08\/20220820_173116_HDR-scaled.jpg\"><img loading=\"lazy\" decoding=\"async\" width=\"1024\" height=\"451\" data-id=\"1127\" src=\"https:\/\/aeroclubparana.org.ar\/web\/wp-content\/uploads\/2022\/08\/20220820_173116_HDR-1024x451.jpg\" alt=\"\" class=\"wp-image-1127\" srcset=\"https:\/\/aeroclubparana.org.ar\/web\/wp-content\/uploads\/2022\/08\/20220820_173116_HDR-1024x451.jpg 1024w, https:\/\/aeroclubparana.org.ar\/web\/wp-content\/uploads\/2022\/08\/20220820_173116_HDR-300x132.jpg 300w, https:\/\/aeroclubparana.org.ar\/web\/wp-content\/uploads\/2022\/08\/20220820_173116_HDR-768x338.jpg 768w, https:\/\/aeroclubparana.org.ar\/web\/wp-content\/uploads\/2022\/08\/20220820_173116_HDR-1536x676.jpg 1536w, https:\/\/aeroclubparana.org.ar\/web\/wp-content\/uploads\/2022\/08\/20220820_173116_HDR-2048x901.jpg 2048w, https:\/\/aeroclubparana.org.ar\/web\/wp-content\/uploads\/2022\/08\/20220820_173116_HDR-1080x475.jpg 1080w\" sizes=\"auto, (max-width: 1024px) 100vw, 1024px\" \/><\/a><\/figure>\n\n\n\n<figure class=\"wp-block-image size-large\"><a href=\"https:\/\/aeroclubparana.org.ar\/web\/wp-content\/uploads\/2022\/08\/20220820_173404-scaled.jpg\"><img loading=\"lazy\" decoding=\"async\" width=\"1024\" height=\"576\" data-id=\"1122\" src=\"https:\/\/aeroclubparana.org.ar\/web\/wp-content\/uploads\/2022\/08\/20220820_173404-1024x576.jpg\" alt=\"\" class=\"wp-image-1122\" srcset=\"https:\/\/aeroclubparana.org.ar\/web\/wp-content\/uploads\/2022\/08\/20220820_173404-1024x576.jpg 1024w, https:\/\/aeroclubparana.org.ar\/web\/wp-content\/uploads\/2022\/08\/20220820_173404-300x169.jpg 300w, https:\/\/aeroclubparana.org.ar\/web\/wp-content\/uploads\/2022\/08\/20220820_173404-768x432.jpg 768w, https:\/\/aeroclubparana.org.ar\/web\/wp-content\/uploads\/2022\/08\/20220820_173404-1536x864.jpg 1536w, https:\/\/aeroclubparana.org.ar\/web\/wp-content\/uploads\/2022\/08\/20220820_173404-2048x1152.jpg 2048w, https:\/\/aeroclubparana.org.ar\/web\/wp-content\/uploads\/2022\/08\/20220820_173404-1080x608.jpg 1080w\" sizes=\"auto, (max-width: 1024px) 100vw, 1024px\" \/><\/a><\/figure>\n\n\n\n<figure class=\"wp-block-image size-large\"><a href=\"https:\/\/aeroclubparana.org.ar\/web\/wp-content\/uploads\/2022\/08\/VideoCapture_20220820-194247.jpg\"><img loading=\"lazy\" decoding=\"async\" width=\"1024\" height=\"576\" data-id=\"1112\" src=\"https:\/\/aeroclubparana.org.ar\/web\/wp-content\/uploads\/2022\/08\/VideoCapture_20220820-194247-1024x576.jpg\" alt=\"\" class=\"wp-image-1112\" srcset=\"https:\/\/aeroclubparana.org.ar\/web\/wp-content\/uploads\/2022\/08\/VideoCapture_20220820-194247-1024x576.jpg 1024w, https:\/\/aeroclubparana.org.ar\/web\/wp-content\/uploads\/2022\/08\/VideoCapture_20220820-194247-300x169.jpg 300w, https:\/\/aeroclubparana.org.ar\/web\/wp-content\/uploads\/2022\/08\/VideoCapture_20220820-194247-768x432.jpg 768w, https:\/\/aeroclubparana.org.ar\/web\/wp-content\/uploads\/2022\/08\/VideoCapture_20220820-194247-1536x864.jpg 1536w, https:\/\/aeroclubparana.org.ar\/web\/wp-content\/uploads\/2022\/08\/VideoCapture_20220820-194247-1080x608.jpg 1080w, https:\/\/aeroclubparana.org.ar\/web\/wp-content\/uploads\/2022\/08\/VideoCapture_20220820-194247.jpg 1920w\" sizes=\"auto, (max-width: 1024px) 100vw, 1024px\" \/><\/a><\/figure>\n\n\n\n<figure class=\"wp-block-image size-large\"><a href=\"https:\/\/aeroclubparana.org.ar\/web\/wp-content\/uploads\/2022\/08\/VideoCapture_20220820-194323.jpg\"><img loading=\"lazy\" decoding=\"async\" width=\"1024\" height=\"576\" data-id=\"1113\" src=\"https:\/\/aeroclubparana.org.ar\/web\/wp-content\/uploads\/2022\/08\/VideoCapture_20220820-194323-1024x576.jpg\" alt=\"\" class=\"wp-image-1113\" srcset=\"https:\/\/aeroclubparana.org.ar\/web\/wp-content\/uploads\/2022\/08\/VideoCapture_20220820-194323-1024x576.jpg 1024w, https:\/\/aeroclubparana.org.ar\/web\/wp-content\/uploads\/2022\/08\/VideoCapture_20220820-194323-300x169.jpg 300w, https:\/\/aeroclubparana.org.ar\/web\/wp-content\/uploads\/2022\/08\/VideoCapture_20220820-194323-768x432.jpg 768w, https:\/\/aeroclubparana.org.ar\/web\/wp-content\/uploads\/2022\/08\/VideoCapture_20220820-194323-1536x864.jpg 1536w, https:\/\/aeroclubparana.org.ar\/web\/wp-content\/uploads\/2022\/08\/VideoCapture_20220820-194323-1080x608.jpg 1080w, https:\/\/aeroclubparana.org.ar\/web\/wp-content\/uploads\/2022\/08\/VideoCapture_20220820-194323.jpg 1920w\" sizes=\"auto, (max-width: 1024px) 100vw, 1024px\" \/><\/a><\/figure>\n\n\n\n<figure class=\"wp-block-image size-large\"><a href=\"https:\/\/aeroclubparana.org.ar\/web\/wp-content\/uploads\/2022\/08\/VideoCapture_20220820-194345.jpg\"><img loading=\"lazy\" decoding=\"async\" width=\"1024\" height=\"576\" data-id=\"1114\" src=\"https:\/\/aeroclubparana.org.ar\/web\/wp-content\/uploads\/2022\/08\/VideoCapture_20220820-194345-1024x576.jpg\" alt=\"\" class=\"wp-image-1114\" srcset=\"https:\/\/aeroclubparana.org.ar\/web\/wp-content\/uploads\/2022\/08\/VideoCapture_20220820-194345-1024x576.jpg 1024w, https:\/\/aeroclubparana.org.ar\/web\/wp-content\/uploads\/2022\/08\/VideoCapture_20220820-194345-300x169.jpg 300w, https:\/\/aeroclubparana.org.ar\/web\/wp-content\/uploads\/2022\/08\/VideoCapture_20220820-194345-768x432.jpg 768w, https:\/\/aeroclubparana.org.ar\/web\/wp-content\/uploads\/2022\/08\/VideoCapture_20220820-194345-1536x864.jpg 1536w, https:\/\/aeroclubparana.org.ar\/web\/wp-content\/uploads\/2022\/08\/VideoCapture_20220820-194345-1080x608.jpg 1080w, https:\/\/aeroclubparana.org.ar\/web\/wp-content\/uploads\/2022\/08\/VideoCapture_20220820-194345.jpg 1920w\" sizes=\"auto, (max-width: 1024px) 100vw, 1024px\" \/><\/a><\/figure>\n<\/figure>\n","protected":false},"excerpt":{"rendered":"<p>En la tarde de ayer, S\u00e1bado 20 de Agosto y tal como fuera anunciado, se llev\u00f3 a cabo la primer Charla\/Taller\/Pr\u00e1ctica sobre \u00abRol de Incendios\u00bb a cargo del Oficial Principal de Bomberos Zapadores de la Policia de la Provicia de Entre R\u00edos, Cristian Rudel.En la misma el funcionario desarroll\u00f3, en forma breve y consisa, un [&hellip;]<\/p>\n","protected":false},"author":2,"featured_media":1130,"comment_status":"open","ping_status":"open","sticky":false,"template":"","format":"standard","meta":{"_et_pb_use_builder":"","_et_pb_old_content":"","_et_gb_content_width":"","footnotes":""},"categories":[1],"tags":[],"class_list":["post-1111","post","type-post","status-publish","format-standard","has-post-thumbnail","hentry","category-uncategorized","et-has-post-format-content","et_post_format-et-post-format-standard"],"yoast_head":"<!-- This site is optimized with the Yoast SEO plugin v22.8 - https:\/\/yoast.com\/wordpress\/plugins\/seo\/ -->\n<title>Charla\/Taller\/Pr\u00e1ctica sobre &quot;Rol de Incendio&quot; - Aeroclub Ciudad de Paran\u00e1<\/title>\n<meta name=\"robots\" content=\"index, follow, max-snippet:-1, max-image-preview:large, max-video-preview:-1\" \/>\n<link rel=\"canonical\" href=\"https:\/\/aeroclubparana.org.ar\/web\/index.php\/2022\/08\/21\/charla-taller-practica-sobre-rol-de-incendio\/\" \/>\n<meta property=\"og:locale\" content=\"es_ES\" \/>\n<meta property=\"og:type\" content=\"article\" \/>\n<meta property=\"og:title\" content=\"Charla\/Taller\/Pr\u00e1ctica sobre &quot;Rol de Incendio&quot; - Aeroclub Ciudad de Paran\u00e1\" \/>\n<meta property=\"og:description\" content=\"En la tarde de ayer, S\u00e1bado 20 de Agosto y tal como fuera anunciado, se llev\u00f3 a cabo la primer Charla\/Taller\/Pr\u00e1ctica sobre \u00abRol de Incendios\u00bb a cargo del Oficial Principal de Bomberos Zapadores de la Policia de la Provicia de Entre R\u00edos, Cristian Rudel.En la misma el funcionario desarroll\u00f3, en forma breve y consisa, un [&hellip;]\" \/>\n<meta property=\"og:url\" content=\"https:\/\/aeroclubparana.org.ar\/web\/index.php\/2022\/08\/21\/charla-taller-practica-sobre-rol-de-incendio\/\" \/>\n<meta property=\"og:site_name\" content=\"Aeroclub Ciudad de Paran\u00e1\" \/>\n<meta property=\"article:published_time\" content=\"2022-08-21T13:49:01+00:00\" \/>\n<meta property=\"article:modified_time\" content=\"2022-08-21T13:55:20+00:00\" \/>\n<meta property=\"og:image\" content=\"https:\/\/aeroclubparana.org.ar\/web\/wp-content\/uploads\/2022\/08\/rol_incendios_web.jpg\" \/>\n\t<meta property=\"og:image:width\" content=\"1280\" \/>\n\t<meta property=\"og:image:height\" content=\"564\" \/>\n\t<meta property=\"og:image:type\" content=\"image\/jpeg\" \/>\n<meta name=\"author\" content=\"Aeroclub Paran\u00e1\" \/>\n<meta name=\"twitter:card\" content=\"summary_large_image\" \/>\n<meta name=\"twitter:label1\" content=\"Escrito por\" \/>\n\t<meta name=\"twitter:data1\" content=\"Aeroclub Paran\u00e1\" \/>\n\t<meta name=\"twitter:label2\" content=\"Tiempo de lectura\" \/>\n\t<meta name=\"twitter:data2\" content=\"5 minutos\" \/>\n<script type=\"application\/ld+json\" class=\"yoast-schema-graph\">{\"@context\":\"https:\/\/schema.org\",\"@graph\":[{\"@type\":\"WebPage\",\"@id\":\"https:\/\/aeroclubparana.org.ar\/web\/index.php\/2022\/08\/21\/charla-taller-practica-sobre-rol-de-incendio\/\",\"url\":\"https:\/\/aeroclubparana.org.ar\/web\/index.php\/2022\/08\/21\/charla-taller-practica-sobre-rol-de-incendio\/\",\"name\":\"Charla\/Taller\/Pr\u00e1ctica sobre \\\"Rol de Incendio\\\" - Aeroclub Ciudad de Paran\u00e1\",\"isPartOf\":{\"@id\":\"https:\/\/aeroclubparana.org.ar\/web\/#website\"},\"primaryImageOfPage\":{\"@id\":\"https:\/\/aeroclubparana.org.ar\/web\/index.php\/2022\/08\/21\/charla-taller-practica-sobre-rol-de-incendio\/#primaryimage\"},\"image\":{\"@id\":\"https:\/\/aeroclubparana.org.ar\/web\/index.php\/2022\/08\/21\/charla-taller-practica-sobre-rol-de-incendio\/#primaryimage\"},\"thumbnailUrl\":\"https:\/\/aeroclubparana.org.ar\/web\/wp-content\/uploads\/2022\/08\/rol_incendios_web.jpg\",\"datePublished\":\"2022-08-21T13:49:01+00:00\",\"dateModified\":\"2022-08-21T13:55:20+00:00\",\"author\":{\"@id\":\"https:\/\/aeroclubparana.org.ar\/web\/#\/schema\/person\/30f08c2720d348886b3c95c716eda4ee\"},\"breadcrumb\":{\"@id\":\"https:\/\/aeroclubparana.org.ar\/web\/index.php\/2022\/08\/21\/charla-taller-practica-sobre-rol-de-incendio\/#breadcrumb\"},\"inLanguage\":\"es\",\"potentialAction\":[{\"@type\":\"ReadAction\",\"target\":[\"https:\/\/aeroclubparana.org.ar\/web\/index.php\/2022\/08\/21\/charla-taller-practica-sobre-rol-de-incendio\/\"]}]},{\"@type\":\"ImageObject\",\"inLanguage\":\"es\",\"@id\":\"https:\/\/aeroclubparana.org.ar\/web\/index.php\/2022\/08\/21\/charla-taller-practica-sobre-rol-de-incendio\/#primaryimage\",\"url\":\"https:\/\/aeroclubparana.org.ar\/web\/wp-content\/uploads\/2022\/08\/rol_incendios_web.jpg\",\"contentUrl\":\"https:\/\/aeroclubparana.org.ar\/web\/wp-content\/uploads\/2022\/08\/rol_incendios_web.jpg\",\"width\":1280,\"height\":564},{\"@type\":\"BreadcrumbList\",\"@id\":\"https:\/\/aeroclubparana.org.ar\/web\/index.php\/2022\/08\/21\/charla-taller-practica-sobre-rol-de-incendio\/#breadcrumb\",\"itemListElement\":[{\"@type\":\"ListItem\",\"position\":1,\"name\":\"Home\",\"item\":\"https:\/\/aeroclubparana.org.ar\/web\/\"},{\"@type\":\"ListItem\",\"position\":2,\"name\":\"Charla\/Taller\/Pr\u00e1ctica sobre \u00abRol de Incendio\u00bb\"}]},{\"@type\":\"WebSite\",\"@id\":\"https:\/\/aeroclubparana.org.ar\/web\/#website\",\"url\":\"https:\/\/aeroclubparana.org.ar\/web\/\",\"name\":\"Aeroclub Ciudad de Paran\u00e1\",\"description\":\"\",\"potentialAction\":[{\"@type\":\"SearchAction\",\"target\":{\"@type\":\"EntryPoint\",\"urlTemplate\":\"https:\/\/aeroclubparana.org.ar\/web\/?s={search_term_string}\"},\"query-input\":\"required name=search_term_string\"}],\"inLanguage\":\"es\"},{\"@type\":\"Person\",\"@id\":\"https:\/\/aeroclubparana.org.ar\/web\/#\/schema\/person\/30f08c2720d348886b3c95c716eda4ee\",\"name\":\"Aeroclub Paran\u00e1\",\"image\":{\"@type\":\"ImageObject\",\"inLanguage\":\"es\",\"@id\":\"https:\/\/aeroclubparana.org.ar\/web\/#\/schema\/person\/image\/\",\"url\":\"https:\/\/secure.gravatar.com\/avatar\/bf5974e327a751bee34ee94520c70420?s=96&d=mm&r=g\",\"contentUrl\":\"https:\/\/secure.gravatar.com\/avatar\/bf5974e327a751bee34ee94520c70420?s=96&d=mm&r=g\",\"caption\":\"Aeroclub Paran\u00e1\"},\"url\":\"https:\/\/aeroclubparana.org.ar\/web\/index.php\/author\/aeroclubparana\/\"}]}<\/script>\n<!-- \/ Yoast SEO plugin. -->","yoast_head_json":{"title":"Charla\/Taller\/Pr\u00e1ctica sobre \"Rol de Incendio\" - Aeroclub Ciudad de Paran\u00e1","robots":{"index":"index","follow":"follow","max-snippet":"max-snippet:-1","max-image-preview":"max-image-preview:large","max-video-preview":"max-video-preview:-1"},"canonical":"https:\/\/aeroclubparana.org.ar\/web\/index.php\/2022\/08\/21\/charla-taller-practica-sobre-rol-de-incendio\/","og_locale":"es_ES","og_type":"article","og_title":"Charla\/Taller\/Pr\u00e1ctica sobre \"Rol de Incendio\" - Aeroclub Ciudad de Paran\u00e1","og_description":"En la tarde de ayer, S\u00e1bado 20 de Agosto y tal como fuera anunciado, se llev\u00f3 a cabo la primer Charla\/Taller\/Pr\u00e1ctica sobre \u00abRol de Incendios\u00bb a cargo del Oficial Principal de Bomberos Zapadores de la Policia de la Provicia de Entre R\u00edos, Cristian Rudel.En la misma el funcionario desarroll\u00f3, en forma breve y consisa, un [&hellip;]","og_url":"https:\/\/aeroclubparana.org.ar\/web\/index.php\/2022\/08\/21\/charla-taller-practica-sobre-rol-de-incendio\/","og_site_name":"Aeroclub Ciudad de Paran\u00e1","article_published_time":"2022-08-21T13:49:01+00:00","article_modified_time":"2022-08-21T13:55:20+00:00","og_image":[{"width":1280,"height":564,"url":"https:\/\/aeroclubparana.org.ar\/web\/wp-content\/uploads\/2022\/08\/rol_incendios_web.jpg","type":"image\/jpeg"}],"author":"Aeroclub Paran\u00e1","twitter_card":"summary_large_image","twitter_misc":{"Escrito por":"Aeroclub Paran\u00e1","Tiempo de lectura":"5 minutos"},"schema":{"@context":"https:\/\/schema.org","@graph":[{"@type":"WebPage","@id":"https:\/\/aeroclubparana.org.ar\/web\/index.php\/2022\/08\/21\/charla-taller-practica-sobre-rol-de-incendio\/","url":"https:\/\/aeroclubparana.org.ar\/web\/index.php\/2022\/08\/21\/charla-taller-practica-sobre-rol-de-incendio\/","name":"Charla\/Taller\/Pr\u00e1ctica sobre \"Rol de Incendio\" - Aeroclub Ciudad de Paran\u00e1","isPartOf":{"@id":"https:\/\/aeroclubparana.org.ar\/web\/#website"},"primaryImageOfPage":{"@id":"https:\/\/aeroclubparana.org.ar\/web\/index.php\/2022\/08\/21\/charla-taller-practica-sobre-rol-de-incendio\/#primaryimage"},"image":{"@id":"https:\/\/aeroclubparana.org.ar\/web\/index.php\/2022\/08\/21\/charla-taller-practica-sobre-rol-de-incendio\/#primaryimage"},"thumbnailUrl":"https:\/\/aeroclubparana.org.ar\/web\/wp-content\/uploads\/2022\/08\/rol_incendios_web.jpg","datePublished":"2022-08-21T13:49:01+00:00","dateModified":"2022-08-21T13:55:20+00:00","author":{"@id":"https:\/\/aeroclubparana.org.ar\/web\/#\/schema\/person\/30f08c2720d348886b3c95c716eda4ee"},"breadcrumb":{"@id":"https:\/\/aeroclubparana.org.ar\/web\/index.php\/2022\/08\/21\/charla-taller-practica-sobre-rol-de-incendio\/#breadcrumb"},"inLanguage":"es","potentialAction":[{"@type":"ReadAction","target":["https:\/\/aeroclubparana.org.ar\/web\/index.php\/2022\/08\/21\/charla-taller-practica-sobre-rol-de-incendio\/"]}]},{"@type":"ImageObject","inLanguage":"es","@id":"https:\/\/aeroclubparana.org.ar\/web\/index.php\/2022\/08\/21\/charla-taller-practica-sobre-rol-de-incendio\/#primaryimage","url":"https:\/\/aeroclubparana.org.ar\/web\/wp-content\/uploads\/2022\/08\/rol_incendios_web.jpg","contentUrl":"https:\/\/aeroclubparana.org.ar\/web\/wp-content\/uploads\/2022\/08\/rol_incendios_web.jpg","width":1280,"height":564},{"@type":"BreadcrumbList","@id":"https:\/\/aeroclubparana.org.ar\/web\/index.php\/2022\/08\/21\/charla-taller-practica-sobre-rol-de-incendio\/#breadcrumb","itemListElement":[{"@type":"ListItem","position":1,"name":"Home","item":"https:\/\/aeroclubparana.org.ar\/web\/"},{"@type":"ListItem","position":2,"name":"Charla\/Taller\/Pr\u00e1ctica sobre \u00abRol de Incendio\u00bb"}]},{"@type":"WebSite","@id":"https:\/\/aeroclubparana.org.ar\/web\/#website","url":"https:\/\/aeroclubparana.org.ar\/web\/","name":"Aeroclub Ciudad de Paran\u00e1","description":"","potentialAction":[{"@type":"SearchAction","target":{"@type":"EntryPoint","urlTemplate":"https:\/\/aeroclubparana.org.ar\/web\/?s={search_term_string}"},"query-input":"required name=search_term_string"}],"inLanguage":"es"},{"@type":"Person","@id":"https:\/\/aeroclubparana.org.ar\/web\/#\/schema\/person\/30f08c2720d348886b3c95c716eda4ee","name":"Aeroclub Paran\u00e1","image":{"@type":"ImageObject","inLanguage":"es","@id":"https:\/\/aeroclubparana.org.ar\/web\/#\/schema\/person\/image\/","url":"https:\/\/secure.gravatar.com\/avatar\/bf5974e327a751bee34ee94520c70420?s=96&d=mm&r=g","contentUrl":"https:\/\/secure.gravatar.com\/avatar\/bf5974e327a751bee34ee94520c70420?s=96&d=mm&r=g","caption":"Aeroclub Paran\u00e1"},"url":"https:\/\/aeroclubparana.org.ar\/web\/index.php\/author\/aeroclubparana\/"}]}},"_links":{"self":[{"href":"https:\/\/aeroclubparana.org.ar\/web\/index.php\/wp-json\/wp\/v2\/posts\/1111","targetHints":{"allow":["GET"]}}],"collection":[{"href":"https:\/\/aeroclubparana.org.ar\/web\/index.php\/wp-json\/wp\/v2\/posts"}],"about":[{"href":"https:\/\/aeroclubparana.org.ar\/web\/index.php\/wp-json\/wp\/v2\/types\/post"}],"author":[{"embeddable":true,"href":"https:\/\/aeroclubparana.org.ar\/web\/index.php\/wp-json\/wp\/v2\/users\/2"}],"replies":[{"embeddable":true,"href":"https:\/\/aeroclubparana.org.ar\/web\/index.php\/wp-json\/wp\/v2\/comments?post=1111"}],"version-history":[{"count":3,"href":"https:\/\/aeroclubparana.org.ar\/web\/index.php\/wp-json\/wp\/v2\/posts\/1111\/revisions"}],"predecessor-version":[{"id":1133,"href":"https:\/\/aeroclubparana.org.ar\/web\/index.php\/wp-json\/wp\/v2\/posts\/1111\/revisions\/1133"}],"wp:featuredmedia":[{"embeddable":true,"href":"https:\/\/aeroclubparana.org.ar\/web\/index.php\/wp-json\/wp\/v2\/media\/1130"}],"wp:attachment":[{"href":"https:\/\/aeroclubparana.org.ar\/web\/index.php\/wp-json\/wp\/v2\/media?parent=1111"}],"wp:term":[{"taxonomy":"category","embeddable":true,"href":"https:\/\/aeroclubparana.org.ar\/web\/index.php\/wp-json\/wp\/v2\/categories?post=1111"},{"taxonomy":"post_tag","embeddable":true,"href":"https:\/\/aeroclubparana.org.ar\/web\/index.php\/wp-json\/wp\/v2\/tags?post=1111"}],"curies":[{"name":"wp","href":"https:\/\/api.w.org\/{rel}","templated":true}]}}