{"id":1042,"date":"2022-07-09T15:12:34","date_gmt":"2022-07-09T15:12:34","guid":{"rendered":"https:\/\/aeroclubparana.org.ar\/web\/?p=1042"},"modified":"2022-07-10T23:26:51","modified_gmt":"2022-07-10T23:26:51","slug":"llegan-los-jets-al-aeroclub","status":"publish","type":"post","link":"https:\/\/aeroclubparana.org.ar\/web\/index.php\/2022\/07\/09\/llegan-los-jets-al-aeroclub\/","title":{"rendered":"Llegan los Jets al Aeroclub..! (EVENTO POSTERGADO)"},"content":{"rendered":"\n<p class=\"has-vivid-red-color has-text-color\"><em><strong>\u00abA ra\u00edz de actividades aeron\u00e1uticas previstas por la FAA &#8211; Fuerza A\u00e9rea Argentina en el Aer\u00f3dromo de Mor\u00f3n, las cu\u00e1les se superponen he involucran Pilotos de Aeromodelismo, es que se POSTERGA nuestra actividad; con nueva fecha a confirmar..\u00bb<\/strong><\/em><\/p>\n\n\n\n<p class=\"has-black-color has-text-color\">Durante los d\u00edas 13 y 14 de Agosto, se llevar\u00e1 a cabo en nuestro predio, el primer evento de Jets radiocontrolados a escala, con la presencia de los mejores especialistas de esta disciplina no s\u00f3lo de nuestro Aeroclub, sino de otras provincias.<br>A tal efecto, nuestra Instituci\u00f3n abrir\u00e1 sus puertas al p\u00fablico para que se acerquen, y conozcan a los cultores de esta especialidad, verdaderas obras de arte con alas. Para m\u00e1s informaci\u00f3n, dejamos los contactos de nuestros Socios Pilotos organizadores:<br>Guido Longo: 3455-410386<br>Fernando Stigliano: 342-5254419<\/p>\n\n\n\n<figure class=\"wp-block-gallery has-nested-images columns-default is-cropped wp-block-gallery-1 is-layout-flex wp-block-gallery-is-layout-flex\">\n<figure class=\"wp-block-image size-large\"><img loading=\"lazy\" decoding=\"async\" width=\"727\" height=\"1024\" data-id=\"1044\" src=\"https:\/\/aeroclubparana.org.ar\/web\/wp-content\/uploads\/2022\/07\/JP_2-727x1024.jpeg\" alt=\"\" class=\"wp-image-1044\" srcset=\"https:\/\/aeroclubparana.org.ar\/web\/wp-content\/uploads\/2022\/07\/JP_2-727x1024.jpeg 727w, https:\/\/aeroclubparana.org.ar\/web\/wp-content\/uploads\/2022\/07\/JP_2-213x300.jpeg 213w, https:\/\/aeroclubparana.org.ar\/web\/wp-content\/uploads\/2022\/07\/JP_2-768x1081.jpeg 768w, https:\/\/aeroclubparana.org.ar\/web\/wp-content\/uploads\/2022\/07\/JP_2.jpeg 909w\" sizes=\"auto, (max-width: 727px) 100vw, 727px\" \/><\/figure>\n\n\n\n<figure class=\"wp-block-image size-large\"><img loading=\"lazy\" decoding=\"async\" width=\"727\" height=\"1024\" data-id=\"1045\" src=\"https:\/\/aeroclubparana.org.ar\/web\/wp-content\/uploads\/2022\/07\/JP_3-727x1024.jpeg\" alt=\"\" class=\"wp-image-1045\" srcset=\"https:\/\/aeroclubparana.org.ar\/web\/wp-content\/uploads\/2022\/07\/JP_3-727x1024.jpeg 727w, https:\/\/aeroclubparana.org.ar\/web\/wp-content\/uploads\/2022\/07\/JP_3-213x300.jpeg 213w, https:\/\/aeroclubparana.org.ar\/web\/wp-content\/uploads\/2022\/07\/JP_3-768x1081.jpeg 768w, https:\/\/aeroclubparana.org.ar\/web\/wp-content\/uploads\/2022\/07\/JP_3.jpeg 909w\" sizes=\"auto, (max-width: 727px) 100vw, 727px\" \/><\/figure>\n<\/figure>\n","protected":false},"excerpt":{"rendered":"<p>\u00abA ra\u00edz de actividades aeron\u00e1uticas previstas por la FAA &#8211; Fuerza A\u00e9rea Argentina en el Aer\u00f3dromo de Mor\u00f3n, las cu\u00e1les se superponen he involucran Pilotos de Aeromodelismo, es que se POSTERGA nuestra actividad; con nueva fecha a confirmar..\u00bb Durante los d\u00edas 13 y 14 de Agosto, se llevar\u00e1 a cabo en nuestro predio, el primer [&hellip;]<\/p>\n","protected":false},"author":2,"featured_media":1056,"comment_status":"open","ping_status":"open","sticky":false,"template":"","format":"standard","meta":{"_et_pb_use_builder":"","_et_pb_old_content":"","_et_gb_content_width":"","footnotes":""},"categories":[1],"tags":[],"class_list":["post-1042","post","type-post","status-publish","format-standard","has-post-thumbnail","hentry","category-uncategorized","et-has-post-format-content","et_post_format-et-post-format-standard"],"yoast_head":"<!-- This site is optimized with the Yoast SEO plugin v22.8 - https:\/\/yoast.com\/wordpress\/plugins\/seo\/ -->\n<title>Llegan los Jets al Aeroclub..! (EVENTO POSTERGADO) - Aeroclub Ciudad de Paran\u00e1<\/title>\n<meta name=\"robots\" content=\"index, follow, max-snippet:-1, max-image-preview:large, max-video-preview:-1\" \/>\n<link rel=\"canonical\" href=\"https:\/\/aeroclubparana.org.ar\/web\/index.php\/2022\/07\/09\/llegan-los-jets-al-aeroclub\/\" \/>\n<meta property=\"og:locale\" content=\"es_ES\" \/>\n<meta property=\"og:type\" content=\"article\" \/>\n<meta property=\"og:title\" content=\"Llegan los Jets al Aeroclub..! (EVENTO POSTERGADO) - Aeroclub Ciudad de Paran\u00e1\" \/>\n<meta property=\"og:description\" content=\"\u00abA ra\u00edz de actividades aeron\u00e1uticas previstas por la FAA &#8211; Fuerza A\u00e9rea Argentina en el Aer\u00f3dromo de Mor\u00f3n, las cu\u00e1les se superponen he involucran Pilotos de Aeromodelismo, es que se POSTERGA nuestra actividad; con nueva fecha a confirmar..\u00bb Durante los d\u00edas 13 y 14 de Agosto, se llevar\u00e1 a cabo en nuestro predio, el primer [&hellip;]\" \/>\n<meta property=\"og:url\" content=\"https:\/\/aeroclubparana.org.ar\/web\/index.php\/2022\/07\/09\/llegan-los-jets-al-aeroclub\/\" \/>\n<meta property=\"og:site_name\" content=\"Aeroclub Ciudad de Paran\u00e1\" \/>\n<meta property=\"article:published_time\" content=\"2022-07-09T15:12:34+00:00\" \/>\n<meta property=\"article:modified_time\" content=\"2022-07-10T23:26:51+00:00\" \/>\n<meta property=\"og:image\" content=\"https:\/\/aeroclubparana.org.ar\/web\/wp-content\/uploads\/2022\/07\/postergado.jpeg\" \/>\n\t<meta property=\"og:image:width\" content=\"471\" \/>\n\t<meta property=\"og:image:height\" content=\"640\" \/>\n\t<meta property=\"og:image:type\" content=\"image\/jpeg\" \/>\n<meta name=\"author\" content=\"Aeroclub Paran\u00e1\" \/>\n<meta name=\"twitter:card\" content=\"summary_large_image\" \/>\n<meta name=\"twitter:label1\" content=\"Escrito por\" \/>\n\t<meta name=\"twitter:data1\" content=\"Aeroclub Paran\u00e1\" \/>\n\t<meta name=\"twitter:label2\" content=\"Tiempo de lectura\" \/>\n\t<meta name=\"twitter:data2\" content=\"1 minuto\" \/>\n<script type=\"application\/ld+json\" class=\"yoast-schema-graph\">{\"@context\":\"https:\/\/schema.org\",\"@graph\":[{\"@type\":\"WebPage\",\"@id\":\"https:\/\/aeroclubparana.org.ar\/web\/index.php\/2022\/07\/09\/llegan-los-jets-al-aeroclub\/\",\"url\":\"https:\/\/aeroclubparana.org.ar\/web\/index.php\/2022\/07\/09\/llegan-los-jets-al-aeroclub\/\",\"name\":\"Llegan los Jets al Aeroclub..! (EVENTO POSTERGADO) - Aeroclub Ciudad de Paran\u00e1\",\"isPartOf\":{\"@id\":\"https:\/\/aeroclubparana.org.ar\/web\/#website\"},\"primaryImageOfPage\":{\"@id\":\"https:\/\/aeroclubparana.org.ar\/web\/index.php\/2022\/07\/09\/llegan-los-jets-al-aeroclub\/#primaryimage\"},\"image\":{\"@id\":\"https:\/\/aeroclubparana.org.ar\/web\/index.php\/2022\/07\/09\/llegan-los-jets-al-aeroclub\/#primaryimage\"},\"thumbnailUrl\":\"https:\/\/aeroclubparana.org.ar\/web\/wp-content\/uploads\/2022\/07\/postergado.jpeg\",\"datePublished\":\"2022-07-09T15:12:34+00:00\",\"dateModified\":\"2022-07-10T23:26:51+00:00\",\"author\":{\"@id\":\"https:\/\/aeroclubparana.org.ar\/web\/#\/schema\/person\/30f08c2720d348886b3c95c716eda4ee\"},\"breadcrumb\":{\"@id\":\"https:\/\/aeroclubparana.org.ar\/web\/index.php\/2022\/07\/09\/llegan-los-jets-al-aeroclub\/#breadcrumb\"},\"inLanguage\":\"es\",\"potentialAction\":[{\"@type\":\"ReadAction\",\"target\":[\"https:\/\/aeroclubparana.org.ar\/web\/index.php\/2022\/07\/09\/llegan-los-jets-al-aeroclub\/\"]}]},{\"@type\":\"ImageObject\",\"inLanguage\":\"es\",\"@id\":\"https:\/\/aeroclubparana.org.ar\/web\/index.php\/2022\/07\/09\/llegan-los-jets-al-aeroclub\/#primaryimage\",\"url\":\"https:\/\/aeroclubparana.org.ar\/web\/wp-content\/uploads\/2022\/07\/postergado.jpeg\",\"contentUrl\":\"https:\/\/aeroclubparana.org.ar\/web\/wp-content\/uploads\/2022\/07\/postergado.jpeg\",\"width\":471,\"height\":640},{\"@type\":\"BreadcrumbList\",\"@id\":\"https:\/\/aeroclubparana.org.ar\/web\/index.php\/2022\/07\/09\/llegan-los-jets-al-aeroclub\/#breadcrumb\",\"itemListElement\":[{\"@type\":\"ListItem\",\"position\":1,\"name\":\"Home\",\"item\":\"https:\/\/aeroclubparana.org.ar\/web\/\"},{\"@type\":\"ListItem\",\"position\":2,\"name\":\"Llegan los Jets al Aeroclub..! (EVENTO POSTERGADO)\"}]},{\"@type\":\"WebSite\",\"@id\":\"https:\/\/aeroclubparana.org.ar\/web\/#website\",\"url\":\"https:\/\/aeroclubparana.org.ar\/web\/\",\"name\":\"Aeroclub Ciudad de Paran\u00e1\",\"description\":\"\",\"potentialAction\":[{\"@type\":\"SearchAction\",\"target\":{\"@type\":\"EntryPoint\",\"urlTemplate\":\"https:\/\/aeroclubparana.org.ar\/web\/?s={search_term_string}\"},\"query-input\":\"required name=search_term_string\"}],\"inLanguage\":\"es\"},{\"@type\":\"Person\",\"@id\":\"https:\/\/aeroclubparana.org.ar\/web\/#\/schema\/person\/30f08c2720d348886b3c95c716eda4ee\",\"name\":\"Aeroclub Paran\u00e1\",\"image\":{\"@type\":\"ImageObject\",\"inLanguage\":\"es\",\"@id\":\"https:\/\/aeroclubparana.org.ar\/web\/#\/schema\/person\/image\/\",\"url\":\"https:\/\/secure.gravatar.com\/avatar\/bf5974e327a751bee34ee94520c70420?s=96&d=mm&r=g\",\"contentUrl\":\"https:\/\/secure.gravatar.com\/avatar\/bf5974e327a751bee34ee94520c70420?s=96&d=mm&r=g\",\"caption\":\"Aeroclub Paran\u00e1\"},\"url\":\"https:\/\/aeroclubparana.org.ar\/web\/index.php\/author\/aeroclubparana\/\"}]}<\/script>\n<!-- \/ Yoast SEO plugin. -->","yoast_head_json":{"title":"Llegan los Jets al Aeroclub..! (EVENTO POSTERGADO) - Aeroclub Ciudad de Paran\u00e1","robots":{"index":"index","follow":"follow","max-snippet":"max-snippet:-1","max-image-preview":"max-image-preview:large","max-video-preview":"max-video-preview:-1"},"canonical":"https:\/\/aeroclubparana.org.ar\/web\/index.php\/2022\/07\/09\/llegan-los-jets-al-aeroclub\/","og_locale":"es_ES","og_type":"article","og_title":"Llegan los Jets al Aeroclub..! (EVENTO POSTERGADO) - Aeroclub Ciudad de Paran\u00e1","og_description":"\u00abA ra\u00edz de actividades aeron\u00e1uticas previstas por la FAA &#8211; Fuerza A\u00e9rea Argentina en el Aer\u00f3dromo de Mor\u00f3n, las cu\u00e1les se superponen he involucran Pilotos de Aeromodelismo, es que se POSTERGA nuestra actividad; con nueva fecha a confirmar..\u00bb Durante los d\u00edas 13 y 14 de Agosto, se llevar\u00e1 a cabo en nuestro predio, el primer [&hellip;]","og_url":"https:\/\/aeroclubparana.org.ar\/web\/index.php\/2022\/07\/09\/llegan-los-jets-al-aeroclub\/","og_site_name":"Aeroclub Ciudad de Paran\u00e1","article_published_time":"2022-07-09T15:12:34+00:00","article_modified_time":"2022-07-10T23:26:51+00:00","og_image":[{"width":471,"height":640,"url":"https:\/\/aeroclubparana.org.ar\/web\/wp-content\/uploads\/2022\/07\/postergado.jpeg","type":"image\/jpeg"}],"author":"Aeroclub Paran\u00e1","twitter_card":"summary_large_image","twitter_misc":{"Escrito por":"Aeroclub Paran\u00e1","Tiempo de lectura":"1 minuto"},"schema":{"@context":"https:\/\/schema.org","@graph":[{"@type":"WebPage","@id":"https:\/\/aeroclubparana.org.ar\/web\/index.php\/2022\/07\/09\/llegan-los-jets-al-aeroclub\/","url":"https:\/\/aeroclubparana.org.ar\/web\/index.php\/2022\/07\/09\/llegan-los-jets-al-aeroclub\/","name":"Llegan los Jets al Aeroclub..! (EVENTO POSTERGADO) - Aeroclub Ciudad de Paran\u00e1","isPartOf":{"@id":"https:\/\/aeroclubparana.org.ar\/web\/#website"},"primaryImageOfPage":{"@id":"https:\/\/aeroclubparana.org.ar\/web\/index.php\/2022\/07\/09\/llegan-los-jets-al-aeroclub\/#primaryimage"},"image":{"@id":"https:\/\/aeroclubparana.org.ar\/web\/index.php\/2022\/07\/09\/llegan-los-jets-al-aeroclub\/#primaryimage"},"thumbnailUrl":"https:\/\/aeroclubparana.org.ar\/web\/wp-content\/uploads\/2022\/07\/postergado.jpeg","datePublished":"2022-07-09T15:12:34+00:00","dateModified":"2022-07-10T23:26:51+00:00","author":{"@id":"https:\/\/aeroclubparana.org.ar\/web\/#\/schema\/person\/30f08c2720d348886b3c95c716eda4ee"},"breadcrumb":{"@id":"https:\/\/aeroclubparana.org.ar\/web\/index.php\/2022\/07\/09\/llegan-los-jets-al-aeroclub\/#breadcrumb"},"inLanguage":"es","potentialAction":[{"@type":"ReadAction","target":["https:\/\/aeroclubparana.org.ar\/web\/index.php\/2022\/07\/09\/llegan-los-jets-al-aeroclub\/"]}]},{"@type":"ImageObject","inLanguage":"es","@id":"https:\/\/aeroclubparana.org.ar\/web\/index.php\/2022\/07\/09\/llegan-los-jets-al-aeroclub\/#primaryimage","url":"https:\/\/aeroclubparana.org.ar\/web\/wp-content\/uploads\/2022\/07\/postergado.jpeg","contentUrl":"https:\/\/aeroclubparana.org.ar\/web\/wp-content\/uploads\/2022\/07\/postergado.jpeg","width":471,"height":640},{"@type":"BreadcrumbList","@id":"https:\/\/aeroclubparana.org.ar\/web\/index.php\/2022\/07\/09\/llegan-los-jets-al-aeroclub\/#breadcrumb","itemListElement":[{"@type":"ListItem","position":1,"name":"Home","item":"https:\/\/aeroclubparana.org.ar\/web\/"},{"@type":"ListItem","position":2,"name":"Llegan los Jets al Aeroclub..! (EVENTO POSTERGADO)"}]},{"@type":"WebSite","@id":"https:\/\/aeroclubparana.org.ar\/web\/#website","url":"https:\/\/aeroclubparana.org.ar\/web\/","name":"Aeroclub Ciudad de Paran\u00e1","description":"","potentialAction":[{"@type":"SearchAction","target":{"@type":"EntryPoint","urlTemplate":"https:\/\/aeroclubparana.org.ar\/web\/?s={search_term_string}"},"query-input":"required name=search_term_string"}],"inLanguage":"es"},{"@type":"Person","@id":"https:\/\/aeroclubparana.org.ar\/web\/#\/schema\/person\/30f08c2720d348886b3c95c716eda4ee","name":"Aeroclub Paran\u00e1","image":{"@type":"ImageObject","inLanguage":"es","@id":"https:\/\/aeroclubparana.org.ar\/web\/#\/schema\/person\/image\/","url":"https:\/\/secure.gravatar.com\/avatar\/bf5974e327a751bee34ee94520c70420?s=96&d=mm&r=g","contentUrl":"https:\/\/secure.gravatar.com\/avatar\/bf5974e327a751bee34ee94520c70420?s=96&d=mm&r=g","caption":"Aeroclub Paran\u00e1"},"url":"https:\/\/aeroclubparana.org.ar\/web\/index.php\/author\/aeroclubparana\/"}]}},"_links":{"self":[{"href":"https:\/\/aeroclubparana.org.ar\/web\/index.php\/wp-json\/wp\/v2\/posts\/1042","targetHints":{"allow":["GET"]}}],"collection":[{"href":"https:\/\/aeroclubparana.org.ar\/web\/index.php\/wp-json\/wp\/v2\/posts"}],"about":[{"href":"https:\/\/aeroclubparana.org.ar\/web\/index.php\/wp-json\/wp\/v2\/types\/post"}],"author":[{"embeddable":true,"href":"https:\/\/aeroclubparana.org.ar\/web\/index.php\/wp-json\/wp\/v2\/users\/2"}],"replies":[{"embeddable":true,"href":"https:\/\/aeroclubparana.org.ar\/web\/index.php\/wp-json\/wp\/v2\/comments?post=1042"}],"version-history":[{"count":3,"href":"https:\/\/aeroclubparana.org.ar\/web\/index.php\/wp-json\/wp\/v2\/posts\/1042\/revisions"}],"predecessor-version":[{"id":1059,"href":"https:\/\/aeroclubparana.org.ar\/web\/index.php\/wp-json\/wp\/v2\/posts\/1042\/revisions\/1059"}],"wp:featuredmedia":[{"embeddable":true,"href":"https:\/\/aeroclubparana.org.ar\/web\/index.php\/wp-json\/wp\/v2\/media\/1056"}],"wp:attachment":[{"href":"https:\/\/aeroclubparana.org.ar\/web\/index.php\/wp-json\/wp\/v2\/media?parent=1042"}],"wp:term":[{"taxonomy":"category","embeddable":true,"href":"https:\/\/aeroclubparana.org.ar\/web\/index.php\/wp-json\/wp\/v2\/categories?post=1042"},{"taxonomy":"post_tag","embeddable":true,"href":"https:\/\/aeroclubparana.org.ar\/web\/index.php\/wp-json\/wp\/v2\/tags?post=1042"}],"curies":[{"name":"wp","href":"https:\/\/api.w.org\/{rel}","templated":true}]}}