{"id":1020,"date":"2022-06-26T14:09:04","date_gmt":"2022-06-26T14:09:04","guid":{"rendered":"https:\/\/aeroclubparana.org.ar\/web\/?p=1020"},"modified":"2022-06-26T14:34:03","modified_gmt":"2022-06-26T14:34:03","slug":"charla-taller-sobre-crm-ffhh-lo-acontecido","status":"publish","type":"post","link":"https:\/\/aeroclubparana.org.ar\/web\/index.php\/2022\/06\/26\/charla-taller-sobre-crm-ffhh-lo-acontecido\/","title":{"rendered":"Charla\/Taller sobre CRM-FFHH. Lo acontecido."},"content":{"rendered":"\n<p class=\"has-black-color has-text-color\">En la tarde del S\u00e1bado 25\/06, se llev\u00f3 a cabo en el SUM del Aeroclub, la 4a. Charla\/Taller dirigida a Alumnos, Alumnas, Pilotos e Instructores de Vuelo de nuestra Instituci\u00f3n. La misma estuvo a cargo del IV-TLA-FO A330, Eduardo Uribe quien desarroll\u00f3 el temario \u00ab<em>Factores Humanos, Identificaci\u00f3n y Gesti\u00f3n de Peligros y\/o Riesgos<\/em>\u00bb y sobre el particular, conceptos sobre \u00ab<em>Motivaci\u00f3n<\/em>\u00ab, tipos, \u00ab<em>Jerarqu\u00eda de las necesidades de Maslow<\/em>\u00ab, \u00ab<em>Liderazgo<\/em>\u00ab, y \u00ab<em>Cultura organizacional<\/em>\u00ab.<\/p>\n\n\n\n<p class=\"has-black-color has-text-color\">Luego de un break para un cafecito y mates, se di\u00f3 inicio a la segunda parte de la Charla, abordando temas como \u00ab<em>Or\u00edgen del CRM<\/em>\u00ab, conceptos fundamentales, \u00ab<em>Factores Humanos y el Gerenciamiento del Error y las Amenzas (TEM-Threat and Error Management<\/em>)\u00bb, con el objeto que los participantes puedan aplicar los conocimientos en el \u00e1mbito de nuestras operaciones.<\/p>\n\n\n\n<p class=\"has-black-color has-text-color\">Por \u00faltimo, se trat\u00f3 el caso del accidente ocurrido el 27 de Marzo de 1977, Boeing 747, Matr\u00edcula PH-BUF de K.L.M. y el<br>Boeing 747, matr\u00edcula N736PA de PANAM, considerado como punto de inflexi\u00f3n e inicio del estudio del CRM-FFHH. Sobre el particular, Eduardo Uribe, brind\u00f3 algunas precisiones sobre este accidente que fueron seguidas con mucha atenci\u00f3n, y que originaron un interesante ida y vuelta con el auditorio.<\/p>\n\n\n\n<p class=\"has-black-color has-text-color\">Desde nuestro Aeroclub, su CD y CIAC, queremos agradecer la excelente predisposici\u00f3n de Eduardo Uribe, por ofrecer su tiempo para dedicarlo a los interesados en conocer un poquito m\u00e1s o iniciarse en esta disciplina. Si luego de esta charla, qued\u00f3 la voluntad de \u00abgooglear\u00bb sobre este tema, y\/o consultarnos por las distintas v\u00edas que tenemos a disposici\u00f3n, el objetivo est\u00e1 cumplido. Todos y a diario, nos movemos en ambientes (sistemas) en donde interactuamos con otras personas, equipos\/m\u00e1quinas, y comunicaciones en sus distintas formas, todos, elementos del CRM y los FFHH.<\/p>\n\n\n\n<p class=\"has-black-color has-text-color\">Muchas gracias Eduardo y muchas gracias a los que acompa\u00f1aron y acompa\u00f1an estas iniciativas de nuestro CIAC. Ya estamos trabajando para abordar en breve, temas como M\u00e1rgenes, Meteorolog\u00eda, e Ingles OACI 5. Informaremos.<\/p>\n\n\n\n<figure class=\"wp-block-gallery has-nested-images columns-default is-cropped wp-block-gallery-1 is-layout-flex wp-block-gallery-is-layout-flex\">\n<figure class=\"wp-block-image size-large\"><a href=\"https:\/\/aeroclubparana.org.ar\/web\/wp-content\/uploads\/2022\/06\/CRM_2.jpeg\"><img loading=\"lazy\" decoding=\"async\" width=\"1024\" height=\"768\" data-id=\"1033\" src=\"https:\/\/aeroclubparana.org.ar\/web\/wp-content\/uploads\/2022\/06\/CRM_2-1024x768.jpeg\" alt=\"\" class=\"wp-image-1033\" srcset=\"https:\/\/aeroclubparana.org.ar\/web\/wp-content\/uploads\/2022\/06\/CRM_2-1024x768.jpeg 1024w, https:\/\/aeroclubparana.org.ar\/web\/wp-content\/uploads\/2022\/06\/CRM_2-300x225.jpeg 300w, https:\/\/aeroclubparana.org.ar\/web\/wp-content\/uploads\/2022\/06\/CRM_2-768x576.jpeg 768w, https:\/\/aeroclubparana.org.ar\/web\/wp-content\/uploads\/2022\/06\/CRM_2-1536x1152.jpeg 1536w, https:\/\/aeroclubparana.org.ar\/web\/wp-content\/uploads\/2022\/06\/CRM_2-1080x810.jpeg 1080w, https:\/\/aeroclubparana.org.ar\/web\/wp-content\/uploads\/2022\/06\/CRM_2.jpeg 1600w\" sizes=\"auto, (max-width: 1024px) 100vw, 1024px\" \/><\/a><\/figure>\n\n\n\n<figure class=\"wp-block-image size-large\"><a href=\"https:\/\/aeroclubparana.org.ar\/web\/wp-content\/uploads\/2022\/06\/CRM_3.jpeg\"><img loading=\"lazy\" decoding=\"async\" width=\"1024\" height=\"768\" data-id=\"1021\" src=\"https:\/\/aeroclubparana.org.ar\/web\/wp-content\/uploads\/2022\/06\/CRM_3-1024x768.jpeg\" alt=\"\" class=\"wp-image-1021\" srcset=\"https:\/\/aeroclubparana.org.ar\/web\/wp-content\/uploads\/2022\/06\/CRM_3-1024x768.jpeg 1024w, https:\/\/aeroclubparana.org.ar\/web\/wp-content\/uploads\/2022\/06\/CRM_3-300x225.jpeg 300w, https:\/\/aeroclubparana.org.ar\/web\/wp-content\/uploads\/2022\/06\/CRM_3-768x576.jpeg 768w, https:\/\/aeroclubparana.org.ar\/web\/wp-content\/uploads\/2022\/06\/CRM_3-1536x1152.jpeg 1536w, https:\/\/aeroclubparana.org.ar\/web\/wp-content\/uploads\/2022\/06\/CRM_3-1080x810.jpeg 1080w, https:\/\/aeroclubparana.org.ar\/web\/wp-content\/uploads\/2022\/06\/CRM_3.jpeg 1600w\" sizes=\"auto, (max-width: 1024px) 100vw, 1024px\" \/><\/a><\/figure>\n\n\n\n<figure class=\"wp-block-image size-large\"><a href=\"https:\/\/aeroclubparana.org.ar\/web\/wp-content\/uploads\/2022\/06\/CRM_4.jpeg\"><img loading=\"lazy\" decoding=\"async\" width=\"1024\" height=\"768\" data-id=\"1028\" src=\"https:\/\/aeroclubparana.org.ar\/web\/wp-content\/uploads\/2022\/06\/CRM_4-1024x768.jpeg\" alt=\"\" class=\"wp-image-1028\" srcset=\"https:\/\/aeroclubparana.org.ar\/web\/wp-content\/uploads\/2022\/06\/CRM_4-1024x768.jpeg 1024w, https:\/\/aeroclubparana.org.ar\/web\/wp-content\/uploads\/2022\/06\/CRM_4-300x225.jpeg 300w, https:\/\/aeroclubparana.org.ar\/web\/wp-content\/uploads\/2022\/06\/CRM_4-768x576.jpeg 768w, https:\/\/aeroclubparana.org.ar\/web\/wp-content\/uploads\/2022\/06\/CRM_4-1536x1152.jpeg 1536w, https:\/\/aeroclubparana.org.ar\/web\/wp-content\/uploads\/2022\/06\/CRM_4-1080x810.jpeg 1080w, https:\/\/aeroclubparana.org.ar\/web\/wp-content\/uploads\/2022\/06\/CRM_4.jpeg 1600w\" sizes=\"auto, (max-width: 1024px) 100vw, 1024px\" \/><\/a><\/figure>\n\n\n\n<figure class=\"wp-block-image size-large\"><a href=\"https:\/\/aeroclubparana.org.ar\/web\/wp-content\/uploads\/2022\/06\/CRM_5.jpeg\"><img loading=\"lazy\" decoding=\"async\" width=\"1024\" height=\"768\" data-id=\"1022\" src=\"https:\/\/aeroclubparana.org.ar\/web\/wp-content\/uploads\/2022\/06\/CRM_5-1024x768.jpeg\" alt=\"\" class=\"wp-image-1022\" srcset=\"https:\/\/aeroclubparana.org.ar\/web\/wp-content\/uploads\/2022\/06\/CRM_5-1024x768.jpeg 1024w, https:\/\/aeroclubparana.org.ar\/web\/wp-content\/uploads\/2022\/06\/CRM_5-300x225.jpeg 300w, https:\/\/aeroclubparana.org.ar\/web\/wp-content\/uploads\/2022\/06\/CRM_5-768x576.jpeg 768w, https:\/\/aeroclubparana.org.ar\/web\/wp-content\/uploads\/2022\/06\/CRM_5-1536x1152.jpeg 1536w, https:\/\/aeroclubparana.org.ar\/web\/wp-content\/uploads\/2022\/06\/CRM_5-1080x810.jpeg 1080w, https:\/\/aeroclubparana.org.ar\/web\/wp-content\/uploads\/2022\/06\/CRM_5.jpeg 1600w\" sizes=\"auto, (max-width: 1024px) 100vw, 1024px\" \/><\/a><\/figure>\n\n\n\n<figure class=\"wp-block-image size-large\"><a href=\"https:\/\/aeroclubparana.org.ar\/web\/wp-content\/uploads\/2022\/06\/CRM_6.jpeg\"><img loading=\"lazy\" decoding=\"async\" width=\"1024\" height=\"768\" data-id=\"1025\" src=\"https:\/\/aeroclubparana.org.ar\/web\/wp-content\/uploads\/2022\/06\/CRM_6-1024x768.jpeg\" alt=\"\" class=\"wp-image-1025\" srcset=\"https:\/\/aeroclubparana.org.ar\/web\/wp-content\/uploads\/2022\/06\/CRM_6-1024x768.jpeg 1024w, https:\/\/aeroclubparana.org.ar\/web\/wp-content\/uploads\/2022\/06\/CRM_6-300x225.jpeg 300w, https:\/\/aeroclubparana.org.ar\/web\/wp-content\/uploads\/2022\/06\/CRM_6-768x576.jpeg 768w, https:\/\/aeroclubparana.org.ar\/web\/wp-content\/uploads\/2022\/06\/CRM_6-1536x1152.jpeg 1536w, https:\/\/aeroclubparana.org.ar\/web\/wp-content\/uploads\/2022\/06\/CRM_6-1080x810.jpeg 1080w, https:\/\/aeroclubparana.org.ar\/web\/wp-content\/uploads\/2022\/06\/CRM_6.jpeg 1600w\" sizes=\"auto, (max-width: 1024px) 100vw, 1024px\" \/><\/a><\/figure>\n\n\n\n<figure class=\"wp-block-image size-large\"><a href=\"https:\/\/aeroclubparana.org.ar\/web\/wp-content\/uploads\/2022\/06\/CRM_7.jpeg\"><img loading=\"lazy\" decoding=\"async\" width=\"1024\" height=\"768\" data-id=\"1027\" src=\"https:\/\/aeroclubparana.org.ar\/web\/wp-content\/uploads\/2022\/06\/CRM_7-1024x768.jpeg\" alt=\"\" class=\"wp-image-1027\" srcset=\"https:\/\/aeroclubparana.org.ar\/web\/wp-content\/uploads\/2022\/06\/CRM_7-1024x768.jpeg 1024w, https:\/\/aeroclubparana.org.ar\/web\/wp-content\/uploads\/2022\/06\/CRM_7-300x225.jpeg 300w, https:\/\/aeroclubparana.org.ar\/web\/wp-content\/uploads\/2022\/06\/CRM_7-768x576.jpeg 768w, https:\/\/aeroclubparana.org.ar\/web\/wp-content\/uploads\/2022\/06\/CRM_7-1536x1152.jpeg 1536w, https:\/\/aeroclubparana.org.ar\/web\/wp-content\/uploads\/2022\/06\/CRM_7-1080x810.jpeg 1080w, https:\/\/aeroclubparana.org.ar\/web\/wp-content\/uploads\/2022\/06\/CRM_7.jpeg 1600w\" sizes=\"auto, (max-width: 1024px) 100vw, 1024px\" \/><\/a><\/figure>\n\n\n\n<figure class=\"wp-block-image size-large\"><a href=\"https:\/\/aeroclubparana.org.ar\/web\/wp-content\/uploads\/2022\/06\/CRM_8.jpeg\"><img loading=\"lazy\" decoding=\"async\" width=\"1024\" height=\"768\" data-id=\"1023\" src=\"https:\/\/aeroclubparana.org.ar\/web\/wp-content\/uploads\/2022\/06\/CRM_8-1024x768.jpeg\" alt=\"\" class=\"wp-image-1023\" srcset=\"https:\/\/aeroclubparana.org.ar\/web\/wp-content\/uploads\/2022\/06\/CRM_8-1024x768.jpeg 1024w, https:\/\/aeroclubparana.org.ar\/web\/wp-content\/uploads\/2022\/06\/CRM_8-300x225.jpeg 300w, https:\/\/aeroclubparana.org.ar\/web\/wp-content\/uploads\/2022\/06\/CRM_8-768x576.jpeg 768w, https:\/\/aeroclubparana.org.ar\/web\/wp-content\/uploads\/2022\/06\/CRM_8-1536x1152.jpeg 1536w, https:\/\/aeroclubparana.org.ar\/web\/wp-content\/uploads\/2022\/06\/CRM_8-1080x810.jpeg 1080w, https:\/\/aeroclubparana.org.ar\/web\/wp-content\/uploads\/2022\/06\/CRM_8.jpeg 1600w\" sizes=\"auto, (max-width: 1024px) 100vw, 1024px\" \/><\/a><\/figure>\n\n\n\n<figure class=\"wp-block-image size-large\"><a href=\"https:\/\/aeroclubparana.org.ar\/web\/wp-content\/uploads\/2022\/06\/CRM_9.jpeg\"><img loading=\"lazy\" decoding=\"async\" width=\"1024\" height=\"768\" data-id=\"1029\" src=\"https:\/\/aeroclubparana.org.ar\/web\/wp-content\/uploads\/2022\/06\/CRM_9-1024x768.jpeg\" alt=\"\" class=\"wp-image-1029\" srcset=\"https:\/\/aeroclubparana.org.ar\/web\/wp-content\/uploads\/2022\/06\/CRM_9-1024x768.jpeg 1024w, https:\/\/aeroclubparana.org.ar\/web\/wp-content\/uploads\/2022\/06\/CRM_9-300x225.jpeg 300w, https:\/\/aeroclubparana.org.ar\/web\/wp-content\/uploads\/2022\/06\/CRM_9-768x576.jpeg 768w, https:\/\/aeroclubparana.org.ar\/web\/wp-content\/uploads\/2022\/06\/CRM_9-1536x1152.jpeg 1536w, https:\/\/aeroclubparana.org.ar\/web\/wp-content\/uploads\/2022\/06\/CRM_9-1080x810.jpeg 1080w, https:\/\/aeroclubparana.org.ar\/web\/wp-content\/uploads\/2022\/06\/CRM_9.jpeg 1600w\" sizes=\"auto, (max-width: 1024px) 100vw, 1024px\" \/><\/a><\/figure>\n\n\n\n<figure class=\"wp-block-image size-large\"><a href=\"https:\/\/aeroclubparana.org.ar\/web\/wp-content\/uploads\/2022\/06\/CRM_91.jpeg\"><img loading=\"lazy\" decoding=\"async\" width=\"1024\" height=\"768\" data-id=\"1024\" src=\"https:\/\/aeroclubparana.org.ar\/web\/wp-content\/uploads\/2022\/06\/CRM_91-1024x768.jpeg\" alt=\"\" class=\"wp-image-1024\" srcset=\"https:\/\/aeroclubparana.org.ar\/web\/wp-content\/uploads\/2022\/06\/CRM_91-1024x768.jpeg 1024w, https:\/\/aeroclubparana.org.ar\/web\/wp-content\/uploads\/2022\/06\/CRM_91-300x225.jpeg 300w, https:\/\/aeroclubparana.org.ar\/web\/wp-content\/uploads\/2022\/06\/CRM_91-768x576.jpeg 768w, https:\/\/aeroclubparana.org.ar\/web\/wp-content\/uploads\/2022\/06\/CRM_91-1536x1152.jpeg 1536w, https:\/\/aeroclubparana.org.ar\/web\/wp-content\/uploads\/2022\/06\/CRM_91-1080x810.jpeg 1080w, https:\/\/aeroclubparana.org.ar\/web\/wp-content\/uploads\/2022\/06\/CRM_91.jpeg 1600w\" sizes=\"auto, (max-width: 1024px) 100vw, 1024px\" \/><\/a><\/figure>\n\n\n\n<figure class=\"wp-block-image size-large\"><a href=\"https:\/\/aeroclubparana.org.ar\/web\/wp-content\/uploads\/2022\/06\/CRM_92.jpeg\"><img loading=\"lazy\" decoding=\"async\" width=\"1024\" height=\"768\" data-id=\"1031\" src=\"https:\/\/aeroclubparana.org.ar\/web\/wp-content\/uploads\/2022\/06\/CRM_92-1024x768.jpeg\" alt=\"\" class=\"wp-image-1031\" srcset=\"https:\/\/aeroclubparana.org.ar\/web\/wp-content\/uploads\/2022\/06\/CRM_92-1024x768.jpeg 1024w, https:\/\/aeroclubparana.org.ar\/web\/wp-content\/uploads\/2022\/06\/CRM_92-300x225.jpeg 300w, https:\/\/aeroclubparana.org.ar\/web\/wp-content\/uploads\/2022\/06\/CRM_92-768x576.jpeg 768w, https:\/\/aeroclubparana.org.ar\/web\/wp-content\/uploads\/2022\/06\/CRM_92-1536x1152.jpeg 1536w, https:\/\/aeroclubparana.org.ar\/web\/wp-content\/uploads\/2022\/06\/CRM_92-1080x810.jpeg 1080w, https:\/\/aeroclubparana.org.ar\/web\/wp-content\/uploads\/2022\/06\/CRM_92.jpeg 1600w\" sizes=\"auto, (max-width: 1024px) 100vw, 1024px\" \/><\/a><\/figure>\n\n\n\n<figure class=\"wp-block-image size-large\"><a href=\"https:\/\/aeroclubparana.org.ar\/web\/wp-content\/uploads\/2022\/06\/CRM_93.jpeg\"><img loading=\"lazy\" decoding=\"async\" width=\"1024\" height=\"768\" data-id=\"1032\" src=\"https:\/\/aeroclubparana.org.ar\/web\/wp-content\/uploads\/2022\/06\/CRM_93-1024x768.jpeg\" alt=\"\" class=\"wp-image-1032\" srcset=\"https:\/\/aeroclubparana.org.ar\/web\/wp-content\/uploads\/2022\/06\/CRM_93-1024x768.jpeg 1024w, https:\/\/aeroclubparana.org.ar\/web\/wp-content\/uploads\/2022\/06\/CRM_93-300x225.jpeg 300w, https:\/\/aeroclubparana.org.ar\/web\/wp-content\/uploads\/2022\/06\/CRM_93-768x576.jpeg 768w, https:\/\/aeroclubparana.org.ar\/web\/wp-content\/uploads\/2022\/06\/CRM_93-1536x1152.jpeg 1536w, https:\/\/aeroclubparana.org.ar\/web\/wp-content\/uploads\/2022\/06\/CRM_93-1080x810.jpeg 1080w, https:\/\/aeroclubparana.org.ar\/web\/wp-content\/uploads\/2022\/06\/CRM_93.jpeg 1600w\" sizes=\"auto, (max-width: 1024px) 100vw, 1024px\" \/><\/a><\/figure>\n\n\n\n<figure class=\"wp-block-image size-large\"><a href=\"https:\/\/aeroclubparana.org.ar\/web\/wp-content\/uploads\/2022\/06\/CRM_94.jpeg\"><img loading=\"lazy\" decoding=\"async\" width=\"1024\" height=\"768\" data-id=\"1030\" src=\"https:\/\/aeroclubparana.org.ar\/web\/wp-content\/uploads\/2022\/06\/CRM_94-1024x768.jpeg\" alt=\"\" class=\"wp-image-1030\" srcset=\"https:\/\/aeroclubparana.org.ar\/web\/wp-content\/uploads\/2022\/06\/CRM_94-1024x768.jpeg 1024w, https:\/\/aeroclubparana.org.ar\/web\/wp-content\/uploads\/2022\/06\/CRM_94-300x225.jpeg 300w, https:\/\/aeroclubparana.org.ar\/web\/wp-content\/uploads\/2022\/06\/CRM_94-768x576.jpeg 768w, https:\/\/aeroclubparana.org.ar\/web\/wp-content\/uploads\/2022\/06\/CRM_94-1536x1152.jpeg 1536w, https:\/\/aeroclubparana.org.ar\/web\/wp-content\/uploads\/2022\/06\/CRM_94-1080x810.jpeg 1080w, https:\/\/aeroclubparana.org.ar\/web\/wp-content\/uploads\/2022\/06\/CRM_94.jpeg 1600w\" sizes=\"auto, (max-width: 1024px) 100vw, 1024px\" \/><\/a><\/figure>\n\n\n\n<figure class=\"wp-block-image size-large\"><a href=\"https:\/\/aeroclubparana.org.ar\/web\/wp-content\/uploads\/2022\/06\/CRM_95.jpeg\"><img loading=\"lazy\" decoding=\"async\" width=\"1024\" height=\"768\" data-id=\"1026\" src=\"https:\/\/aeroclubparana.org.ar\/web\/wp-content\/uploads\/2022\/06\/CRM_95-1024x768.jpeg\" alt=\"\" class=\"wp-image-1026\" srcset=\"https:\/\/aeroclubparana.org.ar\/web\/wp-content\/uploads\/2022\/06\/CRM_95-1024x768.jpeg 1024w, https:\/\/aeroclubparana.org.ar\/web\/wp-content\/uploads\/2022\/06\/CRM_95-300x225.jpeg 300w, https:\/\/aeroclubparana.org.ar\/web\/wp-content\/uploads\/2022\/06\/CRM_95-768x576.jpeg 768w, https:\/\/aeroclubparana.org.ar\/web\/wp-content\/uploads\/2022\/06\/CRM_95-1536x1152.jpeg 1536w, https:\/\/aeroclubparana.org.ar\/web\/wp-content\/uploads\/2022\/06\/CRM_95-1080x810.jpeg 1080w, https:\/\/aeroclubparana.org.ar\/web\/wp-content\/uploads\/2022\/06\/CRM_95.jpeg 1600w\" sizes=\"auto, (max-width: 1024px) 100vw, 1024px\" \/><\/a><\/figure>\n<\/figure>\n","protected":false},"excerpt":{"rendered":"<p>En la tarde del S\u00e1bado 25\/06, se llev\u00f3 a cabo en el SUM del Aeroclub, la 4a. Charla\/Taller dirigida a Alumnos, Alumnas, Pilotos e Instructores de Vuelo de nuestra Instituci\u00f3n. La misma estuvo a cargo del IV-TLA-FO A330, Eduardo Uribe quien desarroll\u00f3 el temario \u00abFactores Humanos, Identificaci\u00f3n y Gesti\u00f3n de Peligros y\/o Riesgos\u00bb y sobre [&hellip;]<\/p>\n","protected":false},"author":2,"featured_media":1036,"comment_status":"open","ping_status":"open","sticky":false,"template":"","format":"standard","meta":{"_et_pb_use_builder":"","_et_pb_old_content":"","_et_gb_content_width":"","footnotes":""},"categories":[1],"tags":[],"class_list":["post-1020","post","type-post","status-publish","format-standard","has-post-thumbnail","hentry","category-uncategorized","et-has-post-format-content","et_post_format-et-post-format-standard"],"yoast_head":"<!-- This site is optimized with the Yoast SEO plugin v22.8 - https:\/\/yoast.com\/wordpress\/plugins\/seo\/ -->\n<title>Charla\/Taller sobre CRM-FFHH. Lo acontecido. - Aeroclub Ciudad de Paran\u00e1<\/title>\n<meta name=\"robots\" content=\"index, follow, max-snippet:-1, max-image-preview:large, max-video-preview:-1\" \/>\n<link rel=\"canonical\" href=\"https:\/\/aeroclubparana.org.ar\/web\/index.php\/2022\/06\/26\/charla-taller-sobre-crm-ffhh-lo-acontecido\/\" \/>\n<meta property=\"og:locale\" content=\"es_ES\" \/>\n<meta property=\"og:type\" content=\"article\" \/>\n<meta property=\"og:title\" content=\"Charla\/Taller sobre CRM-FFHH. Lo acontecido. - Aeroclub Ciudad de Paran\u00e1\" \/>\n<meta property=\"og:description\" content=\"En la tarde del S\u00e1bado 25\/06, se llev\u00f3 a cabo en el SUM del Aeroclub, la 4a. Charla\/Taller dirigida a Alumnos, Alumnas, Pilotos e Instructores de Vuelo de nuestra Instituci\u00f3n. La misma estuvo a cargo del IV-TLA-FO A330, Eduardo Uribe quien desarroll\u00f3 el temario \u00abFactores Humanos, Identificaci\u00f3n y Gesti\u00f3n de Peligros y\/o Riesgos\u00bb y sobre [&hellip;]\" \/>\n<meta property=\"og:url\" content=\"https:\/\/aeroclubparana.org.ar\/web\/index.php\/2022\/06\/26\/charla-taller-sobre-crm-ffhh-lo-acontecido\/\" \/>\n<meta property=\"og:site_name\" content=\"Aeroclub Ciudad de Paran\u00e1\" \/>\n<meta property=\"article:published_time\" content=\"2022-06-26T14:09:04+00:00\" \/>\n<meta property=\"article:modified_time\" content=\"2022-06-26T14:34:03+00:00\" \/>\n<meta property=\"og:image\" content=\"https:\/\/aeroclubparana.org.ar\/web\/wp-content\/uploads\/2022\/06\/CRM_96-1.jpeg\" \/>\n\t<meta property=\"og:image:width\" content=\"820\" \/>\n\t<meta property=\"og:image:height\" content=\"615\" \/>\n\t<meta property=\"og:image:type\" content=\"image\/jpeg\" \/>\n<meta name=\"author\" content=\"Aeroclub Paran\u00e1\" \/>\n<meta name=\"twitter:card\" content=\"summary_large_image\" \/>\n<meta name=\"twitter:label1\" content=\"Escrito por\" \/>\n\t<meta name=\"twitter:data1\" content=\"Aeroclub Paran\u00e1\" \/>\n\t<meta name=\"twitter:label2\" content=\"Tiempo de lectura\" \/>\n\t<meta name=\"twitter:data2\" content=\"4 minutos\" \/>\n<script type=\"application\/ld+json\" class=\"yoast-schema-graph\">{\"@context\":\"https:\/\/schema.org\",\"@graph\":[{\"@type\":\"WebPage\",\"@id\":\"https:\/\/aeroclubparana.org.ar\/web\/index.php\/2022\/06\/26\/charla-taller-sobre-crm-ffhh-lo-acontecido\/\",\"url\":\"https:\/\/aeroclubparana.org.ar\/web\/index.php\/2022\/06\/26\/charla-taller-sobre-crm-ffhh-lo-acontecido\/\",\"name\":\"Charla\/Taller sobre CRM-FFHH. Lo acontecido. - Aeroclub Ciudad de Paran\u00e1\",\"isPartOf\":{\"@id\":\"https:\/\/aeroclubparana.org.ar\/web\/#website\"},\"primaryImageOfPage\":{\"@id\":\"https:\/\/aeroclubparana.org.ar\/web\/index.php\/2022\/06\/26\/charla-taller-sobre-crm-ffhh-lo-acontecido\/#primaryimage\"},\"image\":{\"@id\":\"https:\/\/aeroclubparana.org.ar\/web\/index.php\/2022\/06\/26\/charla-taller-sobre-crm-ffhh-lo-acontecido\/#primaryimage\"},\"thumbnailUrl\":\"https:\/\/aeroclubparana.org.ar\/web\/wp-content\/uploads\/2022\/06\/CRM_96-1.jpeg\",\"datePublished\":\"2022-06-26T14:09:04+00:00\",\"dateModified\":\"2022-06-26T14:34:03+00:00\",\"author\":{\"@id\":\"https:\/\/aeroclubparana.org.ar\/web\/#\/schema\/person\/30f08c2720d348886b3c95c716eda4ee\"},\"breadcrumb\":{\"@id\":\"https:\/\/aeroclubparana.org.ar\/web\/index.php\/2022\/06\/26\/charla-taller-sobre-crm-ffhh-lo-acontecido\/#breadcrumb\"},\"inLanguage\":\"es\",\"potentialAction\":[{\"@type\":\"ReadAction\",\"target\":[\"https:\/\/aeroclubparana.org.ar\/web\/index.php\/2022\/06\/26\/charla-taller-sobre-crm-ffhh-lo-acontecido\/\"]}]},{\"@type\":\"ImageObject\",\"inLanguage\":\"es\",\"@id\":\"https:\/\/aeroclubparana.org.ar\/web\/index.php\/2022\/06\/26\/charla-taller-sobre-crm-ffhh-lo-acontecido\/#primaryimage\",\"url\":\"https:\/\/aeroclubparana.org.ar\/web\/wp-content\/uploads\/2022\/06\/CRM_96-1.jpeg\",\"contentUrl\":\"https:\/\/aeroclubparana.org.ar\/web\/wp-content\/uploads\/2022\/06\/CRM_96-1.jpeg\",\"width\":820,\"height\":615},{\"@type\":\"BreadcrumbList\",\"@id\":\"https:\/\/aeroclubparana.org.ar\/web\/index.php\/2022\/06\/26\/charla-taller-sobre-crm-ffhh-lo-acontecido\/#breadcrumb\",\"itemListElement\":[{\"@type\":\"ListItem\",\"position\":1,\"name\":\"Home\",\"item\":\"https:\/\/aeroclubparana.org.ar\/web\/\"},{\"@type\":\"ListItem\",\"position\":2,\"name\":\"Charla\/Taller sobre CRM-FFHH. Lo acontecido.\"}]},{\"@type\":\"WebSite\",\"@id\":\"https:\/\/aeroclubparana.org.ar\/web\/#website\",\"url\":\"https:\/\/aeroclubparana.org.ar\/web\/\",\"name\":\"Aeroclub Ciudad de Paran\u00e1\",\"description\":\"\",\"potentialAction\":[{\"@type\":\"SearchAction\",\"target\":{\"@type\":\"EntryPoint\",\"urlTemplate\":\"https:\/\/aeroclubparana.org.ar\/web\/?s={search_term_string}\"},\"query-input\":\"required name=search_term_string\"}],\"inLanguage\":\"es\"},{\"@type\":\"Person\",\"@id\":\"https:\/\/aeroclubparana.org.ar\/web\/#\/schema\/person\/30f08c2720d348886b3c95c716eda4ee\",\"name\":\"Aeroclub Paran\u00e1\",\"image\":{\"@type\":\"ImageObject\",\"inLanguage\":\"es\",\"@id\":\"https:\/\/aeroclubparana.org.ar\/web\/#\/schema\/person\/image\/\",\"url\":\"https:\/\/secure.gravatar.com\/avatar\/bf5974e327a751bee34ee94520c70420?s=96&d=mm&r=g\",\"contentUrl\":\"https:\/\/secure.gravatar.com\/avatar\/bf5974e327a751bee34ee94520c70420?s=96&d=mm&r=g\",\"caption\":\"Aeroclub Paran\u00e1\"},\"url\":\"https:\/\/aeroclubparana.org.ar\/web\/index.php\/author\/aeroclubparana\/\"}]}<\/script>\n<!-- \/ Yoast SEO plugin. -->","yoast_head_json":{"title":"Charla\/Taller sobre CRM-FFHH. Lo acontecido. - Aeroclub Ciudad de Paran\u00e1","robots":{"index":"index","follow":"follow","max-snippet":"max-snippet:-1","max-image-preview":"max-image-preview:large","max-video-preview":"max-video-preview:-1"},"canonical":"https:\/\/aeroclubparana.org.ar\/web\/index.php\/2022\/06\/26\/charla-taller-sobre-crm-ffhh-lo-acontecido\/","og_locale":"es_ES","og_type":"article","og_title":"Charla\/Taller sobre CRM-FFHH. Lo acontecido. - Aeroclub Ciudad de Paran\u00e1","og_description":"En la tarde del S\u00e1bado 25\/06, se llev\u00f3 a cabo en el SUM del Aeroclub, la 4a. Charla\/Taller dirigida a Alumnos, Alumnas, Pilotos e Instructores de Vuelo de nuestra Instituci\u00f3n. La misma estuvo a cargo del IV-TLA-FO A330, Eduardo Uribe quien desarroll\u00f3 el temario \u00abFactores Humanos, Identificaci\u00f3n y Gesti\u00f3n de Peligros y\/o Riesgos\u00bb y sobre [&hellip;]","og_url":"https:\/\/aeroclubparana.org.ar\/web\/index.php\/2022\/06\/26\/charla-taller-sobre-crm-ffhh-lo-acontecido\/","og_site_name":"Aeroclub Ciudad de Paran\u00e1","article_published_time":"2022-06-26T14:09:04+00:00","article_modified_time":"2022-06-26T14:34:03+00:00","og_image":[{"width":820,"height":615,"url":"https:\/\/aeroclubparana.org.ar\/web\/wp-content\/uploads\/2022\/06\/CRM_96-1.jpeg","type":"image\/jpeg"}],"author":"Aeroclub Paran\u00e1","twitter_card":"summary_large_image","twitter_misc":{"Escrito por":"Aeroclub Paran\u00e1","Tiempo de lectura":"4 minutos"},"schema":{"@context":"https:\/\/schema.org","@graph":[{"@type":"WebPage","@id":"https:\/\/aeroclubparana.org.ar\/web\/index.php\/2022\/06\/26\/charla-taller-sobre-crm-ffhh-lo-acontecido\/","url":"https:\/\/aeroclubparana.org.ar\/web\/index.php\/2022\/06\/26\/charla-taller-sobre-crm-ffhh-lo-acontecido\/","name":"Charla\/Taller sobre CRM-FFHH. Lo acontecido. - Aeroclub Ciudad de Paran\u00e1","isPartOf":{"@id":"https:\/\/aeroclubparana.org.ar\/web\/#website"},"primaryImageOfPage":{"@id":"https:\/\/aeroclubparana.org.ar\/web\/index.php\/2022\/06\/26\/charla-taller-sobre-crm-ffhh-lo-acontecido\/#primaryimage"},"image":{"@id":"https:\/\/aeroclubparana.org.ar\/web\/index.php\/2022\/06\/26\/charla-taller-sobre-crm-ffhh-lo-acontecido\/#primaryimage"},"thumbnailUrl":"https:\/\/aeroclubparana.org.ar\/web\/wp-content\/uploads\/2022\/06\/CRM_96-1.jpeg","datePublished":"2022-06-26T14:09:04+00:00","dateModified":"2022-06-26T14:34:03+00:00","author":{"@id":"https:\/\/aeroclubparana.org.ar\/web\/#\/schema\/person\/30f08c2720d348886b3c95c716eda4ee"},"breadcrumb":{"@id":"https:\/\/aeroclubparana.org.ar\/web\/index.php\/2022\/06\/26\/charla-taller-sobre-crm-ffhh-lo-acontecido\/#breadcrumb"},"inLanguage":"es","potentialAction":[{"@type":"ReadAction","target":["https:\/\/aeroclubparana.org.ar\/web\/index.php\/2022\/06\/26\/charla-taller-sobre-crm-ffhh-lo-acontecido\/"]}]},{"@type":"ImageObject","inLanguage":"es","@id":"https:\/\/aeroclubparana.org.ar\/web\/index.php\/2022\/06\/26\/charla-taller-sobre-crm-ffhh-lo-acontecido\/#primaryimage","url":"https:\/\/aeroclubparana.org.ar\/web\/wp-content\/uploads\/2022\/06\/CRM_96-1.jpeg","contentUrl":"https:\/\/aeroclubparana.org.ar\/web\/wp-content\/uploads\/2022\/06\/CRM_96-1.jpeg","width":820,"height":615},{"@type":"BreadcrumbList","@id":"https:\/\/aeroclubparana.org.ar\/web\/index.php\/2022\/06\/26\/charla-taller-sobre-crm-ffhh-lo-acontecido\/#breadcrumb","itemListElement":[{"@type":"ListItem","position":1,"name":"Home","item":"https:\/\/aeroclubparana.org.ar\/web\/"},{"@type":"ListItem","position":2,"name":"Charla\/Taller sobre CRM-FFHH. Lo acontecido."}]},{"@type":"WebSite","@id":"https:\/\/aeroclubparana.org.ar\/web\/#website","url":"https:\/\/aeroclubparana.org.ar\/web\/","name":"Aeroclub Ciudad de Paran\u00e1","description":"","potentialAction":[{"@type":"SearchAction","target":{"@type":"EntryPoint","urlTemplate":"https:\/\/aeroclubparana.org.ar\/web\/?s={search_term_string}"},"query-input":"required name=search_term_string"}],"inLanguage":"es"},{"@type":"Person","@id":"https:\/\/aeroclubparana.org.ar\/web\/#\/schema\/person\/30f08c2720d348886b3c95c716eda4ee","name":"Aeroclub Paran\u00e1","image":{"@type":"ImageObject","inLanguage":"es","@id":"https:\/\/aeroclubparana.org.ar\/web\/#\/schema\/person\/image\/","url":"https:\/\/secure.gravatar.com\/avatar\/bf5974e327a751bee34ee94520c70420?s=96&d=mm&r=g","contentUrl":"https:\/\/secure.gravatar.com\/avatar\/bf5974e327a751bee34ee94520c70420?s=96&d=mm&r=g","caption":"Aeroclub Paran\u00e1"},"url":"https:\/\/aeroclubparana.org.ar\/web\/index.php\/author\/aeroclubparana\/"}]}},"_links":{"self":[{"href":"https:\/\/aeroclubparana.org.ar\/web\/index.php\/wp-json\/wp\/v2\/posts\/1020","targetHints":{"allow":["GET"]}}],"collection":[{"href":"https:\/\/aeroclubparana.org.ar\/web\/index.php\/wp-json\/wp\/v2\/posts"}],"about":[{"href":"https:\/\/aeroclubparana.org.ar\/web\/index.php\/wp-json\/wp\/v2\/types\/post"}],"author":[{"embeddable":true,"href":"https:\/\/aeroclubparana.org.ar\/web\/index.php\/wp-json\/wp\/v2\/users\/2"}],"replies":[{"embeddable":true,"href":"https:\/\/aeroclubparana.org.ar\/web\/index.php\/wp-json\/wp\/v2\/comments?post=1020"}],"version-history":[{"count":3,"href":"https:\/\/aeroclubparana.org.ar\/web\/index.php\/wp-json\/wp\/v2\/posts\/1020\/revisions"}],"predecessor-version":[{"id":1040,"href":"https:\/\/aeroclubparana.org.ar\/web\/index.php\/wp-json\/wp\/v2\/posts\/1020\/revisions\/1040"}],"wp:featuredmedia":[{"embeddable":true,"href":"https:\/\/aeroclubparana.org.ar\/web\/index.php\/wp-json\/wp\/v2\/media\/1036"}],"wp:attachment":[{"href":"https:\/\/aeroclubparana.org.ar\/web\/index.php\/wp-json\/wp\/v2\/media?parent=1020"}],"wp:term":[{"taxonomy":"category","embeddable":true,"href":"https:\/\/aeroclubparana.org.ar\/web\/index.php\/wp-json\/wp\/v2\/categories?post=1020"},{"taxonomy":"post_tag","embeddable":true,"href":"https:\/\/aeroclubparana.org.ar\/web\/index.php\/wp-json\/wp\/v2\/tags?post=1020"}],"curies":[{"name":"wp","href":"https:\/\/api.w.org\/{rel}","templated":true}]}}